{"id":9323,"date":"2025-03-31T08:39:00","date_gmt":"2025-03-31T06:39:00","guid":{"rendered":"https:\/\/agora.xtec.cat\/iesfredericmarti\/?p=9323"},"modified":"2025-03-31T08:39:00","modified_gmt":"2025-03-31T06:39:00","slug":"jornada-de-portes-obertes-de-batxillerat-2025-2","status":"publish","type":"post","link":"https:\/\/agora.xtec.cat\/iesfredericmarti\/batxillerat\/jornada-de-portes-obertes-de-batxillerat-2025-2\/","title":{"rendered":"JORNADA DE PORTES OBERTES DE BATXILLERAT 2025"},"content":{"rendered":"<p><a href=\"https:\/\/agora.xtec.cat\/iesfredericmarti\/wp-content\/uploads\/usu920\/2025\/02\/Portes-Obertes-BTX-2025.pdf\" target=\"_blank\" rel=\"noopener\"><img loading=\"lazy\" decoding=\"async\" class=\"alignright size-medium wp-image-9141\" src=\"https:\/\/agora.xtec.cat\/iesfredericmarti\/wp-content\/uploads\/usu920\/2025\/02\/p_obertes_bat_2025_logo-300x300.png\" alt=\"\" width=\"300\" height=\"300\" srcset=\"https:\/\/agora.xtec.cat\/iesfredericmarti\/wp-content\/uploads\/usu920\/2025\/02\/p_obertes_bat_2025_logo-300x300.png 300w, https:\/\/agora.xtec.cat\/iesfredericmarti\/wp-content\/uploads\/usu920\/2025\/02\/p_obertes_bat_2025_logo-150x150.png 150w, https:\/\/agora.xtec.cat\/iesfredericmarti\/wp-content\/uploads\/usu920\/2025\/02\/p_obertes_bat_2025_logo-768x768.png 768w, https:\/\/agora.xtec.cat\/iesfredericmarti\/wp-content\/uploads\/usu920\/2025\/02\/p_obertes_bat_2025_logo.png 800w\" sizes=\"auto, (max-width: 300px) 100vw, 300px\" \/><\/a>La jornada de portes obertes per alumnes de Batxillerat es far\u00e0 dimecres 2 d&#8217;abril, amb la seg\u00fcent planificaci\u00f3:<\/p>\n<ul>\n<li>17,30 hores: visita de l&#8217;Institut<\/li>\n<li>18,30 hores: reuni\u00f3 informativa amb les fam\u00edlies<\/li>\n<\/ul>\n<p>Feu clic a la <a href=\"https:\/\/agora.xtec.cat\/iesfredericmarti\/wp-content\/uploads\/usu920\/2025\/02\/Portes-Obertes-BTX-2025.pdf\" target=\"_blank\" rel=\"noopener\">imatge<\/a> per veure el pdf informatiu sencer.<\/p>\n<p>Podeu entrat tamb\u00e9 al <a href=\"https:\/\/sites.google.com\/xtec.cat\/batxilleratfredericmarti\/inici\" target=\"_blank\" rel=\"noopener\">web espec\u00edfic de batxillerat<\/a> del nostre Institut, amb informaci\u00f3 de les modalitats impartides i altres dades sobre el batxillerat.<\/p>\n<p>Us hi esperem!<\/p>\n","protected":false},"excerpt":{"rendered":"<p>La jornada de portes obertes per alumnes de Batxillerat es far\u00e0 dimecres 2 d&#8217;abril, amb la seg\u00fcent planificaci\u00f3: 17,30 hores: visita de l&#8217;Institut 18,30 hores: reuni\u00f3 informativa amb les fam\u00edlies Feu clic a la imatge per veure el pdf informatiu sencer. Podeu entrat tamb\u00e9 al web espec\u00edfic de batxillerat del nostre Institut, amb informaci\u00f3 de [&hellip;]<\/p>\n","protected":false},"author":1,"featured_media":0,"comment_status":"closed","ping_status":"closed","sticky":false,"template":"","format":"standard","meta":{"_bbp_topic_count":0,"_bbp_reply_count":0,"_bbp_total_topic_count":0,"_bbp_total_reply_count":0,"_bbp_voice_count":0,"_bbp_anonymous_reply_count":0,"_bbp_topic_count_hidden":0,"_bbp_reply_count_hidden":0,"_bbp_forum_subforum_count":0,"site-sidebar-layout":"default","site-content-layout":"","ast-site-content-layout":"","site-content-style":"default","site-sidebar-style":"default","ast-global-header-display":"","ast-banner-title-visibility":"","ast-main-header-display":"","ast-hfb-above-header-display":"","ast-hfb-below-header-display":"","ast-hfb-mobile-header-display":"","site-post-title":"","ast-breadcrumbs-content":"","ast-featured-img":"","footer-sml-layout":"","theme-transparent-header-meta":"","adv-header-id-meta":"","stick-header-meta":"","header-above-stick-meta":"","header-main-stick-meta":"","header-below-stick-meta":"","astra-migrate-meta-layouts":"default","ast-page-background-enabled":"default","ast-page-background-meta":{"desktop":{"background-color":"var(--ast-global-color-4)","background-image":"","background-repeat":"repeat","background-position":"center center","background-size":"auto","background-attachment":"scroll","background-type":"","background-media":"","overlay-type":"","overlay-color":"","overlay-opacity":"","overlay-gradient":""},"tablet":{"background-color":"","background-image":"","background-repeat":"repeat","background-position":"center center","background-size":"auto","background-attachment":"scroll","background-type":"","background-media":"","overlay-type":"","overlay-color":"","overlay-opacity":"","overlay-gradient":""},"mobile":{"background-color":"","background-image":"","background-repeat":"repeat","background-position":"center center","background-size":"auto","background-attachment":"scroll","background-type":"","background-media":"","overlay-type":"","overlay-color":"","overlay-opacity":"","overlay-gradient":""}},"ast-content-background-meta":{"desktop":{"background-color":"var(--ast-global-color-5)","background-image":"","background-repeat":"repeat","background-position":"center center","background-size":"auto","background-attachment":"scroll","background-type":"","background-media":"","overlay-type":"","overlay-color":"","overlay-opacity":"","overlay-gradient":""},"tablet":{"background-color":"var(--ast-global-color-5)","background-image":"","background-repeat":"repeat","background-position":"center center","background-size":"auto","background-attachment":"scroll","background-type":"","background-media":"","overlay-type":"","overlay-color":"","overlay-opacity":"","overlay-gradient":""},"mobile":{"background-color":"var(--ast-global-color-5)","background-image":"","background-repeat":"repeat","background-position":"center center","background-size":"auto","background-attachment":"scroll","background-type":"","background-media":"","overlay-type":"","overlay-color":"","overlay-opacity":"","overlay-gradient":""}},"footnotes":""},"categories":[8,29],"tags":[110,1683,147],"class_list":["post-9323","post","type-post","status-publish","format-standard","hentry","category-batxillerat","category-portada","tag-batxillerat","tag-curs-2025","tag-portes-obertes"],"post_mailing_queue_ids":[],"_links":{"self":[{"href":"https:\/\/agora.xtec.cat\/iesfredericmarti\/wp-json\/wp\/v2\/posts\/9323","targetHints":{"allow":["GET"]}}],"collection":[{"href":"https:\/\/agora.xtec.cat\/iesfredericmarti\/wp-json\/wp\/v2\/posts"}],"about":[{"href":"https:\/\/agora.xtec.cat\/iesfredericmarti\/wp-json\/wp\/v2\/types\/post"}],"author":[{"embeddable":true,"href":"https:\/\/agora.xtec.cat\/iesfredericmarti\/wp-json\/wp\/v2\/users\/1"}],"replies":[{"embeddable":true,"href":"https:\/\/agora.xtec.cat\/iesfredericmarti\/wp-json\/wp\/v2\/comments?post=9323"}],"version-history":[{"count":1,"href":"https:\/\/agora.xtec.cat\/iesfredericmarti\/wp-json\/wp\/v2\/posts\/9323\/revisions"}],"predecessor-version":[{"id":9324,"href":"https:\/\/agora.xtec.cat\/iesfredericmarti\/wp-json\/wp\/v2\/posts\/9323\/revisions\/9324"}],"wp:attachment":[{"href":"https:\/\/agora.xtec.cat\/iesfredericmarti\/wp-json\/wp\/v2\/media?parent=9323"}],"wp:term":[{"taxonomy":"category","embeddable":true,"href":"https:\/\/agora.xtec.cat\/iesfredericmarti\/wp-json\/wp\/v2\/categories?post=9323"},{"taxonomy":"post_tag","embeddable":true,"href":"https:\/\/agora.xtec.cat\/iesfredericmarti\/wp-json\/wp\/v2\/tags?post=9323"}],"curies":[{"name":"wp","href":"https:\/\/api.w.org\/{rel}","templated":true}]}}