{"id":9298,"date":"2025-03-26T09:54:14","date_gmt":"2025-03-26T08:54:14","guid":{"rendered":"https:\/\/agora.xtec.cat\/iesfredericmarti\/?p=9298"},"modified":"2025-03-26T09:54:14","modified_gmt":"2025-03-26T08:54:14","slug":"dia-mundial-de-lactivitat-fisica","status":"publish","type":"post","link":"https:\/\/agora.xtec.cat\/iesfredericmarti\/general\/dia-mundial-de-lactivitat-fisica\/","title":{"rendered":"DIA MUNDIAL DE L&#8217;ACTIVITAT F\u00cdSICA"},"content":{"rendered":"<p align=\"left\"><a href=\"https:\/\/agora.xtec.cat\/iesfredericmarti\/wp-content\/uploads\/usu920\/2025\/03\/DMAF-2025-def.pdf\" target=\"_blank\" rel=\"noopener\"><img loading=\"lazy\" decoding=\"async\" class=\"alignright size-medium wp-image-9299\" src=\"https:\/\/agora.xtec.cat\/iesfredericmarti\/wp-content\/uploads\/usu920\/2025\/03\/dia_activitat_fisica-300x300.jpg\" alt=\"\" width=\"300\" height=\"300\" srcset=\"https:\/\/agora.xtec.cat\/iesfredericmarti\/wp-content\/uploads\/usu920\/2025\/03\/dia_activitat_fisica-300x300.jpg 300w, https:\/\/agora.xtec.cat\/iesfredericmarti\/wp-content\/uploads\/usu920\/2025\/03\/dia_activitat_fisica-150x150.jpg 150w, https:\/\/agora.xtec.cat\/iesfredericmarti\/wp-content\/uploads\/usu920\/2025\/03\/dia_activitat_fisica-768x768.jpg 768w, https:\/\/agora.xtec.cat\/iesfredericmarti\/wp-content\/uploads\/usu920\/2025\/03\/dia_activitat_fisica.jpg 800w\" sizes=\"auto, (max-width: 300px) 100vw, 300px\" \/><\/a>Sota el lema <strong>&#8220;Jo em cuido, jo m&#8217;estimo&#8221;<\/strong>, el dia 31 de mar\u00e7 es celebra el Dia Mundial de l&#8217;Activitat F\u00edsica. Us convidem a cuidar-vos i gaudir amb nosaltres d&#8217;una setmana plena d&#8217;activitats del <strong>31 de mar\u00e7 al 6 d&#8217;abril<\/strong>!<\/p>\n<p align=\"left\">Hem preparat una programaci\u00f3 diversa per a\u00a0<strong>totes les edats i nivells<\/strong>, amb opcions perqu\u00e8 tothom pugui sumar-se:<\/p>\n<ul>\n<li>Activitats de manteniment<\/li>\n<li>Caminades saludables i culturals<\/li>\n<li>Sessi\u00f3 de ioga<\/li>\n<li>Zumba i tonificaci\u00f3<\/li>\n<li>Xerrada sobre el desenvolupament psicomotor en la petita inf\u00e0ncia<\/li>\n<\/ul>\n<p>Podeu veure totes les activitats en aquest <a href=\"https:\/\/agora.xtec.cat\/iesfredericmarti\/wp-content\/uploads\/usu920\/2025\/03\/DMAF-2025-def.pdf\" target=\"_blank\" rel=\"noopener\">pdf informatiu<\/a> o b\u00e9 fent clic a la imatge.<\/p>\n<p align=\"left\">A m\u00e9s, dins les\u00a0<strong>Setmanes Joves<\/strong>, podreu gaudir de la\u00a0<strong>XXI Roadbook BTT Garoinada Extrema<\/strong>\u00a0i la divertida\u00a0<strong>Disco Roller<\/strong>!<\/p>\n<p align=\"left\"><strong>No us ho perdeu!<\/strong>\u00a0Feu c\u00f3rrer la veu entre els vostres contactes i apunteu-vos a les activitats que m\u00e9s us interessin.\u00a0<strong>Algunes requereixen inscripci\u00f3 pr\u00e8via!<\/strong><\/p>\n<p align=\"left\">Aquesta iniciativa est\u00e0 organitzada per la\u00a0<strong>Comissi\u00f3 d&#8217;Alimentaci\u00f3 i Activitat F\u00edsica del Consell de Salut Municipal<\/strong>.<\/p>\n<p align=\"left\"><strong>Us hi esperem!<\/strong><\/p>\n","protected":false},"excerpt":{"rendered":"<p>Sota el lema &#8220;Jo em cuido, jo m&#8217;estimo&#8221;, el dia 31 de mar\u00e7 es celebra el Dia Mundial de l&#8217;Activitat F\u00edsica. Us convidem a cuidar-vos i gaudir amb nosaltres d&#8217;una setmana plena d&#8217;activitats del 31 de mar\u00e7 al 6 d&#8217;abril! Hem preparat una programaci\u00f3 diversa per a\u00a0totes les edats i nivells, amb opcions perqu\u00e8 tothom [&hellip;]<\/p>\n","protected":false},"author":1,"featured_media":0,"comment_status":"closed","ping_status":"closed","sticky":false,"template":"","format":"standard","meta":{"_bbp_topic_count":0,"_bbp_reply_count":0,"_bbp_total_topic_count":0,"_bbp_total_reply_count":0,"_bbp_voice_count":0,"_bbp_anonymous_reply_count":0,"_bbp_topic_count_hidden":0,"_bbp_reply_count_hidden":0,"_bbp_forum_subforum_count":0,"site-sidebar-layout":"default","site-content-layout":"","ast-site-content-layout":"","site-content-style":"default","site-sidebar-style":"default","ast-global-header-display":"","ast-banner-title-visibility":"","ast-main-header-display":"","ast-hfb-above-header-display":"","ast-hfb-below-header-display":"","ast-hfb-mobile-header-display":"","site-post-title":"","ast-breadcrumbs-content":"","ast-featured-img":"","footer-sml-layout":"","theme-transparent-header-meta":"","adv-header-id-meta":"","stick-header-meta":"","header-above-stick-meta":"","header-main-stick-meta":"","header-below-stick-meta":"","astra-migrate-meta-layouts":"default","ast-page-background-enabled":"default","ast-page-background-meta":{"desktop":{"background-color":"var(--ast-global-color-4)","background-image":"","background-repeat":"repeat","background-position":"center center","background-size":"auto","background-attachment":"scroll","background-type":"","background-media":"","overlay-type":"","overlay-color":"","overlay-opacity":"","overlay-gradient":""},"tablet":{"background-color":"","background-image":"","background-repeat":"repeat","background-position":"center center","background-size":"auto","background-attachment":"scroll","background-type":"","background-media":"","overlay-type":"","overlay-color":"","overlay-opacity":"","overlay-gradient":""},"mobile":{"background-color":"","background-image":"","background-repeat":"repeat","background-position":"center center","background-size":"auto","background-attachment":"scroll","background-type":"","background-media":"","overlay-type":"","overlay-color":"","overlay-opacity":"","overlay-gradient":""}},"ast-content-background-meta":{"desktop":{"background-color":"var(--ast-global-color-5)","background-image":"","background-repeat":"repeat","background-position":"center center","background-size":"auto","background-attachment":"scroll","background-type":"","background-media":"","overlay-type":"","overlay-color":"","overlay-opacity":"","overlay-gradient":""},"tablet":{"background-color":"var(--ast-global-color-5)","background-image":"","background-repeat":"repeat","background-position":"center center","background-size":"auto","background-attachment":"scroll","background-type":"","background-media":"","overlay-type":"","overlay-color":"","overlay-opacity":"","overlay-gradient":""},"mobile":{"background-color":"var(--ast-global-color-5)","background-image":"","background-repeat":"repeat","background-position":"center center","background-size":"auto","background-attachment":"scroll","background-type":"","background-media":"","overlay-type":"","overlay-color":"","overlay-opacity":"","overlay-gradient":""}},"footnotes":""},"categories":[1,29],"tags":[1636,1682,1681],"class_list":["post-9298","post","type-post","status-publish","format-standard","hentry","category-general","category-portada","tag-curs-2024-2025","tag-dia-activitat-fisica","tag-dia-educacio-fisica"],"post_mailing_queue_ids":[],"_links":{"self":[{"href":"https:\/\/agora.xtec.cat\/iesfredericmarti\/wp-json\/wp\/v2\/posts\/9298","targetHints":{"allow":["GET"]}}],"collection":[{"href":"https:\/\/agora.xtec.cat\/iesfredericmarti\/wp-json\/wp\/v2\/posts"}],"about":[{"href":"https:\/\/agora.xtec.cat\/iesfredericmarti\/wp-json\/wp\/v2\/types\/post"}],"author":[{"embeddable":true,"href":"https:\/\/agora.xtec.cat\/iesfredericmarti\/wp-json\/wp\/v2\/users\/1"}],"replies":[{"embeddable":true,"href":"https:\/\/agora.xtec.cat\/iesfredericmarti\/wp-json\/wp\/v2\/comments?post=9298"}],"version-history":[{"count":1,"href":"https:\/\/agora.xtec.cat\/iesfredericmarti\/wp-json\/wp\/v2\/posts\/9298\/revisions"}],"predecessor-version":[{"id":9301,"href":"https:\/\/agora.xtec.cat\/iesfredericmarti\/wp-json\/wp\/v2\/posts\/9298\/revisions\/9301"}],"wp:attachment":[{"href":"https:\/\/agora.xtec.cat\/iesfredericmarti\/wp-json\/wp\/v2\/media?parent=9298"}],"wp:term":[{"taxonomy":"category","embeddable":true,"href":"https:\/\/agora.xtec.cat\/iesfredericmarti\/wp-json\/wp\/v2\/categories?post=9298"},{"taxonomy":"post_tag","embeddable":true,"href":"https:\/\/agora.xtec.cat\/iesfredericmarti\/wp-json\/wp\/v2\/tags?post=9298"}],"curies":[{"name":"wp","href":"https:\/\/api.w.org\/{rel}","templated":true}]}}