{"id":9241,"date":"2025-03-10T13:48:52","date_gmt":"2025-03-10T12:48:52","guid":{"rendered":"https:\/\/agora.xtec.cat\/iesfredericmarti\/?p=9241"},"modified":"2025-03-10T13:48:52","modified_gmt":"2025-03-10T12:48:52","slug":"jornada-de-portes-obertes-2025-2","status":"publish","type":"post","link":"https:\/\/agora.xtec.cat\/iesfredericmarti\/portada\/jornada-de-portes-obertes-2025-2\/","title":{"rendered":"JORNADA DE PORTES OBERTES 2025"},"content":{"rendered":"<p><a href=\"https:\/\/agora.xtec.cat\/iesfredericmarti\/wp-content\/uploads\/usu920\/2025\/02\/portes_obertes_2025.pdf\" target=\"_blank\" rel=\"noopener\"><img loading=\"lazy\" decoding=\"async\" class=\"alignright size-medium wp-image-8990\" src=\"https:\/\/agora.xtec.cat\/iesfredericmarti\/wp-content\/uploads\/usu920\/2025\/02\/p_obertes_2025-300x288.png\" alt=\"\" width=\"300\" height=\"288\" srcset=\"https:\/\/agora.xtec.cat\/iesfredericmarti\/wp-content\/uploads\/usu920\/2025\/02\/p_obertes_2025-300x288.png 300w, https:\/\/agora.xtec.cat\/iesfredericmarti\/wp-content\/uploads\/usu920\/2025\/02\/p_obertes_2025.png 652w\" sizes=\"auto, (max-width: 300px) 100vw, 300px\" \/><\/a>S&#8217;apropen les jornades de portes obertes al nostre institut. Les dates seran les seg\u00fcents:<\/p>\n<ul>\n<li>ESO: 12 de mar\u00e7 de 2025<\/li>\n<\/ul>\n<p style=\"padding-left: 40px;\">Hi haur\u00e0 2 torns de visita per l&#8217;ESO: un de 17:00 a 18:00 hores, i l&#8217;altre de 17:30 a 18:30.Tamb\u00e9 hi haur\u00e0 2 torns de xerrades, un de 17:00 a 17:30 hores i l&#8217;altre de 18:00 a 18:30 hores.<\/p>\n<ul>\n<li>Batxillerat: 2 d&#8217;abril de 2025<\/li>\n<\/ul>\n<p style=\"padding-left: 40px;\">La visita de batxillerat comen\u00e7ar\u00e0 a les 17,30 hores.<\/p>\n<ul>\n<li>Xerrada sobre el Batxibac<\/li>\n<\/ul>\n<p style=\"padding-left: 40px;\">Es far\u00e0 el 17 de mar\u00e7 a les 19:00 hores.<\/p>\n<p>Feu clic a la <a href=\"https:\/\/agora.xtec.cat\/iesfredericmarti\/wp-content\/uploads\/usu920\/2025\/02\/portes_obertes_2025.pdf\" target=\"_blank\" rel=\"noopener\">imatge<\/a> per veure el pdf sencer amb tota la informaci\u00f3.<\/p>\n<p>Us hi esperem!<\/p>\n","protected":false},"excerpt":{"rendered":"<p>S&#8217;apropen les jornades de portes obertes al nostre institut. Les dates seran les seg\u00fcents: ESO: 12 de mar\u00e7 de 2025 Hi haur\u00e0 2 torns de visita per l&#8217;ESO: un de 17:00 a 18:00 hores, i l&#8217;altre de 17:30 a 18:30.Tamb\u00e9 hi haur\u00e0 2 torns de xerrades, un de 17:00 a 17:30 hores i l&#8217;altre de [&hellip;]<\/p>\n","protected":false},"author":1,"featured_media":0,"comment_status":"closed","ping_status":"closed","sticky":false,"template":"","format":"standard","meta":{"_bbp_topic_count":0,"_bbp_reply_count":0,"_bbp_total_topic_count":0,"_bbp_total_reply_count":0,"_bbp_voice_count":0,"_bbp_anonymous_reply_count":0,"_bbp_topic_count_hidden":0,"_bbp_reply_count_hidden":0,"_bbp_forum_subforum_count":0,"site-sidebar-layout":"default","site-content-layout":"","ast-site-content-layout":"","site-content-style":"default","site-sidebar-style":"default","ast-global-header-display":"","ast-banner-title-visibility":"","ast-main-header-display":"","ast-hfb-above-header-display":"","ast-hfb-below-header-display":"","ast-hfb-mobile-header-display":"","site-post-title":"","ast-breadcrumbs-content":"","ast-featured-img":"","footer-sml-layout":"","theme-transparent-header-meta":"","adv-header-id-meta":"","stick-header-meta":"","header-above-stick-meta":"","header-main-stick-meta":"","header-below-stick-meta":"","astra-migrate-meta-layouts":"default","ast-page-background-enabled":"default","ast-page-background-meta":{"desktop":{"background-color":"var(--ast-global-color-4)","background-image":"","background-repeat":"repeat","background-position":"center center","background-size":"auto","background-attachment":"scroll","background-type":"","background-media":"","overlay-type":"","overlay-color":"","overlay-opacity":"","overlay-gradient":""},"tablet":{"background-color":"","background-image":"","background-repeat":"repeat","background-position":"center center","background-size":"auto","background-attachment":"scroll","background-type":"","background-media":"","overlay-type":"","overlay-color":"","overlay-opacity":"","overlay-gradient":""},"mobile":{"background-color":"","background-image":"","background-repeat":"repeat","background-position":"center center","background-size":"auto","background-attachment":"scroll","background-type":"","background-media":"","overlay-type":"","overlay-color":"","overlay-opacity":"","overlay-gradient":""}},"ast-content-background-meta":{"desktop":{"background-color":"var(--ast-global-color-5)","background-image":"","background-repeat":"repeat","background-position":"center center","background-size":"auto","background-attachment":"scroll","background-type":"","background-media":"","overlay-type":"","overlay-color":"","overlay-opacity":"","overlay-gradient":""},"tablet":{"background-color":"var(--ast-global-color-5)","background-image":"","background-repeat":"repeat","background-position":"center center","background-size":"auto","background-attachment":"scroll","background-type":"","background-media":"","overlay-type":"","overlay-color":"","overlay-opacity":"","overlay-gradient":""},"mobile":{"background-color":"var(--ast-global-color-5)","background-image":"","background-repeat":"repeat","background-position":"center center","background-size":"auto","background-attachment":"scroll","background-type":"","background-media":"","overlay-type":"","overlay-color":"","overlay-opacity":"","overlay-gradient":""}},"footnotes":""},"categories":[31,29],"tags":[148,370,1425,147],"class_list":["post-9241","post","type-post","status-publish","format-standard","hentry","category-families","category-portada","tag-eso","tag-families","tag-jornada-de-portes-obertes","tag-portes-obertes"],"post_mailing_queue_ids":[],"_links":{"self":[{"href":"https:\/\/agora.xtec.cat\/iesfredericmarti\/wp-json\/wp\/v2\/posts\/9241","targetHints":{"allow":["GET"]}}],"collection":[{"href":"https:\/\/agora.xtec.cat\/iesfredericmarti\/wp-json\/wp\/v2\/posts"}],"about":[{"href":"https:\/\/agora.xtec.cat\/iesfredericmarti\/wp-json\/wp\/v2\/types\/post"}],"author":[{"embeddable":true,"href":"https:\/\/agora.xtec.cat\/iesfredericmarti\/wp-json\/wp\/v2\/users\/1"}],"replies":[{"embeddable":true,"href":"https:\/\/agora.xtec.cat\/iesfredericmarti\/wp-json\/wp\/v2\/comments?post=9241"}],"version-history":[{"count":1,"href":"https:\/\/agora.xtec.cat\/iesfredericmarti\/wp-json\/wp\/v2\/posts\/9241\/revisions"}],"predecessor-version":[{"id":9242,"href":"https:\/\/agora.xtec.cat\/iesfredericmarti\/wp-json\/wp\/v2\/posts\/9241\/revisions\/9242"}],"wp:attachment":[{"href":"https:\/\/agora.xtec.cat\/iesfredericmarti\/wp-json\/wp\/v2\/media?parent=9241"}],"wp:term":[{"taxonomy":"category","embeddable":true,"href":"https:\/\/agora.xtec.cat\/iesfredericmarti\/wp-json\/wp\/v2\/categories?post=9241"},{"taxonomy":"post_tag","embeddable":true,"href":"https:\/\/agora.xtec.cat\/iesfredericmarti\/wp-json\/wp\/v2\/tags?post=9241"}],"curies":[{"name":"wp","href":"https:\/\/api.w.org\/{rel}","templated":true}]}}