{"id":9022,"date":"2025-02-10T19:03:36","date_gmt":"2025-02-10T18:03:36","guid":{"rendered":"https:\/\/agora.xtec.cat\/iesfredericmarti\/?p=9022"},"modified":"2025-02-10T19:04:02","modified_gmt":"2025-02-10T18:04:02","slug":"sortida-de-1r-deso-al-parc-de-la-draga-de-banyoles","status":"publish","type":"post","link":"https:\/\/agora.xtec.cat\/iesfredericmarti\/eso\/sortida-de-1r-deso-al-parc-de-la-draga-de-banyoles\/","title":{"rendered":"SORTIDA DE 1r d&#8217;ESO AL PARC DE LA DRAGA DE BANYOLES"},"content":{"rendered":"<p><a href=\"https:\/\/agora.xtec.cat\/iesfredericmarti\/?p=9026&amp;preview=true\"><img loading=\"lazy\" decoding=\"async\" class=\"alignright size-medium wp-image-9024\" src=\"https:\/\/agora.xtec.cat\/iesfredericmarti\/wp-content\/uploads\/usu920\/2025\/02\/draga_24_25-300x300.jpg\" alt=\"\" width=\"300\" height=\"300\" srcset=\"https:\/\/agora.xtec.cat\/iesfredericmarti\/wp-content\/uploads\/usu920\/2025\/02\/draga_24_25-300x300.jpg 300w, https:\/\/agora.xtec.cat\/iesfredericmarti\/wp-content\/uploads\/usu920\/2025\/02\/draga_24_25-150x150.jpg 150w, https:\/\/agora.xtec.cat\/iesfredericmarti\/wp-content\/uploads\/usu920\/2025\/02\/draga_24_25-768x768.jpg 768w, https:\/\/agora.xtec.cat\/iesfredericmarti\/wp-content\/uploads\/usu920\/2025\/02\/draga_24_25.jpg 800w\" sizes=\"auto, (max-width: 300px) 100vw, 300px\" \/><\/a>Els nostres alumnes de 1r d&#8217;ESO han visitat el parc de la Draga de Banyoles, un dels primers assentaments neol\u00edtics d&#8217;Europa. Aqu\u00ed han pogut aprendre el mode de vida d&#8217;aquesta gent a trav\u00e9s de les seves activitats quotidianes: moldre blat, fabricar fletxes i llen\u00e7ar javelines, encendre el foc&#8230;<br \/>\nPodeu veure les fotos fent clic a la foto o en el seg\u00fcent <a href=\"https:\/\/agora.xtec.cat\/iesfredericmarti\/?p=9026&amp;preview=true\">enlla\u00e7<\/a>.<\/p>\n","protected":false},"excerpt":{"rendered":"<p>Els nostres alumnes de 1r d&#8217;ESO han visitat el parc de la Draga de Banyoles, un dels primers assentaments neol\u00edtics d&#8217;Europa. Aqu\u00ed han pogut aprendre el mode de vida d&#8217;aquesta gent a trav\u00e9s de les seves activitats quotidianes: moldre blat, fabricar fletxes i llen\u00e7ar javelines, encendre el foc&#8230; Podeu veure les fotos fent clic a [&hellip;]<\/p>\n","protected":false},"author":1,"featured_media":0,"comment_status":"closed","ping_status":"closed","sticky":false,"template":"","format":"standard","meta":{"_bbp_topic_count":0,"_bbp_reply_count":0,"_bbp_total_topic_count":0,"_bbp_total_reply_count":0,"_bbp_voice_count":0,"_bbp_anonymous_reply_count":0,"_bbp_topic_count_hidden":0,"_bbp_reply_count_hidden":0,"_bbp_forum_subforum_count":0,"site-sidebar-layout":"default","site-content-layout":"","ast-site-content-layout":"","site-content-style":"default","site-sidebar-style":"default","ast-global-header-display":"","ast-banner-title-visibility":"","ast-main-header-display":"","ast-hfb-above-header-display":"","ast-hfb-below-header-display":"","ast-hfb-mobile-header-display":"","site-post-title":"","ast-breadcrumbs-content":"","ast-featured-img":"","footer-sml-layout":"","theme-transparent-header-meta":"","adv-header-id-meta":"","stick-header-meta":"","header-above-stick-meta":"","header-main-stick-meta":"","header-below-stick-meta":"","astra-migrate-meta-layouts":"default","ast-page-background-enabled":"default","ast-page-background-meta":{"desktop":{"background-color":"var(--ast-global-color-4)","background-image":"","background-repeat":"repeat","background-position":"center center","background-size":"auto","background-attachment":"scroll","background-type":"","background-media":"","overlay-type":"","overlay-color":"","overlay-opacity":"","overlay-gradient":""},"tablet":{"background-color":"","background-image":"","background-repeat":"repeat","background-position":"center center","background-size":"auto","background-attachment":"scroll","background-type":"","background-media":"","overlay-type":"","overlay-color":"","overlay-opacity":"","overlay-gradient":""},"mobile":{"background-color":"","background-image":"","background-repeat":"repeat","background-position":"center center","background-size":"auto","background-attachment":"scroll","background-type":"","background-media":"","overlay-type":"","overlay-color":"","overlay-opacity":"","overlay-gradient":""}},"ast-content-background-meta":{"desktop":{"background-color":"var(--ast-global-color-5)","background-image":"","background-repeat":"repeat","background-position":"center center","background-size":"auto","background-attachment":"scroll","background-type":"","background-media":"","overlay-type":"","overlay-color":"","overlay-opacity":"","overlay-gradient":""},"tablet":{"background-color":"var(--ast-global-color-5)","background-image":"","background-repeat":"repeat","background-position":"center center","background-size":"auto","background-attachment":"scroll","background-type":"","background-media":"","overlay-type":"","overlay-color":"","overlay-opacity":"","overlay-gradient":""},"mobile":{"background-color":"var(--ast-global-color-5)","background-image":"","background-repeat":"repeat","background-position":"center center","background-size":"auto","background-attachment":"scroll","background-type":"","background-media":"","overlay-type":"","overlay-color":"","overlay-opacity":"","overlay-gradient":""}},"footnotes":""},"categories":[4,3,29],"tags":[1645,1038,413,1037],"class_list":["post-9022","post","type-post","status-publish","format-standard","hentry","category-1r_eso","category-eso","category-portada","tag-1r-eso","tag-banyoles","tag-ciencies-socials","tag-la-draga"],"post_mailing_queue_ids":[],"_links":{"self":[{"href":"https:\/\/agora.xtec.cat\/iesfredericmarti\/wp-json\/wp\/v2\/posts\/9022","targetHints":{"allow":["GET"]}}],"collection":[{"href":"https:\/\/agora.xtec.cat\/iesfredericmarti\/wp-json\/wp\/v2\/posts"}],"about":[{"href":"https:\/\/agora.xtec.cat\/iesfredericmarti\/wp-json\/wp\/v2\/types\/post"}],"author":[{"embeddable":true,"href":"https:\/\/agora.xtec.cat\/iesfredericmarti\/wp-json\/wp\/v2\/users\/1"}],"replies":[{"embeddable":true,"href":"https:\/\/agora.xtec.cat\/iesfredericmarti\/wp-json\/wp\/v2\/comments?post=9022"}],"version-history":[{"count":3,"href":"https:\/\/agora.xtec.cat\/iesfredericmarti\/wp-json\/wp\/v2\/posts\/9022\/revisions"}],"predecessor-version":[{"id":9030,"href":"https:\/\/agora.xtec.cat\/iesfredericmarti\/wp-json\/wp\/v2\/posts\/9022\/revisions\/9030"}],"wp:attachment":[{"href":"https:\/\/agora.xtec.cat\/iesfredericmarti\/wp-json\/wp\/v2\/media?parent=9022"}],"wp:term":[{"taxonomy":"category","embeddable":true,"href":"https:\/\/agora.xtec.cat\/iesfredericmarti\/wp-json\/wp\/v2\/categories?post=9022"},{"taxonomy":"post_tag","embeddable":true,"href":"https:\/\/agora.xtec.cat\/iesfredericmarti\/wp-json\/wp\/v2\/tags?post=9022"}],"curies":[{"name":"wp","href":"https:\/\/api.w.org\/{rel}","templated":true}]}}