{"id":9000,"date":"2025-02-10T19:03:07","date_gmt":"2025-02-10T18:03:07","guid":{"rendered":"https:\/\/agora.xtec.cat\/iesfredericmarti\/?p=9000"},"modified":"2025-02-10T19:03:07","modified_gmt":"2025-02-10T18:03:07","slug":"sortida-de-2n-deso-a-la-catedral-de-girona-i-la-ciutat-medieval","status":"publish","type":"post","link":"https:\/\/agora.xtec.cat\/iesfredericmarti\/eso\/sortida-de-2n-deso-a-la-catedral-de-girona-i-la-ciutat-medieval\/","title":{"rendered":"SORTIDA DE 2n D&#8217;ESO A LA CATEDRAL DE GIRONA I LA CIUTAT MEDIEVAL"},"content":{"rendered":"<p align=\"justify\"><a href=\"https:\/\/agora.xtec.cat\/iesfredericmarti\/eso\/sortida-de-2n-deso-a-la-catedral-de-girona-i-la-ciutat-medieval-fotos\/\"><img loading=\"lazy\" decoding=\"async\" class=\"alignright size-medium wp-image-9002\" src=\"https:\/\/agora.xtec.cat\/iesfredericmarti\/wp-content\/uploads\/usu920\/2025\/02\/catedral_girona_2025-300x300.jpg\" alt=\"\" width=\"300\" height=\"300\" srcset=\"https:\/\/agora.xtec.cat\/iesfredericmarti\/wp-content\/uploads\/usu920\/2025\/02\/catedral_girona_2025-300x300.jpg 300w, https:\/\/agora.xtec.cat\/iesfredericmarti\/wp-content\/uploads\/usu920\/2025\/02\/catedral_girona_2025-150x150.jpg 150w, https:\/\/agora.xtec.cat\/iesfredericmarti\/wp-content\/uploads\/usu920\/2025\/02\/catedral_girona_2025-768x768.jpg 768w, https:\/\/agora.xtec.cat\/iesfredericmarti\/wp-content\/uploads\/usu920\/2025\/02\/catedral_girona_2025.jpg 800w\" sizes=\"auto, (max-width: 300px) 100vw, 300px\" \/><\/a>El dimarts dia 4 de febrer els alumnes de 2n d\u2019ESO han fet la classe de socials a Girona, concretament a la zona del barri vell.<\/p>\n<p align=\"justify\">L\u2019activitat ha consistit en una visita guiada per la Catedral de Girona i un recorregut lliure pels llocs m\u00e9s emblem\u00e0tics de la ciutat medieval: muralla, jardins de la francesa, g\u00e0rgola de la bruixa o banys \u00e0rabs.<\/p>\n<p align=\"justify\">La valoraci\u00f3 tant dels alumnes com dels professors acompanyants ha estat molt positiva.<\/p>\n<p align=\"justify\">Us deixem un recull de fotos dels alumnes <a href=\"https:\/\/agora.xtec.cat\/iesfredericmarti\/eso\/sortida-de-2n-deso-a-la-catedral-de-girona-i-la-ciutat-medieval-fotos\/\">aqu\u00ed<\/a>. Tamb\u00e9 podeu accedir fent clic a la imatge.<\/p>\n<p align=\"justify\">Departament de Ci\u00e8ncies Socials.<\/p>\n","protected":false},"excerpt":{"rendered":"<p>El dimarts dia 4 de febrer els alumnes de 2n d\u2019ESO han fet la classe de socials a Girona, concretament a la zona del barri vell. L\u2019activitat ha consistit en una visita guiada per la Catedral de Girona i un recorregut lliure pels llocs m\u00e9s emblem\u00e0tics de la ciutat medieval: muralla, jardins de la francesa, [&hellip;]<\/p>\n","protected":false},"author":1,"featured_media":0,"comment_status":"closed","ping_status":"closed","sticky":false,"template":"","format":"standard","meta":{"_bbp_topic_count":0,"_bbp_reply_count":0,"_bbp_total_topic_count":0,"_bbp_total_reply_count":0,"_bbp_voice_count":0,"_bbp_anonymous_reply_count":0,"_bbp_topic_count_hidden":0,"_bbp_reply_count_hidden":0,"_bbp_forum_subforum_count":0,"site-sidebar-layout":"default","site-content-layout":"","ast-site-content-layout":"","site-content-style":"default","site-sidebar-style":"default","ast-global-header-display":"","ast-banner-title-visibility":"","ast-main-header-display":"","ast-hfb-above-header-display":"","ast-hfb-below-header-display":"","ast-hfb-mobile-header-display":"","site-post-title":"","ast-breadcrumbs-content":"","ast-featured-img":"","footer-sml-layout":"","theme-transparent-header-meta":"","adv-header-id-meta":"","stick-header-meta":"","header-above-stick-meta":"","header-main-stick-meta":"","header-below-stick-meta":"","astra-migrate-meta-layouts":"default","ast-page-background-enabled":"default","ast-page-background-meta":{"desktop":{"background-color":"var(--ast-global-color-4)","background-image":"","background-repeat":"repeat","background-position":"center center","background-size":"auto","background-attachment":"scroll","background-type":"","background-media":"","overlay-type":"","overlay-color":"","overlay-opacity":"","overlay-gradient":""},"tablet":{"background-color":"","background-image":"","background-repeat":"repeat","background-position":"center center","background-size":"auto","background-attachment":"scroll","background-type":"","background-media":"","overlay-type":"","overlay-color":"","overlay-opacity":"","overlay-gradient":""},"mobile":{"background-color":"","background-image":"","background-repeat":"repeat","background-position":"center center","background-size":"auto","background-attachment":"scroll","background-type":"","background-media":"","overlay-type":"","overlay-color":"","overlay-opacity":"","overlay-gradient":""}},"ast-content-background-meta":{"desktop":{"background-color":"var(--ast-global-color-5)","background-image":"","background-repeat":"repeat","background-position":"center center","background-size":"auto","background-attachment":"scroll","background-type":"","background-media":"","overlay-type":"","overlay-color":"","overlay-opacity":"","overlay-gradient":""},"tablet":{"background-color":"var(--ast-global-color-5)","background-image":"","background-repeat":"repeat","background-position":"center center","background-size":"auto","background-attachment":"scroll","background-type":"","background-media":"","overlay-type":"","overlay-color":"","overlay-opacity":"","overlay-gradient":""},"mobile":{"background-color":"var(--ast-global-color-5)","background-image":"","background-repeat":"repeat","background-position":"center center","background-size":"auto","background-attachment":"scroll","background-type":"","background-media":"","overlay-type":"","overlay-color":"","overlay-opacity":"","overlay-gradient":""}},"footnotes":""},"categories":[5,3,29],"tags":[1646,1651,413,791],"class_list":["post-9000","post","type-post","status-publish","format-standard","hentry","category-2n_eso","category-eso","category-portada","tag-2n-eso","tag-catedral-de-girona","tag-ciencies-socials","tag-girona"],"post_mailing_queue_ids":[],"_links":{"self":[{"href":"https:\/\/agora.xtec.cat\/iesfredericmarti\/wp-json\/wp\/v2\/posts\/9000","targetHints":{"allow":["GET"]}}],"collection":[{"href":"https:\/\/agora.xtec.cat\/iesfredericmarti\/wp-json\/wp\/v2\/posts"}],"about":[{"href":"https:\/\/agora.xtec.cat\/iesfredericmarti\/wp-json\/wp\/v2\/types\/post"}],"author":[{"embeddable":true,"href":"https:\/\/agora.xtec.cat\/iesfredericmarti\/wp-json\/wp\/v2\/users\/1"}],"replies":[{"embeddable":true,"href":"https:\/\/agora.xtec.cat\/iesfredericmarti\/wp-json\/wp\/v2\/comments?post=9000"}],"version-history":[{"count":6,"href":"https:\/\/agora.xtec.cat\/iesfredericmarti\/wp-json\/wp\/v2\/posts\/9000\/revisions"}],"predecessor-version":[{"id":9021,"href":"https:\/\/agora.xtec.cat\/iesfredericmarti\/wp-json\/wp\/v2\/posts\/9000\/revisions\/9021"}],"wp:attachment":[{"href":"https:\/\/agora.xtec.cat\/iesfredericmarti\/wp-json\/wp\/v2\/media?parent=9000"}],"wp:term":[{"taxonomy":"category","embeddable":true,"href":"https:\/\/agora.xtec.cat\/iesfredericmarti\/wp-json\/wp\/v2\/categories?post=9000"},{"taxonomy":"post_tag","embeddable":true,"href":"https:\/\/agora.xtec.cat\/iesfredericmarti\/wp-json\/wp\/v2\/tags?post=9000"}],"curies":[{"name":"wp","href":"https:\/\/api.w.org\/{rel}","templated":true}]}}