{"id":8355,"date":"2024-06-19T12:17:18","date_gmt":"2024-06-19T10:17:18","guid":{"rendered":"https:\/\/agora.xtec.cat\/iesfredericmarti\/?p=8355"},"modified":"2024-06-19T17:25:22","modified_gmt":"2024-06-19T15:25:22","slug":"aina-esteba-guanyadora-del-premi-millor-tdr-en-frances","status":"publish","type":"post","link":"https:\/\/agora.xtec.cat\/iesfredericmarti\/general\/aina-esteba-guanyadora-del-premi-millor-tdr-en-frances\/","title":{"rendered":"AINA ESTEBA GUANYADORA DEL PREMI MILLOR TDR EN FRANC\u00c8S"},"content":{"rendered":"<p><img loading=\"lazy\" decoding=\"async\" class=\"aligncenter size-large wp-image-8357\" src=\"https:\/\/agora.xtec.cat\/iesfredericmarti\/wp-content\/uploads\/usu920\/2024\/06\/Aina-Esteba-millor-tdr-en-frances-1024x461.jpg\" alt=\"\" width=\"1024\" height=\"461\" srcset=\"https:\/\/agora.xtec.cat\/iesfredericmarti\/wp-content\/uploads\/usu920\/2024\/06\/Aina-Esteba-millor-tdr-en-frances-1024x461.jpg 1024w, https:\/\/agora.xtec.cat\/iesfredericmarti\/wp-content\/uploads\/usu920\/2024\/06\/Aina-Esteba-millor-tdr-en-frances-300x135.jpg 300w, https:\/\/agora.xtec.cat\/iesfredericmarti\/wp-content\/uploads\/usu920\/2024\/06\/Aina-Esteba-millor-tdr-en-frances-768x346.jpg 768w, https:\/\/agora.xtec.cat\/iesfredericmarti\/wp-content\/uploads\/usu920\/2024\/06\/Aina-Esteba-millor-tdr-en-frances-1536x692.jpg 1536w, https:\/\/agora.xtec.cat\/iesfredericmarti\/wp-content\/uploads\/usu920\/2024\/06\/Aina-Esteba-millor-tdr-en-frances.jpg 2016w\" sizes=\"auto, (max-width: 1024px) 100vw, 1024px\" \/><\/p>\n<p>L&#8217;alumna de 2n de Batxibac, <strong>Aina Esteba<\/strong>, amb el treball <em>Mieux comprendre la soci\u00e9t\u00e9 sud-cor\u00e9enne,<\/em> ha guanyat el <a href=\"https:\/\/apfcat.wixsite.com\/apfc\/single-post\/finalistes-du-concours-tr-r%C3%A9dig%C3%A9s-en-fran%C3%A7ais-2024\">Premi al Millor Treball de Recerca<\/a> en franc\u00e8s convocat per l&#8217;<a href=\"https:\/\/apfcat.wixsite.com\/apfc\">Associaci\u00f3 de Professors de Franc\u00e8s de Catalunya<\/a>.<\/p>\n<p>L&#8217;acte d&#8217;entrega de premis s&#8217;ha dut a terme a l&#8217;<a href=\"https:\/\/www.institutfrancais.es\/barcelona\/ca\/\">Institut Franc\u00e8s de Barcelona<\/a>.<\/p>\n<p>La nostra enhorabona!<\/p>\n","protected":false},"excerpt":{"rendered":"<p>L&#8217;alumna de 2n de Batxibac, Aina Esteba, amb el treball Mieux comprendre la soci\u00e9t\u00e9 sud-cor\u00e9enne, ha guanyat el Premi al Millor Treball de Recerca en franc\u00e8s convocat per l&#8217;Associaci\u00f3 de Professors de Franc\u00e8s de Catalunya. L&#8217;acte d&#8217;entrega de premis s&#8217;ha dut a terme a l&#8217;Institut Franc\u00e8s de Barcelona. La nostra enhorabona!<\/p>\n","protected":false},"author":1,"featured_media":8357,"comment_status":"closed","ping_status":"closed","sticky":false,"template":"","format":"standard","meta":{"_bbp_topic_count":0,"_bbp_reply_count":0,"_bbp_total_topic_count":0,"_bbp_total_reply_count":0,"_bbp_voice_count":0,"_bbp_anonymous_reply_count":0,"_bbp_topic_count_hidden":0,"_bbp_reply_count_hidden":0,"_bbp_forum_subforum_count":0,"site-sidebar-layout":"default","site-content-layout":"","ast-site-content-layout":"","site-content-style":"default","site-sidebar-style":"default","ast-global-header-display":"","ast-banner-title-visibility":"","ast-main-header-display":"","ast-hfb-above-header-display":"","ast-hfb-below-header-display":"","ast-hfb-mobile-header-display":"","site-post-title":"","ast-breadcrumbs-content":"","ast-featured-img":"","footer-sml-layout":"","theme-transparent-header-meta":"","adv-header-id-meta":"","stick-header-meta":"","header-above-stick-meta":"","header-main-stick-meta":"","header-below-stick-meta":"","astra-migrate-meta-layouts":"default","ast-page-background-enabled":"default","ast-page-background-meta":{"desktop":{"background-color":"var(--ast-global-color-4)","background-image":"","background-repeat":"repeat","background-position":"center center","background-size":"auto","background-attachment":"scroll","background-type":"","background-media":"","overlay-type":"","overlay-color":"","overlay-opacity":"","overlay-gradient":""},"tablet":{"background-color":"","background-image":"","background-repeat":"repeat","background-position":"center center","background-size":"auto","background-attachment":"scroll","background-type":"","background-media":"","overlay-type":"","overlay-color":"","overlay-opacity":"","overlay-gradient":""},"mobile":{"background-color":"","background-image":"","background-repeat":"repeat","background-position":"center center","background-size":"auto","background-attachment":"scroll","background-type":"","background-media":"","overlay-type":"","overlay-color":"","overlay-opacity":"","overlay-gradient":""}},"ast-content-background-meta":{"desktop":{"background-color":"var(--ast-global-color-5)","background-image":"","background-repeat":"repeat","background-position":"center center","background-size":"auto","background-attachment":"scroll","background-type":"","background-media":"","overlay-type":"","overlay-color":"","overlay-opacity":"","overlay-gradient":""},"tablet":{"background-color":"var(--ast-global-color-5)","background-image":"","background-repeat":"repeat","background-position":"center center","background-size":"auto","background-attachment":"scroll","background-type":"","background-media":"","overlay-type":"","overlay-color":"","overlay-opacity":"","overlay-gradient":""},"mobile":{"background-color":"var(--ast-global-color-5)","background-image":"","background-repeat":"repeat","background-position":"center center","background-size":"auto","background-attachment":"scroll","background-type":"","background-media":"","overlay-type":"","overlay-color":"","overlay-opacity":"","overlay-gradient":""}},"footnotes":""},"categories":[8,1,29],"tags":[633,132,135,194,1625,165,170],"class_list":["post-8355","post","type-post","status-publish","format-standard","has-post-thumbnail","hentry","category-batxillerat","category-general","category-portada","tag-2-bat","tag-batxibac","tag-frances","tag-llengua-francesa","tag-millor-tdr-en-frances","tag-premis","tag-treballs-de-recerca"],"post_mailing_queue_ids":[],"_links":{"self":[{"href":"https:\/\/agora.xtec.cat\/iesfredericmarti\/wp-json\/wp\/v2\/posts\/8355","targetHints":{"allow":["GET"]}}],"collection":[{"href":"https:\/\/agora.xtec.cat\/iesfredericmarti\/wp-json\/wp\/v2\/posts"}],"about":[{"href":"https:\/\/agora.xtec.cat\/iesfredericmarti\/wp-json\/wp\/v2\/types\/post"}],"author":[{"embeddable":true,"href":"https:\/\/agora.xtec.cat\/iesfredericmarti\/wp-json\/wp\/v2\/users\/1"}],"replies":[{"embeddable":true,"href":"https:\/\/agora.xtec.cat\/iesfredericmarti\/wp-json\/wp\/v2\/comments?post=8355"}],"version-history":[{"count":3,"href":"https:\/\/agora.xtec.cat\/iesfredericmarti\/wp-json\/wp\/v2\/posts\/8355\/revisions"}],"predecessor-version":[{"id":8359,"href":"https:\/\/agora.xtec.cat\/iesfredericmarti\/wp-json\/wp\/v2\/posts\/8355\/revisions\/8359"}],"wp:featuredmedia":[{"embeddable":true,"href":"https:\/\/agora.xtec.cat\/iesfredericmarti\/wp-json\/wp\/v2\/media\/8357"}],"wp:attachment":[{"href":"https:\/\/agora.xtec.cat\/iesfredericmarti\/wp-json\/wp\/v2\/media?parent=8355"}],"wp:term":[{"taxonomy":"category","embeddable":true,"href":"https:\/\/agora.xtec.cat\/iesfredericmarti\/wp-json\/wp\/v2\/categories?post=8355"},{"taxonomy":"post_tag","embeddable":true,"href":"https:\/\/agora.xtec.cat\/iesfredericmarti\/wp-json\/wp\/v2\/tags?post=8355"}],"curies":[{"name":"wp","href":"https:\/\/api.w.org\/{rel}","templated":true}]}}