{"id":8236,"date":"2024-05-14T20:32:32","date_gmt":"2024-05-14T18:32:32","guid":{"rendered":"https:\/\/agora.xtec.cat\/iesfredericmarti\/?p=8236"},"modified":"2024-05-14T20:32:57","modified_gmt":"2024-05-14T18:32:57","slug":"lalumnat-descoles-verdes-al-tomanyi","status":"publish","type":"post","link":"https:\/\/agora.xtec.cat\/iesfredericmarti\/general\/lalumnat-descoles-verdes-al-tomanyi\/","title":{"rendered":"L&#8217;ALUMNAT D&#8217;ESCOLES VERDES VISITA LA LLAR D&#8217;INFANTS EL TOMANY\u00cd"},"content":{"rendered":"<p><a href=\"https:\/\/photos.app.goo.gl\/cDrMknE31rXot8ZB6\"><img loading=\"lazy\" decoding=\"async\" class=\" wp-image-8237 alignright\" src=\"https:\/\/agora.xtec.cat\/iesfredericmarti\/wp-content\/uploads\/usu920\/2024\/05\/Escoles-verdes-al-Tomanyi-galeria-1024x1024.jpg\" alt=\"\" width=\"300\" height=\"300\" srcset=\"https:\/\/agora.xtec.cat\/iesfredericmarti\/wp-content\/uploads\/usu920\/2024\/05\/Escoles-verdes-al-Tomanyi-galeria-1024x1024.jpg 1024w, https:\/\/agora.xtec.cat\/iesfredericmarti\/wp-content\/uploads\/usu920\/2024\/05\/Escoles-verdes-al-Tomanyi-galeria-300x300.jpg 300w, https:\/\/agora.xtec.cat\/iesfredericmarti\/wp-content\/uploads\/usu920\/2024\/05\/Escoles-verdes-al-Tomanyi-galeria-150x150.jpg 150w, https:\/\/agora.xtec.cat\/iesfredericmarti\/wp-content\/uploads\/usu920\/2024\/05\/Escoles-verdes-al-Tomanyi-galeria-768x768.jpg 768w, https:\/\/agora.xtec.cat\/iesfredericmarti\/wp-content\/uploads\/usu920\/2024\/05\/Escoles-verdes-al-Tomanyi-galeria.jpg 1080w\" sizes=\"auto, (max-width: 300px) 100vw, 300px\" \/><\/a>Avui els nois i noies d&#8217;escoles verdes de l&#8217;institut Frederic Mart\u00ed Carreras, dins les activitats que estem portant a terme per con\u00e8ixer i millorar la biodiversitat del nostre entorn proper, hem anat a visitar la llar d&#8217;infants de davant del nostre centre (el Tomany\u00ed). Ens hi hem acostat per informar els nens i nenes de la import\u00e0ncia de cuidar els \u00e9ssers vius, ensenyar-los caixes niu i refugis de ratpenats que ens ha deixat l&#8217;\u00e0rea de medi ambient de l&#8217;ajuntament, i els hem ajudat a fer hotels d&#8217;insectes i sembrar floretes perqu\u00e8 vinguin a visitar-los m\u00e9s insectes al seu pati.<\/p>\n<p>Ha estat genial!<\/p>\n","protected":false},"excerpt":{"rendered":"<p>Avui els nois i noies d&#8217;escoles verdes de l&#8217;institut Frederic Mart\u00ed Carreras, dins les activitats que estem portant a terme per con\u00e8ixer i millorar la biodiversitat del nostre entorn proper, hem anat a visitar la llar d&#8217;infants de davant del nostre centre (el Tomany\u00ed). Ens hi hem acostat per informar els nens i nenes de [&hellip;]<\/p>\n","protected":false},"author":1,"featured_media":8238,"comment_status":"closed","ping_status":"closed","sticky":false,"template":"","format":"standard","meta":{"_bbp_topic_count":0,"_bbp_reply_count":0,"_bbp_total_topic_count":0,"_bbp_total_reply_count":0,"_bbp_voice_count":0,"_bbp_anonymous_reply_count":0,"_bbp_topic_count_hidden":0,"_bbp_reply_count_hidden":0,"_bbp_forum_subforum_count":0,"site-sidebar-layout":"default","site-content-layout":"","ast-site-content-layout":"","site-content-style":"default","site-sidebar-style":"default","ast-global-header-display":"","ast-banner-title-visibility":"","ast-main-header-display":"","ast-hfb-above-header-display":"","ast-hfb-below-header-display":"","ast-hfb-mobile-header-display":"","site-post-title":"","ast-breadcrumbs-content":"","ast-featured-img":"","footer-sml-layout":"","theme-transparent-header-meta":"","adv-header-id-meta":"","stick-header-meta":"","header-above-stick-meta":"","header-main-stick-meta":"","header-below-stick-meta":"","astra-migrate-meta-layouts":"default","ast-page-background-enabled":"default","ast-page-background-meta":{"desktop":{"background-color":"var(--ast-global-color-4)","background-image":"","background-repeat":"repeat","background-position":"center center","background-size":"auto","background-attachment":"scroll","background-type":"","background-media":"","overlay-type":"","overlay-color":"","overlay-opacity":"","overlay-gradient":""},"tablet":{"background-color":"","background-image":"","background-repeat":"repeat","background-position":"center center","background-size":"auto","background-attachment":"scroll","background-type":"","background-media":"","overlay-type":"","overlay-color":"","overlay-opacity":"","overlay-gradient":""},"mobile":{"background-color":"","background-image":"","background-repeat":"repeat","background-position":"center center","background-size":"auto","background-attachment":"scroll","background-type":"","background-media":"","overlay-type":"","overlay-color":"","overlay-opacity":"","overlay-gradient":""}},"ast-content-background-meta":{"desktop":{"background-color":"var(--ast-global-color-5)","background-image":"","background-repeat":"repeat","background-position":"center center","background-size":"auto","background-attachment":"scroll","background-type":"","background-media":"","overlay-type":"","overlay-color":"","overlay-opacity":"","overlay-gradient":""},"tablet":{"background-color":"var(--ast-global-color-5)","background-image":"","background-repeat":"repeat","background-position":"center center","background-size":"auto","background-attachment":"scroll","background-type":"","background-media":"","overlay-type":"","overlay-color":"","overlay-opacity":"","overlay-gradient":""},"mobile":{"background-color":"var(--ast-global-color-5)","background-image":"","background-repeat":"repeat","background-position":"center center","background-size":"auto","background-attachment":"scroll","background-type":"","background-media":"","overlay-type":"","overlay-color":"","overlay-opacity":"","overlay-gradient":""}},"footnotes":""},"categories":[5,3,1,29],"tags":[133,1603,1539,423,1607,1606],"class_list":["post-8236","post","type-post","status-publish","format-standard","has-post-thumbnail","hentry","category-2n_eso","category-eso","category-general","category-portada","tag-2-eso","tag-biodiversitat","tag-educacio-ambiental","tag-escoles-verdes","tag-fauna-urbana","tag-tomanyi"],"post_mailing_queue_ids":[],"_links":{"self":[{"href":"https:\/\/agora.xtec.cat\/iesfredericmarti\/wp-json\/wp\/v2\/posts\/8236","targetHints":{"allow":["GET"]}}],"collection":[{"href":"https:\/\/agora.xtec.cat\/iesfredericmarti\/wp-json\/wp\/v2\/posts"}],"about":[{"href":"https:\/\/agora.xtec.cat\/iesfredericmarti\/wp-json\/wp\/v2\/types\/post"}],"author":[{"embeddable":true,"href":"https:\/\/agora.xtec.cat\/iesfredericmarti\/wp-json\/wp\/v2\/users\/1"}],"replies":[{"embeddable":true,"href":"https:\/\/agora.xtec.cat\/iesfredericmarti\/wp-json\/wp\/v2\/comments?post=8236"}],"version-history":[{"count":2,"href":"https:\/\/agora.xtec.cat\/iesfredericmarti\/wp-json\/wp\/v2\/posts\/8236\/revisions"}],"predecessor-version":[{"id":8240,"href":"https:\/\/agora.xtec.cat\/iesfredericmarti\/wp-json\/wp\/v2\/posts\/8236\/revisions\/8240"}],"wp:featuredmedia":[{"embeddable":true,"href":"https:\/\/agora.xtec.cat\/iesfredericmarti\/wp-json\/wp\/v2\/media\/8238"}],"wp:attachment":[{"href":"https:\/\/agora.xtec.cat\/iesfredericmarti\/wp-json\/wp\/v2\/media?parent=8236"}],"wp:term":[{"taxonomy":"category","embeddable":true,"href":"https:\/\/agora.xtec.cat\/iesfredericmarti\/wp-json\/wp\/v2\/categories?post=8236"},{"taxonomy":"post_tag","embeddable":true,"href":"https:\/\/agora.xtec.cat\/iesfredericmarti\/wp-json\/wp\/v2\/tags?post=8236"}],"curies":[{"name":"wp","href":"https:\/\/api.w.org\/{rel}","templated":true}]}}