{"id":8218,"date":"2024-05-09T19:20:15","date_gmt":"2024-05-09T17:20:15","guid":{"rendered":"https:\/\/agora.xtec.cat\/iesfredericmarti\/?p=8218"},"modified":"2024-05-10T09:25:21","modified_gmt":"2024-05-10T07:25:21","slug":"lalumnat-descoles-verdes-coneix-la-flora-invasora","status":"publish","type":"post","link":"https:\/\/agora.xtec.cat\/iesfredericmarti\/general\/lalumnat-descoles-verdes-coneix-la-flora-invasora\/","title":{"rendered":"L&#8217;ALUMNAT D&#8217;ESCOLES VERDES CONEIX LA FLORA INVASORA"},"content":{"rendered":"<p><a href=\"https:\/\/photos.app.goo.gl\/tRGwvuujKUog5zJr5\"><img loading=\"lazy\" decoding=\"async\" class=\" wp-image-8219 alignright\" src=\"https:\/\/agora.xtec.cat\/iesfredericmarti\/wp-content\/uploads\/usu920\/2024\/05\/plantes-invasores-2024-galeria-1024x1024.jpg\" alt=\"\" width=\"300\" height=\"300\" srcset=\"https:\/\/agora.xtec.cat\/iesfredericmarti\/wp-content\/uploads\/usu920\/2024\/05\/plantes-invasores-2024-galeria-1024x1024.jpg 1024w, https:\/\/agora.xtec.cat\/iesfredericmarti\/wp-content\/uploads\/usu920\/2024\/05\/plantes-invasores-2024-galeria-300x300.jpg 300w, https:\/\/agora.xtec.cat\/iesfredericmarti\/wp-content\/uploads\/usu920\/2024\/05\/plantes-invasores-2024-galeria-150x150.jpg 150w, https:\/\/agora.xtec.cat\/iesfredericmarti\/wp-content\/uploads\/usu920\/2024\/05\/plantes-invasores-2024-galeria-768x768.jpg 768w, https:\/\/agora.xtec.cat\/iesfredericmarti\/wp-content\/uploads\/usu920\/2024\/05\/plantes-invasores-2024-galeria.jpg 1080w\" sizes=\"auto, (max-width: 300px) 100vw, 300px\" \/><\/a>Avui, dijous 9 de maig, hem fet una activitat sobre esp\u00e8cies invasores, ara que estem treballant la biodiversitat, per veure quines s\u00f3n les plantes ex\u00f2tiques invasores que podem trobar al tram de cam\u00ed de ronda entre Calella i Llafranc.<\/p>\n<p>En Sergi, t\u00e8cnic de medi ambient de l&#8217;ajuntament de Palafrugell, ens ha ensenyat a recon\u00e8ixer l&#8217;<a href=\"https:\/\/mediambient.gencat.cat\/web\/.content\/home\/ambits_dactuacio\/patrimoni_natural\/especies_exotiques_medinatural\/llista_sp_catalogades\/flora\/fitxes\/Carpobrotus_edulis_13.pdf\">ungla de gat<\/a> (<a href=\"https:\/\/mediambient.gencat.cat\/web\/.content\/home\/ambits_dactuacio\/patrimoni_natural\/especies_exotiques_medinatural\/llista_sp_catalogades\/flora\/fitxes\/Carpobrotus_edulis_13.pdf\"><em>Carpobrotus edulis<\/em><\/a>), la <a href=\"https:\/\/mediambient.gencat.cat\/web\/.content\/home\/ambits_dactuacio\/patrimoni_natural\/especies_exotiques_medinatural\/llista_sp_catalogades\/flora\/fitxes\/Opuntia_maxima_31.pdf\">figuera de moro<\/a> (<a href=\"https:\/\/mediambient.gencat.cat\/web\/.content\/home\/ambits_dactuacio\/patrimoni_natural\/especies_exotiques_medinatural\/llista_sp_catalogades\/flora\/fitxes\/Opuntia_maxima_31.pdf\"><em>Opuntia maxima<\/em><\/a>), el <a href=\"https:\/\/mediambient.gencat.cat\/web\/.content\/home\/ambits_dactuacio\/patrimoni_natural\/especies_exotiques_medinatural\/llista_sp_catalogades\/flora\/fitxes\/Senecio_inaequidens_39.pdf\">seneci<\/a> (<a href=\"https:\/\/mediambient.gencat.cat\/web\/.content\/home\/ambits_dactuacio\/patrimoni_natural\/especies_exotiques_medinatural\/llista_sp_catalogades\/flora\/fitxes\/Senecio_inaequidens_39.pdf\"><em>Senecio inaequidens<\/em><\/a>), l&#8217;<a href=\"https:\/\/mediambient.gencat.cat\/web\/.content\/home\/ambits_dactuacio\/patrimoni_natural\/especies_exotiques_medinatural\/llista_sp_catalogades\/flora\/fitxes\/Ailanthus_altissima_4.pdf\">ailant<\/a> (<a href=\"https:\/\/mediambient.gencat.cat\/web\/.content\/home\/ambits_dactuacio\/patrimoni_natural\/especies_exotiques_medinatural\/llista_sp_catalogades\/flora\/fitxes\/Ailanthus_altissima_4.pdf\"><em>Ailanthus altissima<\/em><\/a>) i la <a href=\"https:\/\/herbarivirtual.uib.es\/ca\/general\/234\/especie\/arundo-donax-l-\">canya americana<\/a> (<a href=\"https:\/\/herbarivirtual.uib.es\/ca\/general\/234\/especie\/arundo-donax-l-\"><em>Arundo donax<\/em><\/a>), entre d&#8217;altres.<\/p>\n<p>Moltes gr\u00e0cies, Sergi!<\/p>\n","protected":false},"excerpt":{"rendered":"<p>Avui, dijous 9 de maig, hem fet una activitat sobre esp\u00e8cies invasores, ara que estem treballant la biodiversitat, per veure quines s\u00f3n les plantes ex\u00f2tiques invasores que podem trobar al tram de cam\u00ed de ronda entre Calella i Llafranc. En Sergi, t\u00e8cnic de medi ambient de l&#8217;ajuntament de Palafrugell, ens ha ensenyat a recon\u00e8ixer l&#8217;ungla [&hellip;]<\/p>\n","protected":false},"author":1,"featured_media":8221,"comment_status":"closed","ping_status":"closed","sticky":false,"template":"","format":"standard","meta":{"_bbp_topic_count":0,"_bbp_reply_count":0,"_bbp_total_topic_count":0,"_bbp_total_reply_count":0,"_bbp_voice_count":0,"_bbp_anonymous_reply_count":0,"_bbp_topic_count_hidden":0,"_bbp_reply_count_hidden":0,"_bbp_forum_subforum_count":0,"site-sidebar-layout":"default","site-content-layout":"","ast-site-content-layout":"","site-content-style":"default","site-sidebar-style":"default","ast-global-header-display":"","ast-banner-title-visibility":"","ast-main-header-display":"","ast-hfb-above-header-display":"","ast-hfb-below-header-display":"","ast-hfb-mobile-header-display":"","site-post-title":"","ast-breadcrumbs-content":"","ast-featured-img":"","footer-sml-layout":"","theme-transparent-header-meta":"","adv-header-id-meta":"","stick-header-meta":"","header-above-stick-meta":"","header-main-stick-meta":"","header-below-stick-meta":"","astra-migrate-meta-layouts":"default","ast-page-background-enabled":"default","ast-page-background-meta":{"desktop":{"background-color":"var(--ast-global-color-4)","background-image":"","background-repeat":"repeat","background-position":"center center","background-size":"auto","background-attachment":"scroll","background-type":"","background-media":"","overlay-type":"","overlay-color":"","overlay-opacity":"","overlay-gradient":""},"tablet":{"background-color":"","background-image":"","background-repeat":"repeat","background-position":"center center","background-size":"auto","background-attachment":"scroll","background-type":"","background-media":"","overlay-type":"","overlay-color":"","overlay-opacity":"","overlay-gradient":""},"mobile":{"background-color":"","background-image":"","background-repeat":"repeat","background-position":"center center","background-size":"auto","background-attachment":"scroll","background-type":"","background-media":"","overlay-type":"","overlay-color":"","overlay-opacity":"","overlay-gradient":""}},"ast-content-background-meta":{"desktop":{"background-color":"var(--ast-global-color-5)","background-image":"","background-repeat":"repeat","background-position":"center center","background-size":"auto","background-attachment":"scroll","background-type":"","background-media":"","overlay-type":"","overlay-color":"","overlay-opacity":"","overlay-gradient":""},"tablet":{"background-color":"var(--ast-global-color-5)","background-image":"","background-repeat":"repeat","background-position":"center center","background-size":"auto","background-attachment":"scroll","background-type":"","background-media":"","overlay-type":"","overlay-color":"","overlay-opacity":"","overlay-gradient":""},"mobile":{"background-color":"var(--ast-global-color-5)","background-image":"","background-repeat":"repeat","background-position":"center center","background-size":"auto","background-attachment":"scroll","background-type":"","background-media":"","overlay-type":"","overlay-color":"","overlay-opacity":"","overlay-gradient":""}},"footnotes":""},"categories":[5,3,31,1,29],"tags":[1271,1603,885,56,423,201,149,1602],"class_list":["post-8218","post","type-post","status-publish","format-standard","has-post-thumbnail","hentry","category-2n_eso","category-eso","category-families","category-general","category-portada","tag-ajuntament-de-palafrugell","tag-biodiversitat","tag-calella","tag-escola-verda","tag-escoles-verdes","tag-llafranc","tag-medi-ambient","tag-plantes-invasores"],"post_mailing_queue_ids":[],"_links":{"self":[{"href":"https:\/\/agora.xtec.cat\/iesfredericmarti\/wp-json\/wp\/v2\/posts\/8218","targetHints":{"allow":["GET"]}}],"collection":[{"href":"https:\/\/agora.xtec.cat\/iesfredericmarti\/wp-json\/wp\/v2\/posts"}],"about":[{"href":"https:\/\/agora.xtec.cat\/iesfredericmarti\/wp-json\/wp\/v2\/types\/post"}],"author":[{"embeddable":true,"href":"https:\/\/agora.xtec.cat\/iesfredericmarti\/wp-json\/wp\/v2\/users\/1"}],"replies":[{"embeddable":true,"href":"https:\/\/agora.xtec.cat\/iesfredericmarti\/wp-json\/wp\/v2\/comments?post=8218"}],"version-history":[{"count":5,"href":"https:\/\/agora.xtec.cat\/iesfredericmarti\/wp-json\/wp\/v2\/posts\/8218\/revisions"}],"predecessor-version":[{"id":8225,"href":"https:\/\/agora.xtec.cat\/iesfredericmarti\/wp-json\/wp\/v2\/posts\/8218\/revisions\/8225"}],"wp:featuredmedia":[{"embeddable":true,"href":"https:\/\/agora.xtec.cat\/iesfredericmarti\/wp-json\/wp\/v2\/media\/8221"}],"wp:attachment":[{"href":"https:\/\/agora.xtec.cat\/iesfredericmarti\/wp-json\/wp\/v2\/media?parent=8218"}],"wp:term":[{"taxonomy":"category","embeddable":true,"href":"https:\/\/agora.xtec.cat\/iesfredericmarti\/wp-json\/wp\/v2\/categories?post=8218"},{"taxonomy":"post_tag","embeddable":true,"href":"https:\/\/agora.xtec.cat\/iesfredericmarti\/wp-json\/wp\/v2\/tags?post=8218"}],"curies":[{"name":"wp","href":"https:\/\/api.w.org\/{rel}","templated":true}]}}