{"id":7969,"date":"2024-03-08T15:20:45","date_gmt":"2024-03-08T14:20:45","guid":{"rendered":"https:\/\/agora.xtec.cat\/iesfredericmarti\/?p=7969"},"modified":"2024-03-08T15:21:20","modified_gmt":"2024-03-08T14:21:20","slug":"3-eso-i-el-siei-de-visita-al-parlament-i-la-ciutadella","status":"publish","type":"post","link":"https:\/\/agora.xtec.cat\/iesfredericmarti\/general\/3-eso-i-el-siei-de-visita-al-parlament-i-la-ciutadella\/","title":{"rendered":"3 ESO I SIEI DE VISITA AL PARLAMENT I LA CIUTADELLA"},"content":{"rendered":"<p><a href=\"https:\/\/photos.app.goo.gl\/n2teQt5Tj3LnRJPp7\"><img loading=\"lazy\" decoding=\"async\" class=\"wp-image-7971 alignright\" src=\"https:\/\/agora.xtec.cat\/iesfredericmarti\/wp-content\/uploads\/usu920\/2024\/03\/3-ESO-I-SIEI-al-Parlament-de-Catalunya-2024-galeria-1024x1024.png\" alt=\"\" width=\"350\" height=\"350\" srcset=\"https:\/\/agora.xtec.cat\/iesfredericmarti\/wp-content\/uploads\/usu920\/2024\/03\/3-ESO-I-SIEI-al-Parlament-de-Catalunya-2024-galeria-1024x1024.png 1024w, https:\/\/agora.xtec.cat\/iesfredericmarti\/wp-content\/uploads\/usu920\/2024\/03\/3-ESO-I-SIEI-al-Parlament-de-Catalunya-2024-galeria-300x300.png 300w, https:\/\/agora.xtec.cat\/iesfredericmarti\/wp-content\/uploads\/usu920\/2024\/03\/3-ESO-I-SIEI-al-Parlament-de-Catalunya-2024-galeria-150x150.png 150w, https:\/\/agora.xtec.cat\/iesfredericmarti\/wp-content\/uploads\/usu920\/2024\/03\/3-ESO-I-SIEI-al-Parlament-de-Catalunya-2024-galeria-768x768.png 768w, https:\/\/agora.xtec.cat\/iesfredericmarti\/wp-content\/uploads\/usu920\/2024\/03\/3-ESO-I-SIEI-al-Parlament-de-Catalunya-2024-galeria.png 1080w\" sizes=\"auto, (max-width: 350px) 100vw, 350px\" \/><\/a>El passat dilluns 4 de mar\u00e7 l\u2019alumnat de <strong>3r ESO<\/strong> i del <strong>SIEI<\/strong> vam fer una sortida a <strong>Barcelona<\/strong>. All\u00e0 ens van<br \/>\nfer una visita guiada a l\u2019edifici del <strong>Parlament de Catalunya<\/strong>, on ens van explicar la seva hist\u00f2ria i el seu funcionament.<\/p>\n<p>M\u00e9s tard, l\u2019alumnat va poder gaudir d\u2019una passejada pel <strong>Parc de la Ciutadella<\/strong> i el seu entorn en un dia que s\u2019ho van passar d\u2019all\u00f2 m\u00e9s b\u00e9.<\/p>\n","protected":false},"excerpt":{"rendered":"<p>El passat dilluns 4 de mar\u00e7 l\u2019alumnat de 3r ESO i del SIEI vam fer una sortida a Barcelona. All\u00e0 ens van fer una visita guiada a l\u2019edifici del Parlament de Catalunya, on ens van explicar la seva hist\u00f2ria i el seu funcionament. M\u00e9s tard, l\u2019alumnat va poder gaudir d\u2019una passejada pel Parc de la [&hellip;]<\/p>\n","protected":false},"author":1,"featured_media":7973,"comment_status":"closed","ping_status":"closed","sticky":false,"template":"","format":"standard","meta":{"_bbp_topic_count":0,"_bbp_reply_count":0,"_bbp_total_topic_count":0,"_bbp_total_reply_count":0,"_bbp_voice_count":0,"_bbp_anonymous_reply_count":0,"_bbp_topic_count_hidden":0,"_bbp_reply_count_hidden":0,"_bbp_forum_subforum_count":0,"site-sidebar-layout":"default","site-content-layout":"","ast-site-content-layout":"","site-content-style":"default","site-sidebar-style":"default","ast-global-header-display":"","ast-banner-title-visibility":"","ast-main-header-display":"","ast-hfb-above-header-display":"","ast-hfb-below-header-display":"","ast-hfb-mobile-header-display":"","site-post-title":"","ast-breadcrumbs-content":"","ast-featured-img":"","footer-sml-layout":"","theme-transparent-header-meta":"","adv-header-id-meta":"","stick-header-meta":"","header-above-stick-meta":"","header-main-stick-meta":"","header-below-stick-meta":"","astra-migrate-meta-layouts":"default","ast-page-background-enabled":"default","ast-page-background-meta":{"desktop":{"background-color":"var(--ast-global-color-4)","background-image":"","background-repeat":"repeat","background-position":"center center","background-size":"auto","background-attachment":"scroll","background-type":"","background-media":"","overlay-type":"","overlay-color":"","overlay-opacity":"","overlay-gradient":""},"tablet":{"background-color":"","background-image":"","background-repeat":"repeat","background-position":"center center","background-size":"auto","background-attachment":"scroll","background-type":"","background-media":"","overlay-type":"","overlay-color":"","overlay-opacity":"","overlay-gradient":""},"mobile":{"background-color":"","background-image":"","background-repeat":"repeat","background-position":"center center","background-size":"auto","background-attachment":"scroll","background-type":"","background-media":"","overlay-type":"","overlay-color":"","overlay-opacity":"","overlay-gradient":""}},"ast-content-background-meta":{"desktop":{"background-color":"var(--ast-global-color-5)","background-image":"","background-repeat":"repeat","background-position":"center center","background-size":"auto","background-attachment":"scroll","background-type":"","background-media":"","overlay-type":"","overlay-color":"","overlay-opacity":"","overlay-gradient":""},"tablet":{"background-color":"var(--ast-global-color-5)","background-image":"","background-repeat":"repeat","background-position":"center center","background-size":"auto","background-attachment":"scroll","background-type":"","background-media":"","overlay-type":"","overlay-color":"","overlay-opacity":"","overlay-gradient":""},"mobile":{"background-color":"var(--ast-global-color-5)","background-image":"","background-repeat":"repeat","background-position":"center center","background-size":"auto","background-attachment":"scroll","background-type":"","background-media":"","overlay-type":"","overlay-color":"","overlay-opacity":"","overlay-gradient":""}},"footnotes":""},"categories":[6,3,1,29],"tags":[141,333,413,1471,1558,1557,451,39],"class_list":["post-7969","post","type-post","status-publish","format-standard","has-post-thumbnail","hentry","category-3r_eso","category-eso","category-general","category-portada","tag-3-eso","tag-barcelona","tag-ciencies-socials","tag-curs-2023-24","tag-parc-de-la-ciutadella","tag-parlament","tag-siei","tag-sortides"],"post_mailing_queue_ids":[],"_links":{"self":[{"href":"https:\/\/agora.xtec.cat\/iesfredericmarti\/wp-json\/wp\/v2\/posts\/7969","targetHints":{"allow":["GET"]}}],"collection":[{"href":"https:\/\/agora.xtec.cat\/iesfredericmarti\/wp-json\/wp\/v2\/posts"}],"about":[{"href":"https:\/\/agora.xtec.cat\/iesfredericmarti\/wp-json\/wp\/v2\/types\/post"}],"author":[{"embeddable":true,"href":"https:\/\/agora.xtec.cat\/iesfredericmarti\/wp-json\/wp\/v2\/users\/1"}],"replies":[{"embeddable":true,"href":"https:\/\/agora.xtec.cat\/iesfredericmarti\/wp-json\/wp\/v2\/comments?post=7969"}],"version-history":[{"count":4,"href":"https:\/\/agora.xtec.cat\/iesfredericmarti\/wp-json\/wp\/v2\/posts\/7969\/revisions"}],"predecessor-version":[{"id":7975,"href":"https:\/\/agora.xtec.cat\/iesfredericmarti\/wp-json\/wp\/v2\/posts\/7969\/revisions\/7975"}],"wp:featuredmedia":[{"embeddable":true,"href":"https:\/\/agora.xtec.cat\/iesfredericmarti\/wp-json\/wp\/v2\/media\/7973"}],"wp:attachment":[{"href":"https:\/\/agora.xtec.cat\/iesfredericmarti\/wp-json\/wp\/v2\/media?parent=7969"}],"wp:term":[{"taxonomy":"category","embeddable":true,"href":"https:\/\/agora.xtec.cat\/iesfredericmarti\/wp-json\/wp\/v2\/categories?post=7969"},{"taxonomy":"post_tag","embeddable":true,"href":"https:\/\/agora.xtec.cat\/iesfredericmarti\/wp-json\/wp\/v2\/tags?post=7969"}],"curies":[{"name":"wp","href":"https:\/\/api.w.org\/{rel}","templated":true}]}}