{"id":7934,"date":"2024-03-01T09:44:24","date_gmt":"2024-03-01T08:44:24","guid":{"rendered":"https:\/\/agora.xtec.cat\/iesfredericmarti\/?p=7934"},"modified":"2024-03-05T11:20:22","modified_gmt":"2024-03-05T10:20:22","slug":"lalumnat-de-4-eso-coneix-larxiu-municipal","status":"publish","type":"post","link":"https:\/\/agora.xtec.cat\/iesfredericmarti\/general\/lalumnat-de-4-eso-coneix-larxiu-municipal\/","title":{"rendered":"ELS ALUMNES DE 4 ESO CONEIXEN EL FUNCIONAMENT DE L&#8217;ARXIU MUNICIPAL"},"content":{"rendered":"<p><a href=\"https:\/\/photos.app.goo.gl\/hFLH6Vq8vAbxeXst5\"><img loading=\"lazy\" decoding=\"async\" class=\"wp-image-7935 alignright\" src=\"https:\/\/agora.xtec.cat\/iesfredericmarti\/wp-content\/uploads\/usu920\/2024\/03\/xerrada-arxiver-4-ESO-galeria-1024x1024.png\" alt=\"\" width=\"300\" height=\"300\" srcset=\"https:\/\/agora.xtec.cat\/iesfredericmarti\/wp-content\/uploads\/usu920\/2024\/03\/xerrada-arxiver-4-ESO-galeria-1024x1024.png 1024w, https:\/\/agora.xtec.cat\/iesfredericmarti\/wp-content\/uploads\/usu920\/2024\/03\/xerrada-arxiver-4-ESO-galeria-300x300.png 300w, https:\/\/agora.xtec.cat\/iesfredericmarti\/wp-content\/uploads\/usu920\/2024\/03\/xerrada-arxiver-4-ESO-galeria-150x150.png 150w, https:\/\/agora.xtec.cat\/iesfredericmarti\/wp-content\/uploads\/usu920\/2024\/03\/xerrada-arxiver-4-ESO-galeria-768x768.png 768w, https:\/\/agora.xtec.cat\/iesfredericmarti\/wp-content\/uploads\/usu920\/2024\/03\/xerrada-arxiver-4-ESO-galeria.png 1080w\" sizes=\"auto, (max-width: 300px) 100vw, 300px\" \/><\/a>El departament de Ci\u00e8ncies Socials ha organitzat la xerrada informativa <strong>&#8220;Con\u00e8ixer l&#8217;arxiu de Palafrugell&#8221;<\/strong> sobre l\u2019Arxiu Municipal.<\/p>\n<p>Les xerrades, a c\u00e0rrec de l&#8217;arxiver<strong> \u00d2scar Alegre<\/strong>, han estat adre\u00e7ades als alumnes de <strong>4t d\u2019ESO<\/strong><br \/>\namb l\u2019objectiu d\u2019explicar la funci\u00f3 de l\u2019arxiu, la documentaci\u00f3 que cont\u00e9 i informar dels serveis que ofereix als estudiants.<\/p>\n<p>La visita de l&#8217;\u00d2scar ha estat una bona oportunitat per introduir-los dins del m\u00f3n dels arxius. Les xerrades es van dur a terme els passats dilluns i dimarts 26 i 27 de febrer.<\/p>\n","protected":false},"excerpt":{"rendered":"<p>El departament de Ci\u00e8ncies Socials ha organitzat la xerrada informativa &#8220;Con\u00e8ixer l&#8217;arxiu de Palafrugell&#8221; sobre l\u2019Arxiu Municipal. Les xerrades, a c\u00e0rrec de l&#8217;arxiver \u00d2scar Alegre, han estat adre\u00e7ades als alumnes de 4t d\u2019ESO amb l\u2019objectiu d\u2019explicar la funci\u00f3 de l\u2019arxiu, la documentaci\u00f3 que cont\u00e9 i informar dels serveis que ofereix als estudiants. La visita de [&hellip;]<\/p>\n","protected":false},"author":1,"featured_media":7937,"comment_status":"closed","ping_status":"closed","sticky":false,"template":"","format":"standard","meta":{"_bbp_topic_count":0,"_bbp_reply_count":0,"_bbp_total_topic_count":0,"_bbp_total_reply_count":0,"_bbp_voice_count":0,"_bbp_anonymous_reply_count":0,"_bbp_topic_count_hidden":0,"_bbp_reply_count_hidden":0,"_bbp_forum_subforum_count":0,"site-sidebar-layout":"default","site-content-layout":"","ast-site-content-layout":"","site-content-style":"default","site-sidebar-style":"default","ast-global-header-display":"","ast-banner-title-visibility":"","ast-main-header-display":"","ast-hfb-above-header-display":"","ast-hfb-below-header-display":"","ast-hfb-mobile-header-display":"","site-post-title":"","ast-breadcrumbs-content":"","ast-featured-img":"","footer-sml-layout":"","theme-transparent-header-meta":"","adv-header-id-meta":"","stick-header-meta":"","header-above-stick-meta":"","header-main-stick-meta":"","header-below-stick-meta":"","astra-migrate-meta-layouts":"default","ast-page-background-enabled":"default","ast-page-background-meta":{"desktop":{"background-color":"var(--ast-global-color-4)","background-image":"","background-repeat":"repeat","background-position":"center center","background-size":"auto","background-attachment":"scroll","background-type":"","background-media":"","overlay-type":"","overlay-color":"","overlay-opacity":"","overlay-gradient":""},"tablet":{"background-color":"","background-image":"","background-repeat":"repeat","background-position":"center center","background-size":"auto","background-attachment":"scroll","background-type":"","background-media":"","overlay-type":"","overlay-color":"","overlay-opacity":"","overlay-gradient":""},"mobile":{"background-color":"","background-image":"","background-repeat":"repeat","background-position":"center center","background-size":"auto","background-attachment":"scroll","background-type":"","background-media":"","overlay-type":"","overlay-color":"","overlay-opacity":"","overlay-gradient":""}},"ast-content-background-meta":{"desktop":{"background-color":"var(--ast-global-color-5)","background-image":"","background-repeat":"repeat","background-position":"center center","background-size":"auto","background-attachment":"scroll","background-type":"","background-media":"","overlay-type":"","overlay-color":"","overlay-opacity":"","overlay-gradient":""},"tablet":{"background-color":"var(--ast-global-color-5)","background-image":"","background-repeat":"repeat","background-position":"center center","background-size":"auto","background-attachment":"scroll","background-type":"","background-media":"","overlay-type":"","overlay-color":"","overlay-opacity":"","overlay-gradient":""},"mobile":{"background-color":"var(--ast-global-color-5)","background-image":"","background-repeat":"repeat","background-position":"center center","background-size":"auto","background-attachment":"scroll","background-type":"","background-media":"","overlay-type":"","overlay-color":"","overlay-opacity":"","overlay-gradient":""}},"footnotes":""},"categories":[7,3,1,29],"tags":[118,1551,1552,413,1471,44],"class_list":["post-7934","post","type-post","status-publish","format-standard","has-post-thumbnail","hentry","category-4t_eso","category-eso","category-general","category-portada","tag-4-eso","tag-arxiu-municipal","tag-arxiver","tag-ciencies-socials","tag-curs-2023-24","tag-xerrades"],"post_mailing_queue_ids":[],"_links":{"self":[{"href":"https:\/\/agora.xtec.cat\/iesfredericmarti\/wp-json\/wp\/v2\/posts\/7934","targetHints":{"allow":["GET"]}}],"collection":[{"href":"https:\/\/agora.xtec.cat\/iesfredericmarti\/wp-json\/wp\/v2\/posts"}],"about":[{"href":"https:\/\/agora.xtec.cat\/iesfredericmarti\/wp-json\/wp\/v2\/types\/post"}],"author":[{"embeddable":true,"href":"https:\/\/agora.xtec.cat\/iesfredericmarti\/wp-json\/wp\/v2\/users\/1"}],"replies":[{"embeddable":true,"href":"https:\/\/agora.xtec.cat\/iesfredericmarti\/wp-json\/wp\/v2\/comments?post=7934"}],"version-history":[{"count":5,"href":"https:\/\/agora.xtec.cat\/iesfredericmarti\/wp-json\/wp\/v2\/posts\/7934\/revisions"}],"predecessor-version":[{"id":7941,"href":"https:\/\/agora.xtec.cat\/iesfredericmarti\/wp-json\/wp\/v2\/posts\/7934\/revisions\/7941"}],"wp:featuredmedia":[{"embeddable":true,"href":"https:\/\/agora.xtec.cat\/iesfredericmarti\/wp-json\/wp\/v2\/media\/7937"}],"wp:attachment":[{"href":"https:\/\/agora.xtec.cat\/iesfredericmarti\/wp-json\/wp\/v2\/media?parent=7934"}],"wp:term":[{"taxonomy":"category","embeddable":true,"href":"https:\/\/agora.xtec.cat\/iesfredericmarti\/wp-json\/wp\/v2\/categories?post=7934"},{"taxonomy":"post_tag","embeddable":true,"href":"https:\/\/agora.xtec.cat\/iesfredericmarti\/wp-json\/wp\/v2\/tags?post=7934"}],"curies":[{"name":"wp","href":"https:\/\/api.w.org\/{rel}","templated":true}]}}