{"id":7852,"date":"2024-02-01T11:46:34","date_gmt":"2024-02-01T10:46:34","guid":{"rendered":"https:\/\/agora.xtec.cat\/iesfredericmarti\/?p=7852"},"modified":"2024-02-01T12:04:31","modified_gmt":"2024-02-01T11:04:31","slug":"convocatoria-ajuts-economics-individuals-de-desplacament","status":"publish","type":"post","link":"https:\/\/agora.xtec.cat\/iesfredericmarti\/general\/convocatoria-ajuts-economics-individuals-de-desplacament\/","title":{"rendered":"CONVOCAT\u00d2RIA AJUTS ECON\u00d2MICS INDIVIDUALS DE DESPLA\u00c7AMENT"},"content":{"rendered":"<p><a href=\"https:\/\/agora.xtec.cat\/iesfredericmarti\/wp-content\/uploads\/usu920\/2024\/02\/Cartell-AID-23-24-A3.jpg\"><img loading=\"lazy\" decoding=\"async\" class=\" wp-image-7855 alignright\" src=\"https:\/\/agora.xtec.cat\/iesfredericmarti\/wp-content\/uploads\/usu920\/2024\/02\/Cartell-AID-23-24-A3-724x1024.jpg\" alt=\"\" width=\"350\" height=\"495\" srcset=\"https:\/\/agora.xtec.cat\/iesfredericmarti\/wp-content\/uploads\/usu920\/2024\/02\/Cartell-AID-23-24-A3-724x1024.jpg 724w, https:\/\/agora.xtec.cat\/iesfredericmarti\/wp-content\/uploads\/usu920\/2024\/02\/Cartell-AID-23-24-A3-212x300.jpg 212w, https:\/\/agora.xtec.cat\/iesfredericmarti\/wp-content\/uploads\/usu920\/2024\/02\/Cartell-AID-23-24-A3-768x1086.jpg 768w, https:\/\/agora.xtec.cat\/iesfredericmarti\/wp-content\/uploads\/usu920\/2024\/02\/Cartell-AID-23-24-A3-1086x1536.jpg 1086w, https:\/\/agora.xtec.cat\/iesfredericmarti\/wp-content\/uploads\/usu920\/2024\/02\/Cartell-AID-23-24-A3-1448x2048.jpg 1448w, https:\/\/agora.xtec.cat\/iesfredericmarti\/wp-content\/uploads\/usu920\/2024\/02\/Cartell-AID-23-24-A3.jpg 1754w\" sizes=\"auto, (max-width: 350px) 100vw, 350px\" \/><\/a>Us comuniquem que, per al curs escolar 2023-2024, el Consell Comarcal del Baix Empord\u00e0 ha publicat les <strong>bases reguladores de la convocat\u00f2ria per a l\u2019atorgament d\u2019ajuts econ\u00f2mics individuals de despla\u00e7ament<\/strong> a l\u2019alumnat escolaritzat en els nivells d\u2019ensenyament obligatori i de segon cicle d\u2019educaci\u00f3 infantil dels centres p\u00fablics i privats concertats de la comarca.<\/p>\n<h5>TERMINI DE PRESENTACI\u00d3<\/h5>\n<p>Del 5 de febrer (des de les 9 h) al 29 de febrer (fins a les 14 h) de 2024 (ambd\u00f3s inclosos).<\/p>\n<p>Fora d\u2019aquest termini no s\u2019admetran noves sol\u00b7licituds.<\/p>\n<h5>TRAMITACI\u00d3 DE LES SOL\u00b7LICITUDS<\/h5>\n<h6>Telem\u00e0ticament<\/h6>\n<p>A trav\u00e9s de la seu electr\u00f2nica del Consell Comarcal del Baix Empord\u00e0:<a href=\"https:\/\/baixemporda.eadministracio.cat\/\" data-saferedirecturl=\"https:\/\/www.google.com\/url?q=https:\/\/baixemporda.eadministracio.cat&amp;source=gmail&amp;ust=1706870015636000&amp;usg=AOvVaw0MHlu8mbaNwDcgOjxrks77\"> https:\/\/baixemporda.eadministracio.cat<\/a><\/p>\n<h6>Presencialment<\/h6>\n<p>A l\u2019oficina d\u2019Assist\u00e8ncia en Mat\u00e8ria de Registre (OAMR)<\/p>\n<p>Consell Comarcal del Baix Empord\u00e0.<\/p>\n<ol>\n<li>Tarongers, 12\u00a0 17100, la Bisbal d\u2019Empord\u00e0<\/li>\n<\/ol>\n<p>De dilluns a divendres de 9 a 14 h.<\/p>\n<p>&nbsp;<\/p>\n<p>Les persones interessades a sol\u00b7licitar l\u2019ajut trobaran tota la informaci\u00f3 d\u2019aquesta convocat\u00f2ria a: <a href=\"https:\/\/www.baixemporda.cat\/ca\/arees\/ensenyament\/ajuts-economics\/ajuts-desplacament\/\" data-saferedirecturl=\"https:\/\/www.google.com\/url?q=https:\/\/www.baixemporda.cat\/ca\/arees\/ensenyament\/ajuts-economics\/ajuts-desplacament\/&amp;source=gmail&amp;ust=1706870015636000&amp;usg=AOvVaw02LyiKEOQsfX_JSD5av7et\">https:\/\/www.baixemporda.cat\/ca\/arees\/ensenyament\/ajuts-economics\/ajuts-desplacament\/<\/a><\/p>\n<p>Us adjuntem les bases, el cartell\u00a0de la convocat\u00f2ria i la guia de com tramitar la sol\u00b7licitud de l\u2019ajut telem\u00e0ticament.<\/p>\n<ul>\n<li><a href=\"https:\/\/agora.xtec.cat\/iesfredericmarti\/wp-content\/uploads\/usu920\/2024\/02\/Bases-ajuts-economics-individuals-de-desplacament.-Curs-2023-2024.-def.pdf\">Bases ajuts econ\u00f2mics individuals de despla\u00e7ament (curs 2023-2024)<\/a><\/li>\n<li><a href=\"https:\/\/agora.xtec.cat\/iesfredericmarti\/wp-content\/uploads\/usu920\/2024\/02\/Cartell-AID-23-24-A3.jpg\">Cartell de la convocat\u00f2ria 2023-24<\/a><\/li>\n<li><a href=\"https:\/\/agora.xtec.cat\/iesfredericmarti\/wp-content\/uploads\/usu920\/2024\/02\/GUIA-PER-TRAMITAR-TELEMATICAMENT-LA-SOL\u00b7LICITUD-DE-LAJUT-DE-DESPLACAMENT.-CONVOCATORIA-CURS-2023-2024.pdf\">Guia per a tramitar telem\u00e0ticament la sol\u00b7licitud de l&#8217;ajut de despla\u00e7ament (convocat\u00f2ria 2023-24)<\/a><\/li>\n<\/ul>\n","protected":false},"excerpt":{"rendered":"<p>Us comuniquem que, per al curs escolar 2023-2024, el Consell Comarcal del Baix Empord\u00e0 ha publicat les bases reguladores de la convocat\u00f2ria per a l\u2019atorgament d\u2019ajuts econ\u00f2mics individuals de despla\u00e7ament a l\u2019alumnat escolaritzat en els nivells d\u2019ensenyament obligatori i de segon cicle d\u2019educaci\u00f3 infantil dels centres p\u00fablics i privats concertats de la comarca. TERMINI DE [&hellip;]<\/p>\n","protected":false},"author":1,"featured_media":7855,"comment_status":"closed","ping_status":"closed","sticky":false,"template":"","format":"standard","meta":{"_bbp_topic_count":0,"_bbp_reply_count":0,"_bbp_total_topic_count":0,"_bbp_total_reply_count":0,"_bbp_voice_count":0,"_bbp_anonymous_reply_count":0,"_bbp_topic_count_hidden":0,"_bbp_reply_count_hidden":0,"_bbp_forum_subforum_count":0,"site-sidebar-layout":"default","site-content-layout":"","ast-site-content-layout":"","site-content-style":"default","site-sidebar-style":"default","ast-global-header-display":"","ast-banner-title-visibility":"","ast-main-header-display":"","ast-hfb-above-header-display":"","ast-hfb-below-header-display":"","ast-hfb-mobile-header-display":"","site-post-title":"","ast-breadcrumbs-content":"","ast-featured-img":"","footer-sml-layout":"","theme-transparent-header-meta":"","adv-header-id-meta":"","stick-header-meta":"","header-above-stick-meta":"","header-main-stick-meta":"","header-below-stick-meta":"","astra-migrate-meta-layouts":"default","ast-page-background-enabled":"default","ast-page-background-meta":{"desktop":{"background-color":"var(--ast-global-color-4)","background-image":"","background-repeat":"repeat","background-position":"center center","background-size":"auto","background-attachment":"scroll","background-type":"","background-media":"","overlay-type":"","overlay-color":"","overlay-opacity":"","overlay-gradient":""},"tablet":{"background-color":"","background-image":"","background-repeat":"repeat","background-position":"center center","background-size":"auto","background-attachment":"scroll","background-type":"","background-media":"","overlay-type":"","overlay-color":"","overlay-opacity":"","overlay-gradient":""},"mobile":{"background-color":"","background-image":"","background-repeat":"repeat","background-position":"center center","background-size":"auto","background-attachment":"scroll","background-type":"","background-media":"","overlay-type":"","overlay-color":"","overlay-opacity":"","overlay-gradient":""}},"ast-content-background-meta":{"desktop":{"background-color":"var(--ast-global-color-5)","background-image":"","background-repeat":"repeat","background-position":"center center","background-size":"auto","background-attachment":"scroll","background-type":"","background-media":"","overlay-type":"","overlay-color":"","overlay-opacity":"","overlay-gradient":""},"tablet":{"background-color":"var(--ast-global-color-5)","background-image":"","background-repeat":"repeat","background-position":"center center","background-size":"auto","background-attachment":"scroll","background-type":"","background-media":"","overlay-type":"","overlay-color":"","overlay-opacity":"","overlay-gradient":""},"mobile":{"background-color":"var(--ast-global-color-5)","background-image":"","background-repeat":"repeat","background-position":"center center","background-size":"auto","background-attachment":"scroll","background-type":"","background-media":"","overlay-type":"","overlay-color":"","overlay-opacity":"","overlay-gradient":""}},"footnotes":""},"categories":[3,31,1,29],"tags":[251,250,774,1072,1471,392],"class_list":["post-7852","post","type-post","status-publish","format-standard","has-post-thumbnail","hentry","category-eso","category-families","category-general","category-portada","tag-ajudes","tag-beques","tag-beques-desplacaments","tag-consell-comarcal","tag-curs-2023-24","tag-transport"],"post_mailing_queue_ids":[],"_links":{"self":[{"href":"https:\/\/agora.xtec.cat\/iesfredericmarti\/wp-json\/wp\/v2\/posts\/7852","targetHints":{"allow":["GET"]}}],"collection":[{"href":"https:\/\/agora.xtec.cat\/iesfredericmarti\/wp-json\/wp\/v2\/posts"}],"about":[{"href":"https:\/\/agora.xtec.cat\/iesfredericmarti\/wp-json\/wp\/v2\/types\/post"}],"author":[{"embeddable":true,"href":"https:\/\/agora.xtec.cat\/iesfredericmarti\/wp-json\/wp\/v2\/users\/1"}],"replies":[{"embeddable":true,"href":"https:\/\/agora.xtec.cat\/iesfredericmarti\/wp-json\/wp\/v2\/comments?post=7852"}],"version-history":[{"count":5,"href":"https:\/\/agora.xtec.cat\/iesfredericmarti\/wp-json\/wp\/v2\/posts\/7852\/revisions"}],"predecessor-version":[{"id":7861,"href":"https:\/\/agora.xtec.cat\/iesfredericmarti\/wp-json\/wp\/v2\/posts\/7852\/revisions\/7861"}],"wp:featuredmedia":[{"embeddable":true,"href":"https:\/\/agora.xtec.cat\/iesfredericmarti\/wp-json\/wp\/v2\/media\/7855"}],"wp:attachment":[{"href":"https:\/\/agora.xtec.cat\/iesfredericmarti\/wp-json\/wp\/v2\/media?parent=7852"}],"wp:term":[{"taxonomy":"category","embeddable":true,"href":"https:\/\/agora.xtec.cat\/iesfredericmarti\/wp-json\/wp\/v2\/categories?post=7852"},{"taxonomy":"post_tag","embeddable":true,"href":"https:\/\/agora.xtec.cat\/iesfredericmarti\/wp-json\/wp\/v2\/tags?post=7852"}],"curies":[{"name":"wp","href":"https:\/\/api.w.org\/{rel}","templated":true}]}}