{"id":7747,"date":"2024-01-16T12:06:47","date_gmt":"2024-01-16T11:06:47","guid":{"rendered":"https:\/\/agora.xtec.cat\/iesfredericmarti\/?p=7747"},"modified":"2024-01-18T08:21:45","modified_gmt":"2024-01-18T07:21:45","slug":"blog-de-receptes-de-cuina-del-siei","status":"publish","type":"post","link":"https:\/\/agora.xtec.cat\/iesfredericmarti\/general\/blog-de-receptes-de-cuina-del-siei\/","title":{"rendered":"BLOG DE RECEPTES DE CUINA DEL SIEI"},"content":{"rendered":"<p><a href=\"https:\/\/sites.google.com\/insfredericmarti.cat\/cuina-siei\/inici\"><img loading=\"lazy\" decoding=\"async\" class=\" wp-image-7770 alignright\" src=\"https:\/\/agora.xtec.cat\/iesfredericmarti\/wp-content\/uploads\/usu920\/2024\/01\/v.2.-Receptes-cuina-SIEI-logotip.png\" alt=\"\" width=\"300\" height=\"300\" srcset=\"https:\/\/agora.xtec.cat\/iesfredericmarti\/wp-content\/uploads\/usu920\/2024\/01\/v.2.-Receptes-cuina-SIEI-logotip.png 1080w, https:\/\/agora.xtec.cat\/iesfredericmarti\/wp-content\/uploads\/usu920\/2024\/01\/v.2.-Receptes-cuina-SIEI-logotip-300x300.png 300w, https:\/\/agora.xtec.cat\/iesfredericmarti\/wp-content\/uploads\/usu920\/2024\/01\/v.2.-Receptes-cuina-SIEI-logotip-1024x1024.png 1024w, https:\/\/agora.xtec.cat\/iesfredericmarti\/wp-content\/uploads\/usu920\/2024\/01\/v.2.-Receptes-cuina-SIEI-logotip-150x150.png 150w, https:\/\/agora.xtec.cat\/iesfredericmarti\/wp-content\/uploads\/usu920\/2024\/01\/v.2.-Receptes-cuina-SIEI-logotip-768x768.png 768w\" sizes=\"auto, (max-width: 300px) 100vw, 300px\" \/><\/a>Som els i les alumnes del <strong>SIEI<\/strong>. Hem fet aquest blog perqu\u00e8 la gent pugui cuinar receptes de tot el m\u00f3n. Trobareu les receptes ordenades per continents. Si cliqueu el logo us portar\u00e0 al <a href=\"https:\/\/sites.google.com\/insfredericmarti.cat\/cuina-siei\/inici\">web de les receptes<\/a>.<\/p>\n<p>Tamb\u00e9 podreu accedir-hi clicant al logotip que trobareu a la secci\u00f3 de<em> &#8220;blogs i enlla\u00e7os d&#8217;inter\u00e8s&#8221;<\/em> que apareix a l&#8217;esquerra de la p\u00e0gina d&#8217;inici del web de l&#8217;institut.<\/p>\n<p>BON PROFIT!<\/p>\n<p>&nbsp;<\/p>\n","protected":false},"excerpt":{"rendered":"<p>Som els i les alumnes del SIEI. Hem fet aquest blog perqu\u00e8 la gent pugui cuinar receptes de tot el m\u00f3n. Trobareu les receptes ordenades per continents. Si cliqueu el logo us portar\u00e0 al web de les receptes. Tamb\u00e9 podreu accedir-hi clicant al logotip que trobareu a la secci\u00f3 de &#8220;blogs i enlla\u00e7os d&#8217;inter\u00e8s&#8221; que [&hellip;]<\/p>\n","protected":false},"author":1,"featured_media":7770,"comment_status":"closed","ping_status":"closed","sticky":false,"template":"","format":"standard","meta":{"_bbp_topic_count":0,"_bbp_reply_count":0,"_bbp_total_topic_count":0,"_bbp_total_reply_count":0,"_bbp_voice_count":0,"_bbp_anonymous_reply_count":0,"_bbp_topic_count_hidden":0,"_bbp_reply_count_hidden":0,"_bbp_forum_subforum_count":0,"site-sidebar-layout":"default","site-content-layout":"","ast-site-content-layout":"","site-content-style":"default","site-sidebar-style":"default","ast-global-header-display":"","ast-banner-title-visibility":"","ast-main-header-display":"","ast-hfb-above-header-display":"","ast-hfb-below-header-display":"","ast-hfb-mobile-header-display":"","site-post-title":"","ast-breadcrumbs-content":"","ast-featured-img":"","footer-sml-layout":"","theme-transparent-header-meta":"","adv-header-id-meta":"","stick-header-meta":"","header-above-stick-meta":"","header-main-stick-meta":"","header-below-stick-meta":"","astra-migrate-meta-layouts":"default","ast-page-background-enabled":"default","ast-page-background-meta":{"desktop":{"background-color":"var(--ast-global-color-4)","background-image":"","background-repeat":"repeat","background-position":"center center","background-size":"auto","background-attachment":"scroll","background-type":"","background-media":"","overlay-type":"","overlay-color":"","overlay-opacity":"","overlay-gradient":""},"tablet":{"background-color":"","background-image":"","background-repeat":"repeat","background-position":"center center","background-size":"auto","background-attachment":"scroll","background-type":"","background-media":"","overlay-type":"","overlay-color":"","overlay-opacity":"","overlay-gradient":""},"mobile":{"background-color":"","background-image":"","background-repeat":"repeat","background-position":"center center","background-size":"auto","background-attachment":"scroll","background-type":"","background-media":"","overlay-type":"","overlay-color":"","overlay-opacity":"","overlay-gradient":""}},"ast-content-background-meta":{"desktop":{"background-color":"var(--ast-global-color-5)","background-image":"","background-repeat":"repeat","background-position":"center center","background-size":"auto","background-attachment":"scroll","background-type":"","background-media":"","overlay-type":"","overlay-color":"","overlay-opacity":"","overlay-gradient":""},"tablet":{"background-color":"var(--ast-global-color-5)","background-image":"","background-repeat":"repeat","background-position":"center center","background-size":"auto","background-attachment":"scroll","background-type":"","background-media":"","overlay-type":"","overlay-color":"","overlay-opacity":"","overlay-gradient":""},"mobile":{"background-color":"var(--ast-global-color-5)","background-image":"","background-repeat":"repeat","background-position":"center center","background-size":"auto","background-attachment":"scroll","background-type":"","background-media":"","overlay-type":"","overlay-color":"","overlay-opacity":"","overlay-gradient":""}},"footnotes":""},"categories":[3,31,1,29],"tags":[1532,413,134,1471,1537,439,1531,451],"class_list":["post-7747","post","type-post","status-publish","format-standard","has-post-thumbnail","hentry","category-eso","category-families","category-general","category-portada","tag-blog-de-receptes","tag-ciencies-socials","tag-cuina","tag-curs-2023-24","tag-gastronomia","tag-geografia","tag-receptes","tag-siei"],"post_mailing_queue_ids":[],"_links":{"self":[{"href":"https:\/\/agora.xtec.cat\/iesfredericmarti\/wp-json\/wp\/v2\/posts\/7747","targetHints":{"allow":["GET"]}}],"collection":[{"href":"https:\/\/agora.xtec.cat\/iesfredericmarti\/wp-json\/wp\/v2\/posts"}],"about":[{"href":"https:\/\/agora.xtec.cat\/iesfredericmarti\/wp-json\/wp\/v2\/types\/post"}],"author":[{"embeddable":true,"href":"https:\/\/agora.xtec.cat\/iesfredericmarti\/wp-json\/wp\/v2\/users\/1"}],"replies":[{"embeddable":true,"href":"https:\/\/agora.xtec.cat\/iesfredericmarti\/wp-json\/wp\/v2\/comments?post=7747"}],"version-history":[{"count":6,"href":"https:\/\/agora.xtec.cat\/iesfredericmarti\/wp-json\/wp\/v2\/posts\/7747\/revisions"}],"predecessor-version":[{"id":7778,"href":"https:\/\/agora.xtec.cat\/iesfredericmarti\/wp-json\/wp\/v2\/posts\/7747\/revisions\/7778"}],"wp:featuredmedia":[{"embeddable":true,"href":"https:\/\/agora.xtec.cat\/iesfredericmarti\/wp-json\/wp\/v2\/media\/7770"}],"wp:attachment":[{"href":"https:\/\/agora.xtec.cat\/iesfredericmarti\/wp-json\/wp\/v2\/media?parent=7747"}],"wp:term":[{"taxonomy":"category","embeddable":true,"href":"https:\/\/agora.xtec.cat\/iesfredericmarti\/wp-json\/wp\/v2\/categories?post=7747"},{"taxonomy":"post_tag","embeddable":true,"href":"https:\/\/agora.xtec.cat\/iesfredericmarti\/wp-json\/wp\/v2\/tags?post=7747"}],"curies":[{"name":"wp","href":"https:\/\/api.w.org\/{rel}","templated":true}]}}