{"id":7714,"date":"2023-12-15T14:28:42","date_gmt":"2023-12-15T13:28:42","guid":{"rendered":"https:\/\/agora.xtec.cat\/iesfredericmarti\/?p=7714"},"modified":"2023-12-15T14:30:04","modified_gmt":"2023-12-15T13:30:04","slug":"xx-edicio-del-concurs-de-fotografia-matematica","status":"publish","type":"post","link":"https:\/\/agora.xtec.cat\/iesfredericmarti\/general\/xx-edicio-del-concurs-de-fotografia-matematica\/","title":{"rendered":"XX EDICI\u00d3 DEL CONCURS DE FOTOGRAFIA MATEM\u00c0TICA"},"content":{"rendered":"<p><img loading=\"lazy\" decoding=\"async\" class=\"wp-image-7717 alignright\" src=\"https:\/\/agora.xtec.cat\/iesfredericmarti\/wp-content\/uploads\/usu920\/2023\/12\/Brilla-espiral-768x1024.jpg\" alt=\"\" width=\"350\" height=\"467\" srcset=\"https:\/\/agora.xtec.cat\/iesfredericmarti\/wp-content\/uploads\/usu920\/2023\/12\/Brilla-espiral-768x1024.jpg 768w, https:\/\/agora.xtec.cat\/iesfredericmarti\/wp-content\/uploads\/usu920\/2023\/12\/Brilla-espiral-225x300.jpg 225w, https:\/\/agora.xtec.cat\/iesfredericmarti\/wp-content\/uploads\/usu920\/2023\/12\/Brilla-espiral-1152x1536.jpg 1152w, https:\/\/agora.xtec.cat\/iesfredericmarti\/wp-content\/uploads\/usu920\/2023\/12\/Brilla-espiral.jpg 1512w\" sizes=\"auto, (max-width: 350px) 100vw, 350px\" \/>Ja tenim aqu\u00ed la <strong>XX edici\u00f3 del concurs de fotografia matem\u00e0tica<\/strong>!<\/p>\n<p>Com ja deveu saber, des del curs passat aquest concurs \u00e9s obert a tots els alumnes de tots els centres de Palafrugell. Els alumnes d&#8217;ESO hi participen de manera obligat\u00f2ria i els de Batxillerat i Cicles ho fan de manera volunt\u00e0ria en la categoria E on tamb\u00e9 hi s\u00f3n convidats a participar les mares i pares, el professorat, altres treballadors del centre, etc.<\/p>\n<p>Aquest any, <strong>com a novetat trobareu que la fotografia ha de complir alguna condici\u00f3 segons la categoria<\/strong> a la qual participeu. Trobareu <strong>tota la informaci\u00f3 detallada a les bases<\/strong>.<\/p>\n<ul>\n<li><a href=\"https:\/\/agora.xtec.cat\/iesfredericmarti\/wp-content\/uploads\/usu920\/2023\/12\/Bases-del-XX-Concurs-de-Fotografia-matematica-23-24.pdf\">Bases del XX Concurs de Fotografia matem\u00e0tica 23-24<\/a><\/li>\n<\/ul>\n","protected":false},"excerpt":{"rendered":"<p>Ja tenim aqu\u00ed la XX edici\u00f3 del concurs de fotografia matem\u00e0tica! Com ja deveu saber, des del curs passat aquest concurs \u00e9s obert a tots els alumnes de tots els centres de Palafrugell. Els alumnes d&#8217;ESO hi participen de manera obligat\u00f2ria i els de Batxillerat i Cicles ho fan de manera volunt\u00e0ria en la categoria [&hellip;]<\/p>\n","protected":false},"author":1,"featured_media":7717,"comment_status":"closed","ping_status":"closed","sticky":false,"template":"","format":"standard","meta":{"_bbp_topic_count":0,"_bbp_reply_count":0,"_bbp_total_topic_count":0,"_bbp_total_reply_count":0,"_bbp_voice_count":0,"_bbp_anonymous_reply_count":0,"_bbp_topic_count_hidden":0,"_bbp_reply_count_hidden":0,"_bbp_forum_subforum_count":0,"site-sidebar-layout":"default","site-content-layout":"","ast-site-content-layout":"","site-content-style":"default","site-sidebar-style":"default","ast-global-header-display":"","ast-banner-title-visibility":"","ast-main-header-display":"","ast-hfb-above-header-display":"","ast-hfb-below-header-display":"","ast-hfb-mobile-header-display":"","site-post-title":"","ast-breadcrumbs-content":"","ast-featured-img":"","footer-sml-layout":"","theme-transparent-header-meta":"","adv-header-id-meta":"","stick-header-meta":"","header-above-stick-meta":"","header-main-stick-meta":"","header-below-stick-meta":"","astra-migrate-meta-layouts":"default","ast-page-background-enabled":"default","ast-page-background-meta":{"desktop":{"background-color":"var(--ast-global-color-4)","background-image":"","background-repeat":"repeat","background-position":"center center","background-size":"auto","background-attachment":"scroll","background-type":"","background-media":"","overlay-type":"","overlay-color":"","overlay-opacity":"","overlay-gradient":""},"tablet":{"background-color":"","background-image":"","background-repeat":"repeat","background-position":"center center","background-size":"auto","background-attachment":"scroll","background-type":"","background-media":"","overlay-type":"","overlay-color":"","overlay-opacity":"","overlay-gradient":""},"mobile":{"background-color":"","background-image":"","background-repeat":"repeat","background-position":"center center","background-size":"auto","background-attachment":"scroll","background-type":"","background-media":"","overlay-type":"","overlay-color":"","overlay-opacity":"","overlay-gradient":""}},"ast-content-background-meta":{"desktop":{"background-color":"var(--ast-global-color-5)","background-image":"","background-repeat":"repeat","background-position":"center center","background-size":"auto","background-attachment":"scroll","background-type":"","background-media":"","overlay-type":"","overlay-color":"","overlay-opacity":"","overlay-gradient":""},"tablet":{"background-color":"var(--ast-global-color-5)","background-image":"","background-repeat":"repeat","background-position":"center center","background-size":"auto","background-attachment":"scroll","background-type":"","background-media":"","overlay-type":"","overlay-color":"","overlay-opacity":"","overlay-gradient":""},"mobile":{"background-color":"var(--ast-global-color-5)","background-image":"","background-repeat":"repeat","background-position":"center center","background-size":"auto","background-attachment":"scroll","background-type":"","background-media":"","overlay-type":"","overlay-color":"","overlay-opacity":"","overlay-gradient":""}},"footnotes":""},"categories":[8,3,31,1,29],"tags":[1525,150,156,1471,151,41],"class_list":["post-7714","post","type-post","status-publish","format-standard","has-post-thumbnail","hentry","category-batxillerat","category-eso","category-families","category-general","category-portada","tag-20e-concurs-de-fotografia-matematica","tag-concurs-fotografic","tag-concursos","tag-curs-2023-24","tag-fotografia","tag-matematiques"],"post_mailing_queue_ids":[],"_links":{"self":[{"href":"https:\/\/agora.xtec.cat\/iesfredericmarti\/wp-json\/wp\/v2\/posts\/7714","targetHints":{"allow":["GET"]}}],"collection":[{"href":"https:\/\/agora.xtec.cat\/iesfredericmarti\/wp-json\/wp\/v2\/posts"}],"about":[{"href":"https:\/\/agora.xtec.cat\/iesfredericmarti\/wp-json\/wp\/v2\/types\/post"}],"author":[{"embeddable":true,"href":"https:\/\/agora.xtec.cat\/iesfredericmarti\/wp-json\/wp\/v2\/users\/1"}],"replies":[{"embeddable":true,"href":"https:\/\/agora.xtec.cat\/iesfredericmarti\/wp-json\/wp\/v2\/comments?post=7714"}],"version-history":[{"count":2,"href":"https:\/\/agora.xtec.cat\/iesfredericmarti\/wp-json\/wp\/v2\/posts\/7714\/revisions"}],"predecessor-version":[{"id":7718,"href":"https:\/\/agora.xtec.cat\/iesfredericmarti\/wp-json\/wp\/v2\/posts\/7714\/revisions\/7718"}],"wp:featuredmedia":[{"embeddable":true,"href":"https:\/\/agora.xtec.cat\/iesfredericmarti\/wp-json\/wp\/v2\/media\/7717"}],"wp:attachment":[{"href":"https:\/\/agora.xtec.cat\/iesfredericmarti\/wp-json\/wp\/v2\/media?parent=7714"}],"wp:term":[{"taxonomy":"category","embeddable":true,"href":"https:\/\/agora.xtec.cat\/iesfredericmarti\/wp-json\/wp\/v2\/categories?post=7714"},{"taxonomy":"post_tag","embeddable":true,"href":"https:\/\/agora.xtec.cat\/iesfredericmarti\/wp-json\/wp\/v2\/tags?post=7714"}],"curies":[{"name":"wp","href":"https:\/\/api.w.org\/{rel}","templated":true}]}}