{"id":7625,"date":"2023-11-21T11:55:58","date_gmt":"2023-11-21T10:55:58","guid":{"rendered":"https:\/\/agora.xtec.cat\/iesfredericmarti\/?p=7625"},"modified":"2023-11-26T20:41:55","modified_gmt":"2023-11-26T19:41:55","slug":"capsules-informatives-de-loptativa-descoles-verdes","status":"publish","type":"post","link":"https:\/\/agora.xtec.cat\/iesfredericmarti\/general\/capsules-informatives-de-loptativa-descoles-verdes\/","title":{"rendered":"C\u00c0PSULES INFORMATIVES DE L&#8217;OPTATIVA D&#8217;ESCOLES VERDES"},"content":{"rendered":"<h3><span style=\"font-weight: 400;\"><img loading=\"lazy\" decoding=\"async\" class=\" wp-image-7655 alignright\" src=\"https:\/\/agora.xtec.cat\/iesfredericmarti\/wp-content\/uploads\/usu920\/2023\/11\/recollida-taps-de-suro-1-944x1024.jpg\" alt=\"\" width=\"301\" height=\"327\" srcset=\"https:\/\/agora.xtec.cat\/iesfredericmarti\/wp-content\/uploads\/usu920\/2023\/11\/recollida-taps-de-suro-1-944x1024.jpg 944w, https:\/\/agora.xtec.cat\/iesfredericmarti\/wp-content\/uploads\/usu920\/2023\/11\/recollida-taps-de-suro-1-276x300.jpg 276w, https:\/\/agora.xtec.cat\/iesfredericmarti\/wp-content\/uploads\/usu920\/2023\/11\/recollida-taps-de-suro-1-768x833.jpg 768w, https:\/\/agora.xtec.cat\/iesfredericmarti\/wp-content\/uploads\/usu920\/2023\/11\/recollida-taps-de-suro-1-1415x1536.jpg 1415w, https:\/\/agora.xtec.cat\/iesfredericmarti\/wp-content\/uploads\/usu920\/2023\/11\/recollida-taps-de-suro-1-1887x2048.jpg 1887w, https:\/\/agora.xtec.cat\/iesfredericmarti\/wp-content\/uploads\/usu920\/2023\/11\/recollida-taps-de-suro-1.jpg 1960w\" sizes=\"auto, (max-width: 301px) 100vw, 301px\" \/>Recollida de taps de suro<\/span><\/h3>\n<p><span style=\"font-weight: 400;\">S&#8217;han instal\u00b7lat urnes de <a href=\"https:\/\/www.icsuro.com\/projectes\/alcorke-projecte-demostratiu-per-a-lus-de-residus-de-suro-per-a-la-fabricacio-descocells-i-paviments-de-parcs-infantils\/\">recollida de taps de suro facilitades per l&#8217;Institut Catal\u00e0 del Suro de Palafrugell<\/a>, a l&#8217;entrada de l&#8217;edifici principal del Frederic Mart\u00ed, a la sala de professors i tamb\u00e9 a la seu del Centre Municipal d\u2019Educaci\u00f3 (CME).<\/span><\/p>\n<p><span style=\"font-weight: 400;\">Amb els taps recollits, l&#8217;Institut Catal\u00e0 del Suro far\u00e0 diferents projectes, com per exemple la creaci\u00f3 de \u201cterra\u201d amb aquest material pels parcs infantils.<\/span><\/p>\n<h3><span style=\"font-weight: 400;\">Projecte Apilo XII<\/span><\/h3>\n<p><span style=\"font-weight: 400;\">La finalitat d\u2019aquest <a href=\"https:\/\/www.apilo.cat\/#\">concurs<\/a> \u00e9s la recollida de piles, ja que la normativa vigent diu que haur\u00edem d\u2019arribar al 45% de reciclatge en piles i acumuladors port\u00e0tils (bateries), i a Catalunya nom\u00e9s arribem al 34%.<\/span><\/p>\n<h3><span style=\"font-weight: 400;\"><img loading=\"lazy\" decoding=\"async\" class=\" wp-image-7627 alignright\" src=\"https:\/\/agora.xtec.cat\/iesfredericmarti\/wp-content\/uploads\/usu920\/2023\/11\/cohet-184x300.png\" alt=\"\" width=\"162\" height=\"265\" srcset=\"https:\/\/agora.xtec.cat\/iesfredericmarti\/wp-content\/uploads\/usu920\/2023\/11\/cohet-184x300.png 184w, https:\/\/agora.xtec.cat\/iesfredericmarti\/wp-content\/uploads\/usu920\/2023\/11\/cohet.png 400w\" sizes=\"auto, (max-width: 162px) 100vw, 162px\" \/><\/span><\/h3>\n<p><span style=\"font-weight: 400;\">La setmana que ve comen\u00e7arem el concurs de recollida de piles, i el que farem a l&#8217;institut \u00e9s posar una mini caixa a cada classe i els alumnes que vulguin poden ajudar a la recollida de piles aportant les seves piles.<\/span><\/p>\n<p><span style=\"font-weight: 400;\">Hi ha premi; 1.500 euros si som l&#8217;institut que m\u00e9s piles recull de tota la prov\u00edncia de Girona.<\/span><\/p>\n<h3><span style=\"font-weight: 400;\">Recollida de m\u00f2bils<\/span><\/h3>\n<p><span style=\"font-weight: 400;\">Sabies que aproximadament el 90% dels materials d&#8217;un m\u00f2bil es poden reutilitzar?!<\/span><\/p>\n<p><span style=\"font-weight: 400;\">5 minuts del teu temps poden tenir un gran impacte i generar un gran canvi al m\u00f3n.<\/span><\/p>\n<p>Aviat engegarem una campanya de recollida de m\u00f2bils vells i podreu portar els vostres a l&#8217;institut. Ja us n&#8217;informarem!<\/p>\n<h3><span style=\"font-weight: 400;\"><img loading=\"lazy\" decoding=\"async\" class=\" wp-image-7630 alignright\" src=\"https:\/\/agora.xtec.cat\/iesfredericmarti\/wp-content\/uploads\/usu920\/2023\/11\/coltan-300x170.jpg\" alt=\"\" width=\"229\" height=\"130\" srcset=\"https:\/\/agora.xtec.cat\/iesfredericmarti\/wp-content\/uploads\/usu920\/2023\/11\/coltan-300x170.jpg 300w, https:\/\/agora.xtec.cat\/iesfredericmarti\/wp-content\/uploads\/usu920\/2023\/11\/coltan-1024x582.jpg 1024w, https:\/\/agora.xtec.cat\/iesfredericmarti\/wp-content\/uploads\/usu920\/2023\/11\/coltan-768x436.jpg 768w, https:\/\/agora.xtec.cat\/iesfredericmarti\/wp-content\/uploads\/usu920\/2023\/11\/coltan-1536x873.jpg 1536w, https:\/\/agora.xtec.cat\/iesfredericmarti\/wp-content\/uploads\/usu920\/2023\/11\/coltan.jpg 1834w\" sizes=\"auto, (max-width: 229px) 100vw, 229px\" \/>El coltan \u00e9s esc\u00e0s<\/span><\/h3>\n<p><span style=\"font-weight: 400;\">El 80% de les reserves es troben a la Rep\u00fablica democr\u00e0tica del Congo i la seva extracci\u00f3 causa:<\/span><\/p>\n<ul>\n<li style=\"font-weight: 400;\" aria-level=\"1\"><span style=\"font-weight: 400;\">Desequilibri sociopol\u00edtic<\/span><\/li>\n<li style=\"font-weight: 400;\" aria-level=\"1\"><span style=\"font-weight: 400;\">Contraban de material<\/span><\/li>\n<li style=\"font-weight: 400;\" aria-level=\"1\"><span style=\"font-weight: 400;\">Explotaci\u00f3 infantil<\/span><\/li>\n<li style=\"font-weight: 400;\" aria-level=\"1\"><span style=\"font-weight: 400;\">Deteriorament de l&#8217;ecosistema i danys a les esp\u00e8cies en perill d&#8217;extinci\u00f3<\/span><\/li>\n<\/ul>\n<p>&nbsp;<\/p>\n<p style=\"text-align: right;\">Alumnes de 2n d&#8217;ESO de l&#8217;optativa d&#8217;Escoles Verdes<\/p>\n","protected":false},"excerpt":{"rendered":"<p>Recollida de taps de suro S&#8217;han instal\u00b7lat urnes de recollida de taps de suro facilitades per l&#8217;Institut Catal\u00e0 del Suro de Palafrugell, a l&#8217;entrada de l&#8217;edifici principal del Frederic Mart\u00ed, a la sala de professors i tamb\u00e9 a la seu del Centre Municipal d\u2019Educaci\u00f3 (CME). Amb els taps recollits, l&#8217;Institut Catal\u00e0 del Suro far\u00e0 diferents [&hellip;]<\/p>\n","protected":false},"author":1,"featured_media":7655,"comment_status":"closed","ping_status":"closed","sticky":false,"template":"","format":"standard","meta":{"_bbp_topic_count":0,"_bbp_reply_count":0,"_bbp_total_topic_count":0,"_bbp_total_reply_count":0,"_bbp_voice_count":0,"_bbp_anonymous_reply_count":0,"_bbp_topic_count_hidden":0,"_bbp_reply_count_hidden":0,"_bbp_forum_subforum_count":0,"site-sidebar-layout":"default","site-content-layout":"","ast-site-content-layout":"","site-content-style":"default","site-sidebar-style":"default","ast-global-header-display":"","ast-banner-title-visibility":"","ast-main-header-display":"","ast-hfb-above-header-display":"","ast-hfb-below-header-display":"","ast-hfb-mobile-header-display":"","site-post-title":"","ast-breadcrumbs-content":"","ast-featured-img":"","footer-sml-layout":"","theme-transparent-header-meta":"","adv-header-id-meta":"","stick-header-meta":"","header-above-stick-meta":"","header-main-stick-meta":"","header-below-stick-meta":"","astra-migrate-meta-layouts":"default","ast-page-background-enabled":"default","ast-page-background-meta":{"desktop":{"background-color":"var(--ast-global-color-4)","background-image":"","background-repeat":"repeat","background-position":"center center","background-size":"auto","background-attachment":"scroll","background-type":"","background-media":"","overlay-type":"","overlay-color":"","overlay-opacity":"","overlay-gradient":""},"tablet":{"background-color":"","background-image":"","background-repeat":"repeat","background-position":"center center","background-size":"auto","background-attachment":"scroll","background-type":"","background-media":"","overlay-type":"","overlay-color":"","overlay-opacity":"","overlay-gradient":""},"mobile":{"background-color":"","background-image":"","background-repeat":"repeat","background-position":"center center","background-size":"auto","background-attachment":"scroll","background-type":"","background-media":"","overlay-type":"","overlay-color":"","overlay-opacity":"","overlay-gradient":""}},"ast-content-background-meta":{"desktop":{"background-color":"var(--ast-global-color-5)","background-image":"","background-repeat":"repeat","background-position":"center center","background-size":"auto","background-attachment":"scroll","background-type":"","background-media":"","overlay-type":"","overlay-color":"","overlay-opacity":"","overlay-gradient":""},"tablet":{"background-color":"var(--ast-global-color-5)","background-image":"","background-repeat":"repeat","background-position":"center center","background-size":"auto","background-attachment":"scroll","background-type":"","background-media":"","overlay-type":"","overlay-color":"","overlay-opacity":"","overlay-gradient":""},"mobile":{"background-color":"var(--ast-global-color-5)","background-image":"","background-repeat":"repeat","background-position":"center center","background-size":"auto","background-attachment":"scroll","background-type":"","background-media":"","overlay-type":"","overlay-color":"","overlay-opacity":"","overlay-gradient":""}},"footnotes":""},"categories":[5,8,3,31,1,29],"tags":[133,56,149,1004,385],"class_list":["post-7625","post","type-post","status-publish","format-standard","has-post-thumbnail","hentry","category-2n_eso","category-batxillerat","category-eso","category-families","category-general","category-portada","tag-2-eso","tag-escola-verda","tag-medi-ambient","tag-sensibilitzacio-ambiental","tag-sostenibilitat"],"post_mailing_queue_ids":[],"_links":{"self":[{"href":"https:\/\/agora.xtec.cat\/iesfredericmarti\/wp-json\/wp\/v2\/posts\/7625","targetHints":{"allow":["GET"]}}],"collection":[{"href":"https:\/\/agora.xtec.cat\/iesfredericmarti\/wp-json\/wp\/v2\/posts"}],"about":[{"href":"https:\/\/agora.xtec.cat\/iesfredericmarti\/wp-json\/wp\/v2\/types\/post"}],"author":[{"embeddable":true,"href":"https:\/\/agora.xtec.cat\/iesfredericmarti\/wp-json\/wp\/v2\/users\/1"}],"replies":[{"embeddable":true,"href":"https:\/\/agora.xtec.cat\/iesfredericmarti\/wp-json\/wp\/v2\/comments?post=7625"}],"version-history":[{"count":6,"href":"https:\/\/agora.xtec.cat\/iesfredericmarti\/wp-json\/wp\/v2\/posts\/7625\/revisions"}],"predecessor-version":[{"id":7658,"href":"https:\/\/agora.xtec.cat\/iesfredericmarti\/wp-json\/wp\/v2\/posts\/7625\/revisions\/7658"}],"wp:featuredmedia":[{"embeddable":true,"href":"https:\/\/agora.xtec.cat\/iesfredericmarti\/wp-json\/wp\/v2\/media\/7655"}],"wp:attachment":[{"href":"https:\/\/agora.xtec.cat\/iesfredericmarti\/wp-json\/wp\/v2\/media?parent=7625"}],"wp:term":[{"taxonomy":"category","embeddable":true,"href":"https:\/\/agora.xtec.cat\/iesfredericmarti\/wp-json\/wp\/v2\/categories?post=7625"},{"taxonomy":"post_tag","embeddable":true,"href":"https:\/\/agora.xtec.cat\/iesfredericmarti\/wp-json\/wp\/v2\/tags?post=7625"}],"curies":[{"name":"wp","href":"https:\/\/api.w.org\/{rel}","templated":true}]}}