{"id":7581,"date":"2023-11-09T12:02:35","date_gmt":"2023-11-09T11:02:35","guid":{"rendered":"https:\/\/agora.xtec.cat\/iesfredericmarti\/?p=7581"},"modified":"2023-11-09T12:02:35","modified_gmt":"2023-11-09T11:02:35","slug":"convocatoria-de-reunio-de-lafa-de-linstitut","status":"publish","type":"post","link":"https:\/\/agora.xtec.cat\/iesfredericmarti\/general\/convocatoria-de-reunio-de-lafa-de-linstitut\/","title":{"rendered":"CONVOCAT\u00d2RIA DE REUNI\u00d3 DE L&#8217;AFA DE L&#8217;INSTITUT"},"content":{"rendered":"<p><a href=\"https:\/\/agora.xtec.cat\/iesfredericmarti\/wp-content\/uploads\/usu920\/2023\/11\/Convocatoria-de-reunio-AFA-29-11-23.jpg\"><img loading=\"lazy\" decoding=\"async\" class=\" wp-image-7613 alignright\" src=\"https:\/\/agora.xtec.cat\/iesfredericmarti\/wp-content\/uploads\/usu920\/2023\/11\/Convocatoria-de-reunio-AFA-29-11-23-725x1024.jpg\" alt=\"\" width=\"300\" height=\"424\" srcset=\"https:\/\/agora.xtec.cat\/iesfredericmarti\/wp-content\/uploads\/usu920\/2023\/11\/Convocatoria-de-reunio-AFA-29-11-23-725x1024.jpg 725w, https:\/\/agora.xtec.cat\/iesfredericmarti\/wp-content\/uploads\/usu920\/2023\/11\/Convocatoria-de-reunio-AFA-29-11-23-212x300.jpg 212w, https:\/\/agora.xtec.cat\/iesfredericmarti\/wp-content\/uploads\/usu920\/2023\/11\/Convocatoria-de-reunio-AFA-29-11-23-768x1085.jpg 768w, https:\/\/agora.xtec.cat\/iesfredericmarti\/wp-content\/uploads\/usu920\/2023\/11\/Convocatoria-de-reunio-AFA-29-11-23-1087x1536.jpg 1087w, https:\/\/agora.xtec.cat\/iesfredericmarti\/wp-content\/uploads\/usu920\/2023\/11\/Convocatoria-de-reunio-AFA-29-11-23.jpg 1242w\" sizes=\"auto, (max-width: 300px) 100vw, 300px\" \/><\/a>Benvolgudes fam\u00edlies,<\/p>\n<p>Com a socis de l\u2019AFA (Associaci\u00f3 de Fam\u00edlies d\u2019Alumnes) de l\u2019Institut Frederic Mart\u00ed Carreras, us convoquem a l\u2019Assemblea General Ordin\u00e0ria, que celebrem anualment, i que ser\u00e0:<\/p>\n<ul>\n<li>DIA: Dimecres, 29 de novembre 2023.<\/li>\n<li>HORA de la reuni\u00f3: primera convocat\u00f2ria 20:00 h.<br \/>\nsegona convocat\u00f2ria 20:15 h.<\/li>\n<li>LLOC: Aula Magna de l\u2019Institut.<\/li>\n<li>ORDRE DEL DIA<br \/>\n1. Salutaci\u00f3 i presentaci\u00f3 de la junta.<br \/>\n2. Lectura de l\u2019acta de l\u2019assemblea anterior, si cal.<br \/>\n3. Informaci\u00f3 de tresoreria, pressupost del curs actual.<br \/>\n4. Informaci\u00f3 i procediment de contacte amb l\u2019AFA.<br \/>\n5. Informacions diverses.<br \/>\n6. Torn obert de paraula.<\/li>\n<\/ul>\n<p>En aquest centre \u00e9s on els nostres fills i filles estan estudiant i hi passen moltes hores; \u00e9s molt<br \/>\nimportant que ens feu arribar les vostres propostes, inquietuds o problemes, at\u00e8s que l\u2019AFA \u00e9s<br \/>\nel mitj\u00e0 per canalitzar-les i treballar en equip amb el centre (<a href=\"mailto:ampaiesfmc@gmail.com\">ampaiesfmc@gmail.com<\/a>,<br \/>\nInstagram &#8211;<a href=\"https:\/\/www.instagram.com\/afafredericmarti\/\"><span class=\"\">@afafredericmarti<\/span><\/a>&#8211; i Facebook)<\/p>\n<p>Per tot aix\u00f2, a banda d\u2019explicar-vos les actuacions que t\u00e9 previstes l\u2019AFA per aquest curs,<br \/>\nesperem poder-vos saludar i escoltar les vostres opinions i propostes.<\/p>\n<p>Cordialment,<\/p>\n<p>La Junta<\/p>\n<p>Palafrugell, 27 d\u2019octubre de 2023<\/p>\n","protected":false},"excerpt":{"rendered":"<p>Benvolgudes fam\u00edlies, Com a socis de l\u2019AFA (Associaci\u00f3 de Fam\u00edlies d\u2019Alumnes) de l\u2019Institut Frederic Mart\u00ed Carreras, us convoquem a l\u2019Assemblea General Ordin\u00e0ria, que celebrem anualment, i que ser\u00e0: DIA: Dimecres, 29 de novembre 2023. HORA de la reuni\u00f3: primera convocat\u00f2ria 20:00 h. segona convocat\u00f2ria 20:15 h. LLOC: Aula Magna de l\u2019Institut. ORDRE DEL DIA 1. [&hellip;]<\/p>\n","protected":false},"author":1,"featured_media":7613,"comment_status":"closed","ping_status":"closed","sticky":false,"template":"","format":"standard","meta":{"_bbp_topic_count":0,"_bbp_reply_count":0,"_bbp_total_topic_count":0,"_bbp_total_reply_count":0,"_bbp_voice_count":0,"_bbp_anonymous_reply_count":0,"_bbp_topic_count_hidden":0,"_bbp_reply_count_hidden":0,"_bbp_forum_subforum_count":0,"site-sidebar-layout":"default","site-content-layout":"","ast-site-content-layout":"","site-content-style":"default","site-sidebar-style":"default","ast-global-header-display":"","ast-banner-title-visibility":"","ast-main-header-display":"","ast-hfb-above-header-display":"","ast-hfb-below-header-display":"","ast-hfb-mobile-header-display":"","site-post-title":"","ast-breadcrumbs-content":"","ast-featured-img":"","footer-sml-layout":"","theme-transparent-header-meta":"","adv-header-id-meta":"","stick-header-meta":"","header-above-stick-meta":"","header-main-stick-meta":"","header-below-stick-meta":"","astra-migrate-meta-layouts":"default","ast-page-background-enabled":"default","ast-page-background-meta":{"desktop":{"background-color":"var(--ast-global-color-4)","background-image":"","background-repeat":"repeat","background-position":"center center","background-size":"auto","background-attachment":"scroll","background-type":"","background-media":"","overlay-type":"","overlay-color":"","overlay-opacity":"","overlay-gradient":""},"tablet":{"background-color":"","background-image":"","background-repeat":"repeat","background-position":"center center","background-size":"auto","background-attachment":"scroll","background-type":"","background-media":"","overlay-type":"","overlay-color":"","overlay-opacity":"","overlay-gradient":""},"mobile":{"background-color":"","background-image":"","background-repeat":"repeat","background-position":"center center","background-size":"auto","background-attachment":"scroll","background-type":"","background-media":"","overlay-type":"","overlay-color":"","overlay-opacity":"","overlay-gradient":""}},"ast-content-background-meta":{"desktop":{"background-color":"var(--ast-global-color-5)","background-image":"","background-repeat":"repeat","background-position":"center center","background-size":"auto","background-attachment":"scroll","background-type":"","background-media":"","overlay-type":"","overlay-color":"","overlay-opacity":"","overlay-gradient":""},"tablet":{"background-color":"var(--ast-global-color-5)","background-image":"","background-repeat":"repeat","background-position":"center center","background-size":"auto","background-attachment":"scroll","background-type":"","background-media":"","overlay-type":"","overlay-color":"","overlay-opacity":"","overlay-gradient":""},"mobile":{"background-color":"var(--ast-global-color-5)","background-image":"","background-repeat":"repeat","background-position":"center center","background-size":"auto","background-attachment":"scroll","background-type":"","background-media":"","overlay-type":"","overlay-color":"","overlay-opacity":"","overlay-gradient":""}},"footnotes":""},"categories":[31,1,29],"tags":[1155,1471,1509],"class_list":["post-7581","post","type-post","status-publish","format-standard","has-post-thumbnail","hentry","category-families","category-general","category-portada","tag-afa","tag-curs-2023-24","tag-reunio-afa"],"post_mailing_queue_ids":[],"_links":{"self":[{"href":"https:\/\/agora.xtec.cat\/iesfredericmarti\/wp-json\/wp\/v2\/posts\/7581","targetHints":{"allow":["GET"]}}],"collection":[{"href":"https:\/\/agora.xtec.cat\/iesfredericmarti\/wp-json\/wp\/v2\/posts"}],"about":[{"href":"https:\/\/agora.xtec.cat\/iesfredericmarti\/wp-json\/wp\/v2\/types\/post"}],"author":[{"embeddable":true,"href":"https:\/\/agora.xtec.cat\/iesfredericmarti\/wp-json\/wp\/v2\/users\/1"}],"replies":[{"embeddable":true,"href":"https:\/\/agora.xtec.cat\/iesfredericmarti\/wp-json\/wp\/v2\/comments?post=7581"}],"version-history":[{"count":3,"href":"https:\/\/agora.xtec.cat\/iesfredericmarti\/wp-json\/wp\/v2\/posts\/7581\/revisions"}],"predecessor-version":[{"id":7614,"href":"https:\/\/agora.xtec.cat\/iesfredericmarti\/wp-json\/wp\/v2\/posts\/7581\/revisions\/7614"}],"wp:featuredmedia":[{"embeddable":true,"href":"https:\/\/agora.xtec.cat\/iesfredericmarti\/wp-json\/wp\/v2\/media\/7613"}],"wp:attachment":[{"href":"https:\/\/agora.xtec.cat\/iesfredericmarti\/wp-json\/wp\/v2\/media?parent=7581"}],"wp:term":[{"taxonomy":"category","embeddable":true,"href":"https:\/\/agora.xtec.cat\/iesfredericmarti\/wp-json\/wp\/v2\/categories?post=7581"},{"taxonomy":"post_tag","embeddable":true,"href":"https:\/\/agora.xtec.cat\/iesfredericmarti\/wp-json\/wp\/v2\/tags?post=7581"}],"curies":[{"name":"wp","href":"https:\/\/api.w.org\/{rel}","templated":true}]}}