{"id":7534,"date":"2023-09-26T11:55:46","date_gmt":"2023-09-26T09:55:46","guid":{"rendered":"https:\/\/agora.xtec.cat\/iesfredericmarti\/?p=7534"},"modified":"2023-09-26T11:55:46","modified_gmt":"2023-09-26T09:55:46","slug":"usapps-eina-per-a-comunicar-les-situacions-dassetjament-o-de-violencia-a-lescola","status":"publish","type":"post","link":"https:\/\/agora.xtec.cat\/iesfredericmarti\/general\/usapps-eina-per-a-comunicar-les-situacions-dassetjament-o-de-violencia-a-lescola\/","title":{"rendered":"USAPPS &#8211; EINA PER A COMUNICAR LES SITUACIONS D&#8217;ASSETJAMENT O DE VIOL\u00c8NCIA A L&#8217;ESCOLA"},"content":{"rendered":"<p style=\"font-family: 'Helvetica Neue', Helvetica, Helvetica, Arial, sans-serif; font-size: 16px;\"><a href=\"https:\/\/usav.educacio.gencat.cat\/\"><img loading=\"lazy\" decoding=\"async\" class=\"size-large wp-image-7538 alignright\" src=\"https:\/\/agora.xtec.cat\/iesfredericmarti\/wp-content\/uploads\/usu920\/2023\/09\/logo-UsApps_sma.jpg\" alt=\"\" width=\"400\" height=\"400\" srcset=\"https:\/\/agora.xtec.cat\/iesfredericmarti\/wp-content\/uploads\/usu920\/2023\/09\/logo-UsApps_sma.jpg 400w, https:\/\/agora.xtec.cat\/iesfredericmarti\/wp-content\/uploads\/usu920\/2023\/09\/logo-UsApps_sma-300x300.jpg 300w, https:\/\/agora.xtec.cat\/iesfredericmarti\/wp-content\/uploads\/usu920\/2023\/09\/logo-UsApps_sma-150x150.jpg 150w\" sizes=\"auto, (max-width: 400px) 100vw, 400px\" \/><\/a>Qu\u00e8 \u00e9s?<\/p>\n<p>La Unitat de Suport a l\u2019Alumnat en situaci\u00f3 de Viol\u00e8ncia (<a href=\"https:\/\/xtec.gencat.cat\/ca\/centres\/projeducatiu\/pla-escoles-lliures-de-violencies\/usav-usapps\/\">USAV<\/a>) neix del <a href=\"https:\/\/xtec.gencat.cat\/ca\/centres\/projeducatiu\/pla-escoles-lliures-de-violencies\/\">Pla de les Escoles Lliures de Viol\u00e8ncia<\/a> el 2021 i dep\u00e8n de la Direcci\u00f3 General d&#8217;Alumnat del Departament d\u2019Educaci\u00f3.<\/p>\n<p>La USAV est\u00e0 formada per un equip de professionals que acull la comunicaci\u00f3, revelaci\u00f3 o malestar, gestiona el cas de viol\u00e8ncia i en coordina l\u2019abordatge, tot seguint els protocols establerts.<\/p>\n<p>Est\u00e0 format per un equip multidisciplinari dels \u00e0mbits de:<\/p>\n<ul>\n<li>Psicologia<\/li>\n<li>Igualtat<\/li>\n<li>Pedagogia<\/li>\n<li>Jur\u00eddic<\/li>\n<li>Educaci\u00f3 social<\/li>\n<li>Gesti\u00f3<\/li>\n<\/ul>\n<p>Aquesta unitat posa a disposici\u00f3 de tota la comunitat educativa l&#8217;eina <a href=\"https:\/\/usav.educacio.gencat.cat\/\">UsApps<\/a>. Consisteix en una <strong>aplicaci\u00f3 web del Departament d\u2019Educaci\u00f3 per poder\u00a0denunciar casos d\u2019assetjament o viol\u00e8ncia\u00a0a l\u2019escola<\/strong> d\u2019una forma f\u00e0cil, intu\u00eftiva i efica\u00e7.<\/p>\n<p>Qualsevol persona \u2013<strong>alumnes, professors i familiars<\/strong>\u2013 podran denunciar un fet a trav\u00e9s de l\u2019aplicaci\u00f3 amb un<strong>\u00a0q\u00fcestionari senzill que recull les respostes\u00a0<\/strong>sobre qu\u00e8 ha passat i se\u2019n far\u00e0 un\u00a0<strong>seguiment.<\/strong><\/p>\n<p><a href=\"https:\/\/agora.xtec.cat\/iesfredericmarti\/wp-content\/uploads\/usu920\/2023\/09\/Infografia-UsApps_INFANTSiJOVES.pdf\"><img loading=\"lazy\" decoding=\"async\" class=\"aligncenter size-large wp-image-7536\" src=\"https:\/\/agora.xtec.cat\/iesfredericmarti\/wp-content\/uploads\/usu920\/2023\/09\/Infografia-UsApps_INFANTSiJOVES-1024x709.jpg\" alt=\"\" width=\"1024\" height=\"709\" srcset=\"https:\/\/agora.xtec.cat\/iesfredericmarti\/wp-content\/uploads\/usu920\/2023\/09\/Infografia-UsApps_INFANTSiJOVES-1024x709.jpg 1024w, https:\/\/agora.xtec.cat\/iesfredericmarti\/wp-content\/uploads\/usu920\/2023\/09\/Infografia-UsApps_INFANTSiJOVES-300x208.jpg 300w, https:\/\/agora.xtec.cat\/iesfredericmarti\/wp-content\/uploads\/usu920\/2023\/09\/Infografia-UsApps_INFANTSiJOVES-768x532.jpg 768w, https:\/\/agora.xtec.cat\/iesfredericmarti\/wp-content\/uploads\/usu920\/2023\/09\/Infografia-UsApps_INFANTSiJOVES-1536x1063.jpg 1536w, https:\/\/agora.xtec.cat\/iesfredericmarti\/wp-content\/uploads\/usu920\/2023\/09\/Infografia-UsApps_INFANTSiJOVES.jpg 1625w\" sizes=\"auto, (max-width: 1024px) 100vw, 1024px\" \/><\/a><\/p>\n","protected":false},"excerpt":{"rendered":"<p>Qu\u00e8 \u00e9s? La Unitat de Suport a l\u2019Alumnat en situaci\u00f3 de Viol\u00e8ncia (USAV) neix del Pla de les Escoles Lliures de Viol\u00e8ncia el 2021 i dep\u00e8n de la Direcci\u00f3 General d&#8217;Alumnat del Departament d\u2019Educaci\u00f3. La USAV est\u00e0 formada per un equip de professionals que acull la comunicaci\u00f3, revelaci\u00f3 o malestar, gestiona el cas de viol\u00e8ncia [&hellip;]<\/p>\n","protected":false},"author":1,"featured_media":7536,"comment_status":"closed","ping_status":"closed","sticky":false,"template":"","format":"standard","meta":{"_bbp_topic_count":0,"_bbp_reply_count":0,"_bbp_total_topic_count":0,"_bbp_total_reply_count":0,"_bbp_voice_count":0,"_bbp_anonymous_reply_count":0,"_bbp_topic_count_hidden":0,"_bbp_reply_count_hidden":0,"_bbp_forum_subforum_count":0,"site-sidebar-layout":"default","site-content-layout":"","ast-site-content-layout":"","site-content-style":"default","site-sidebar-style":"default","ast-global-header-display":"","ast-banner-title-visibility":"","ast-main-header-display":"","ast-hfb-above-header-display":"","ast-hfb-below-header-display":"","ast-hfb-mobile-header-display":"","site-post-title":"","ast-breadcrumbs-content":"","ast-featured-img":"","footer-sml-layout":"","theme-transparent-header-meta":"","adv-header-id-meta":"","stick-header-meta":"","header-above-stick-meta":"","header-main-stick-meta":"","header-below-stick-meta":"","astra-migrate-meta-layouts":"default","ast-page-background-enabled":"default","ast-page-background-meta":{"desktop":{"background-color":"var(--ast-global-color-4)","background-image":"","background-repeat":"repeat","background-position":"center center","background-size":"auto","background-attachment":"scroll","background-type":"","background-media":"","overlay-type":"","overlay-color":"","overlay-opacity":"","overlay-gradient":""},"tablet":{"background-color":"","background-image":"","background-repeat":"repeat","background-position":"center center","background-size":"auto","background-attachment":"scroll","background-type":"","background-media":"","overlay-type":"","overlay-color":"","overlay-opacity":"","overlay-gradient":""},"mobile":{"background-color":"","background-image":"","background-repeat":"repeat","background-position":"center center","background-size":"auto","background-attachment":"scroll","background-type":"","background-media":"","overlay-type":"","overlay-color":"","overlay-opacity":"","overlay-gradient":""}},"ast-content-background-meta":{"desktop":{"background-color":"var(--ast-global-color-5)","background-image":"","background-repeat":"repeat","background-position":"center center","background-size":"auto","background-attachment":"scroll","background-type":"","background-media":"","overlay-type":"","overlay-color":"","overlay-opacity":"","overlay-gradient":""},"tablet":{"background-color":"var(--ast-global-color-5)","background-image":"","background-repeat":"repeat","background-position":"center center","background-size":"auto","background-attachment":"scroll","background-type":"","background-media":"","overlay-type":"","overlay-color":"","overlay-opacity":"","overlay-gradient":""},"mobile":{"background-color":"var(--ast-global-color-5)","background-image":"","background-repeat":"repeat","background-position":"center center","background-size":"auto","background-attachment":"scroll","background-type":"","background-media":"","overlay-type":"","overlay-color":"","overlay-opacity":"","overlay-gradient":""}},"footnotes":""},"categories":[8,3,31,1,29],"tags":[1503,1504,1506,1505],"class_list":["post-7534","post","type-post","status-publish","format-standard","has-post-thumbnail","hentry","category-batxillerat","category-eso","category-families","category-general","category-portada","tag-aplicacio","tag-assetjament","tag-denuncia","tag-violencia"],"post_mailing_queue_ids":[],"_links":{"self":[{"href":"https:\/\/agora.xtec.cat\/iesfredericmarti\/wp-json\/wp\/v2\/posts\/7534","targetHints":{"allow":["GET"]}}],"collection":[{"href":"https:\/\/agora.xtec.cat\/iesfredericmarti\/wp-json\/wp\/v2\/posts"}],"about":[{"href":"https:\/\/agora.xtec.cat\/iesfredericmarti\/wp-json\/wp\/v2\/types\/post"}],"author":[{"embeddable":true,"href":"https:\/\/agora.xtec.cat\/iesfredericmarti\/wp-json\/wp\/v2\/users\/1"}],"replies":[{"embeddable":true,"href":"https:\/\/agora.xtec.cat\/iesfredericmarti\/wp-json\/wp\/v2\/comments?post=7534"}],"version-history":[{"count":3,"href":"https:\/\/agora.xtec.cat\/iesfredericmarti\/wp-json\/wp\/v2\/posts\/7534\/revisions"}],"predecessor-version":[{"id":7540,"href":"https:\/\/agora.xtec.cat\/iesfredericmarti\/wp-json\/wp\/v2\/posts\/7534\/revisions\/7540"}],"wp:featuredmedia":[{"embeddable":true,"href":"https:\/\/agora.xtec.cat\/iesfredericmarti\/wp-json\/wp\/v2\/media\/7536"}],"wp:attachment":[{"href":"https:\/\/agora.xtec.cat\/iesfredericmarti\/wp-json\/wp\/v2\/media?parent=7534"}],"wp:term":[{"taxonomy":"category","embeddable":true,"href":"https:\/\/agora.xtec.cat\/iesfredericmarti\/wp-json\/wp\/v2\/categories?post=7534"},{"taxonomy":"post_tag","embeddable":true,"href":"https:\/\/agora.xtec.cat\/iesfredericmarti\/wp-json\/wp\/v2\/tags?post=7534"}],"curies":[{"name":"wp","href":"https:\/\/api.w.org\/{rel}","templated":true}]}}