{"id":7353,"date":"2023-06-22T18:10:40","date_gmt":"2023-06-22T16:10:40","guid":{"rendered":"https:\/\/agora.xtec.cat\/iesfredericmarti\/?p=7353"},"modified":"2023-06-22T18:12:36","modified_gmt":"2023-06-22T16:12:36","slug":"punts-suspensius-2023-la-revista-anual-de-linstitut","status":"publish","type":"post","link":"https:\/\/agora.xtec.cat\/iesfredericmarti\/general\/punts-suspensius-2023-la-revista-anual-de-linstitut\/","title":{"rendered":"PUNTS SUSPENSIUS&#8230; 2023. LA REVISTA ANUAL DE L&#8217;INSTITUT"},"content":{"rendered":"<p><a href=\"https:\/\/agora.xtec.cat\/iesfredericmarti\/wp-content\/uploads\/usu920\/2023\/06\/Punts-Suspensius...-2023-revista-IFMC-DIGITAL_compressed.pdf\"><img loading=\"lazy\" decoding=\"async\" class=\"wp-image-7356 alignright\" src=\"https:\/\/agora.xtec.cat\/iesfredericmarti\/wp-content\/uploads\/usu920\/2023\/06\/Punts-Suspensius...-2023-revista-IFMC-DIGITAL_page-0001-725x1024.jpg\" alt=\"\" width=\"250\" height=\"353\" srcset=\"https:\/\/agora.xtec.cat\/iesfredericmarti\/wp-content\/uploads\/usu920\/2023\/06\/Punts-Suspensius...-2023-revista-IFMC-DIGITAL_page-0001-725x1024.jpg 725w, https:\/\/agora.xtec.cat\/iesfredericmarti\/wp-content\/uploads\/usu920\/2023\/06\/Punts-Suspensius...-2023-revista-IFMC-DIGITAL_page-0001-212x300.jpg 212w, https:\/\/agora.xtec.cat\/iesfredericmarti\/wp-content\/uploads\/usu920\/2023\/06\/Punts-Suspensius...-2023-revista-IFMC-DIGITAL_page-0001-768x1085.jpg 768w, https:\/\/agora.xtec.cat\/iesfredericmarti\/wp-content\/uploads\/usu920\/2023\/06\/Punts-Suspensius...-2023-revista-IFMC-DIGITAL_page-0001-1087x1536.jpg 1087w, https:\/\/agora.xtec.cat\/iesfredericmarti\/wp-content\/uploads\/usu920\/2023\/06\/Punts-Suspensius...-2023-revista-IFMC-DIGITAL_page-0001.jpg 1241w\" sizes=\"auto, (max-width: 250px) 100vw, 250px\" \/><\/a>Ja tenim l&#8217;edici\u00f3 d&#8217;enguany de <a href=\"https:\/\/agora.xtec.cat\/iesfredericmarti\/wp-content\/uploads\/usu920\/2023\/06\/Punts-Suspensius...-2023-revista-IFMC-DIGITAL_compressed.pdf\">&#8220;Punts Suspensius&#8230;&#8221;<\/a>, <span style=\"font-family: inherit; font-size: 1em;\">la nostra revista anual!<\/span><\/p>\n<p>Moltes gr\u00e0cies a totes les persones que hi heu col\u00b7laborat aportant-hi materials o patrocinant-la amb la vostra publicitat. Esperem que la gaudiu!<\/p>\n<ul>\n<li><a href=\"https:\/\/agora.xtec.cat\/iesfredericmarti\/wp-content\/uploads\/usu920\/2023\/06\/Punts-Suspensius...-2023-revista-IFMC-DIGITAL_compressed.pdf\"><strong>Punts Suspensius&#8230; curs 2022-23<\/strong><\/a><\/li>\n<\/ul>\n<p>Per motius d&#8217;extensi\u00f3, aquest any ens hem vist obligats a retallar alguns textos publicats, en concret els textos premiats en el 48\u00e8 Concurs Literari Josep Pla i Francesc Alsius. A continuaci\u00f3 us els oferim en la seva versi\u00f3 \u00edntegra.<\/p>\n<ul>\n<li>Premi Josep Pla 2023: <a href=\"https:\/\/agora.xtec.cat\/iesfredericmarti\/wp-content\/uploads\/usu920\/2023\/04\/Sabates-descolorides-Mar-Llamas-Fenoll-Premi-Josep-Pla-2023.pdf\"><strong><em>&#8220;Sabates descolorides&#8221;<\/em><\/strong> de Mar Llamas Fenoll<\/a> (p\u00e0g. 54 de la revista)<\/li>\n<li>Premi Poesia 2023: <a href=\"https:\/\/agora.xtec.cat\/iesfredericmarti\/wp-content\/uploads\/usu920\/2023\/04\/Aixopluc-Laura-Munoz-Garcia-Ramos-Premi-Poesia-2023.pdf\"><strong><em>&#8220;Aixopluc&#8221;<\/em><\/strong> de Laura Mu\u00f1oz Garcia-Ramos<\/a> (p\u00e0g. 54 de la revista)<\/li>\n<li>Premi Francesc Alsius 2023: <a href=\"https:\/\/agora.xtec.cat\/iesfredericmarti\/wp-content\/uploads\/usu920\/2023\/04\/Paris-i-molt-damor-Duna-Lledo-Garcia-Premi-Francesc-Alsius.pdf\"><strong><em>&#8220;Par\u00eds i molt d&#8217;amor&#8221;<\/em><\/strong> de Duna Lled\u00f3 Garc\u00eda<\/a> (p\u00e0g. 55 de la revista)<\/li>\n<\/ul>\n<p>&nbsp;<\/p>\n","protected":false},"excerpt":{"rendered":"<p>Ja tenim l&#8217;edici\u00f3 d&#8217;enguany de &#8220;Punts Suspensius&#8230;&#8221;, la nostra revista anual! Moltes gr\u00e0cies a totes les persones que hi heu col\u00b7laborat aportant-hi materials o patrocinant-la amb la vostra publicitat. Esperem que la gaudiu! Punts Suspensius&#8230; curs 2022-23 Per motius d&#8217;extensi\u00f3, aquest any ens hem vist obligats a retallar alguns textos publicats, en concret els textos [&hellip;]<\/p>\n","protected":false},"author":1,"featured_media":7356,"comment_status":"closed","ping_status":"closed","sticky":false,"template":"","format":"standard","meta":{"_bbp_topic_count":0,"_bbp_reply_count":0,"_bbp_total_topic_count":0,"_bbp_total_reply_count":0,"_bbp_voice_count":0,"_bbp_anonymous_reply_count":0,"_bbp_topic_count_hidden":0,"_bbp_reply_count_hidden":0,"_bbp_forum_subforum_count":0,"site-sidebar-layout":"default","site-content-layout":"","ast-site-content-layout":"","site-content-style":"default","site-sidebar-style":"default","ast-global-header-display":"","ast-banner-title-visibility":"","ast-main-header-display":"","ast-hfb-above-header-display":"","ast-hfb-below-header-display":"","ast-hfb-mobile-header-display":"","site-post-title":"","ast-breadcrumbs-content":"","ast-featured-img":"","footer-sml-layout":"","theme-transparent-header-meta":"","adv-header-id-meta":"","stick-header-meta":"","header-above-stick-meta":"","header-main-stick-meta":"","header-below-stick-meta":"","astra-migrate-meta-layouts":"default","ast-page-background-enabled":"default","ast-page-background-meta":{"desktop":{"background-color":"var(--ast-global-color-4)","background-image":"","background-repeat":"repeat","background-position":"center center","background-size":"auto","background-attachment":"scroll","background-type":"","background-media":"","overlay-type":"","overlay-color":"","overlay-opacity":"","overlay-gradient":""},"tablet":{"background-color":"","background-image":"","background-repeat":"repeat","background-position":"center center","background-size":"auto","background-attachment":"scroll","background-type":"","background-media":"","overlay-type":"","overlay-color":"","overlay-opacity":"","overlay-gradient":""},"mobile":{"background-color":"","background-image":"","background-repeat":"repeat","background-position":"center center","background-size":"auto","background-attachment":"scroll","background-type":"","background-media":"","overlay-type":"","overlay-color":"","overlay-opacity":"","overlay-gradient":""}},"ast-content-background-meta":{"desktop":{"background-color":"var(--ast-global-color-5)","background-image":"","background-repeat":"repeat","background-position":"center center","background-size":"auto","background-attachment":"scroll","background-type":"","background-media":"","overlay-type":"","overlay-color":"","overlay-opacity":"","overlay-gradient":""},"tablet":{"background-color":"var(--ast-global-color-5)","background-image":"","background-repeat":"repeat","background-position":"center center","background-size":"auto","background-attachment":"scroll","background-type":"","background-media":"","overlay-type":"","overlay-color":"","overlay-opacity":"","overlay-gradient":""},"mobile":{"background-color":"var(--ast-global-color-5)","background-image":"","background-repeat":"repeat","background-position":"center center","background-size":"auto","background-attachment":"scroll","background-type":"","background-media":"","overlay-type":"","overlay-color":"","overlay-opacity":"","overlay-gradient":""}},"footnotes":""},"categories":[8,3,31,1,29],"tags":[1482,1484,1483],"class_list":["post-7353","post","type-post","status-publish","format-standard","has-post-thumbnail","hentry","category-batxillerat","category-eso","category-families","category-general","category-portada","tag-punts-suspensius","tag-revista","tag-revista-de-linstitut"],"post_mailing_queue_ids":[],"_links":{"self":[{"href":"https:\/\/agora.xtec.cat\/iesfredericmarti\/wp-json\/wp\/v2\/posts\/7353","targetHints":{"allow":["GET"]}}],"collection":[{"href":"https:\/\/agora.xtec.cat\/iesfredericmarti\/wp-json\/wp\/v2\/posts"}],"about":[{"href":"https:\/\/agora.xtec.cat\/iesfredericmarti\/wp-json\/wp\/v2\/types\/post"}],"author":[{"embeddable":true,"href":"https:\/\/agora.xtec.cat\/iesfredericmarti\/wp-json\/wp\/v2\/users\/1"}],"replies":[{"embeddable":true,"href":"https:\/\/agora.xtec.cat\/iesfredericmarti\/wp-json\/wp\/v2\/comments?post=7353"}],"version-history":[{"count":3,"href":"https:\/\/agora.xtec.cat\/iesfredericmarti\/wp-json\/wp\/v2\/posts\/7353\/revisions"}],"predecessor-version":[{"id":7363,"href":"https:\/\/agora.xtec.cat\/iesfredericmarti\/wp-json\/wp\/v2\/posts\/7353\/revisions\/7363"}],"wp:featuredmedia":[{"embeddable":true,"href":"https:\/\/agora.xtec.cat\/iesfredericmarti\/wp-json\/wp\/v2\/media\/7356"}],"wp:attachment":[{"href":"https:\/\/agora.xtec.cat\/iesfredericmarti\/wp-json\/wp\/v2\/media?parent=7353"}],"wp:term":[{"taxonomy":"category","embeddable":true,"href":"https:\/\/agora.xtec.cat\/iesfredericmarti\/wp-json\/wp\/v2\/categories?post=7353"},{"taxonomy":"post_tag","embeddable":true,"href":"https:\/\/agora.xtec.cat\/iesfredericmarti\/wp-json\/wp\/v2\/tags?post=7353"}],"curies":[{"name":"wp","href":"https:\/\/api.w.org\/{rel}","templated":true}]}}