{"id":7289,"date":"2023-06-05T17:24:57","date_gmt":"2023-06-05T15:24:57","guid":{"rendered":"https:\/\/agora.xtec.cat\/iesfredericmarti\/?p=7289"},"modified":"2023-06-05T17:27:22","modified_gmt":"2023-06-05T15:27:22","slug":"2-eso-la-historia-de-catalunya-amb-una-visio-diferent","status":"publish","type":"post","link":"https:\/\/agora.xtec.cat\/iesfredericmarti\/general\/2-eso-la-historia-de-catalunya-amb-una-visio-diferent\/","title":{"rendered":"2 ESO LA HIST\u00d2RIA DE CATALUNYA AMB UNA VISI\u00d3 DIFERENT"},"content":{"rendered":"<p><a href=\"https:\/\/photos.app.goo.gl\/vQzShtUQi7uBHQSt7\"><img loading=\"lazy\" decoding=\"async\" class=\"size-medium wp-image-7291 alignright\" src=\"https:\/\/agora.xtec.cat\/iesfredericmarti\/wp-content\/uploads\/usu920\/2023\/06\/2-ESO-Historia-de-Catalunya-en-comic-2023-300x300.jpg\" alt=\"\" width=\"300\" height=\"300\" srcset=\"https:\/\/agora.xtec.cat\/iesfredericmarti\/wp-content\/uploads\/usu920\/2023\/06\/2-ESO-Historia-de-Catalunya-en-comic-2023-300x300.jpg 300w, https:\/\/agora.xtec.cat\/iesfredericmarti\/wp-content\/uploads\/usu920\/2023\/06\/2-ESO-Historia-de-Catalunya-en-comic-2023-1024x1024.jpg 1024w, https:\/\/agora.xtec.cat\/iesfredericmarti\/wp-content\/uploads\/usu920\/2023\/06\/2-ESO-Historia-de-Catalunya-en-comic-2023-150x150.jpg 150w, https:\/\/agora.xtec.cat\/iesfredericmarti\/wp-content\/uploads\/usu920\/2023\/06\/2-ESO-Historia-de-Catalunya-en-comic-2023-768x768.jpg 768w, https:\/\/agora.xtec.cat\/iesfredericmarti\/wp-content\/uploads\/usu920\/2023\/06\/2-ESO-Historia-de-Catalunya-en-comic-2023.jpg 1080w\" sizes=\"auto, (max-width: 300px) 100vw, 300px\" \/><\/a>Els alumnes de 2n d\u2019ESO han estudiat, treballat i aprofundit en l\u2019edat mitjana. Han apr\u00e8s sobre l\u2019economia, sistema feudal, crisis, guerres, religi\u00f3, conquestes\u2026 Despr\u00e9s de fer-ne una visi\u00f3 general s\u2019han endinsat en Catalunya i com es vivia durant aquells segles medievals.<\/p>\n<p>Per consolidar els aprenentatges han creat un c\u00f2mic sobre l\u2019edat mitjana a Catalunya. No nom\u00e9s havien d\u2019explicar els continguts essencials i hist\u00f2rics sin\u00f3 que calia treballar l\u2019originalitat, la s\u00edntesi i la coher\u00e8ncia. Cadasc\u00fa ha fet la seva versi\u00f3 d\u2019una part de la hist\u00f2ria de Catalunya i han quedat escenes tan peculiars i originals com les que podeu veure a continuaci\u00f3. Els temes que varen treballar els alumnes van ser:<\/p>\n<ol>\n<li>La creaci\u00f3 dels comtats catalans<\/li>\n<li>La desvinculaci\u00f3 amb els senyors feudals de Fran\u00e7a (985-1258)<\/li>\n<li>La creaci\u00f3 de la corona Catalanoaragonesa<\/li>\n<li>La batalla de Muret<\/li>\n<li>Les conquestes de Jaume I<\/li>\n<\/ol>\n<p>Des de la classe de socials de 2n d\u2019ESO esperem que gaudiu amb els c\u00f2mics que han preparat els alumnes dels grups A, D i E. Aqu\u00ed us en mostrem un exemple d\u2019alguns, per\u00f2 podeu trobar-los i llegir-los tots\u00a0a l\u2019<a href=\"https:\/\/photos.app.goo.gl\/vQzShtUQi7uBHQSt7\">\u00e0lbum de fotografies<\/a> del compte de l\u2019institut (<a href=\"https:\/\/photos.app.goo.gl\/vQzShtUQi7uBHQSt7\">https:\/\/photos.app.goo.gl\/vQzShtUQi7uBHQSt7<\/a>).<\/p>\n<p>&nbsp;<\/p>\n","protected":false},"excerpt":{"rendered":"<p>Els alumnes de 2n d\u2019ESO han estudiat, treballat i aprofundit en l\u2019edat mitjana. Han apr\u00e8s sobre l\u2019economia, sistema feudal, crisis, guerres, religi\u00f3, conquestes\u2026 Despr\u00e9s de fer-ne una visi\u00f3 general s\u2019han endinsat en Catalunya i com es vivia durant aquells segles medievals. Per consolidar els aprenentatges han creat un c\u00f2mic sobre l\u2019edat mitjana a Catalunya. No [&hellip;]<\/p>\n","protected":false},"author":1,"featured_media":7293,"comment_status":"closed","ping_status":"closed","sticky":false,"template":"","format":"standard","meta":{"_bbp_topic_count":0,"_bbp_reply_count":0,"_bbp_total_topic_count":0,"_bbp_total_reply_count":0,"_bbp_voice_count":0,"_bbp_anonymous_reply_count":0,"_bbp_topic_count_hidden":0,"_bbp_reply_count_hidden":0,"_bbp_forum_subforum_count":0,"site-sidebar-layout":"default","site-content-layout":"","ast-site-content-layout":"","site-content-style":"default","site-sidebar-style":"default","ast-global-header-display":"","ast-banner-title-visibility":"","ast-main-header-display":"","ast-hfb-above-header-display":"","ast-hfb-below-header-display":"","ast-hfb-mobile-header-display":"","site-post-title":"","ast-breadcrumbs-content":"","ast-featured-img":"","footer-sml-layout":"","theme-transparent-header-meta":"","adv-header-id-meta":"","stick-header-meta":"","header-above-stick-meta":"","header-main-stick-meta":"","header-below-stick-meta":"","astra-migrate-meta-layouts":"default","ast-page-background-enabled":"default","ast-page-background-meta":{"desktop":{"background-color":"var(--ast-global-color-4)","background-image":"","background-repeat":"repeat","background-position":"center center","background-size":"auto","background-attachment":"scroll","background-type":"","background-media":"","overlay-type":"","overlay-color":"","overlay-opacity":"","overlay-gradient":""},"tablet":{"background-color":"","background-image":"","background-repeat":"repeat","background-position":"center center","background-size":"auto","background-attachment":"scroll","background-type":"","background-media":"","overlay-type":"","overlay-color":"","overlay-opacity":"","overlay-gradient":""},"mobile":{"background-color":"","background-image":"","background-repeat":"repeat","background-position":"center center","background-size":"auto","background-attachment":"scroll","background-type":"","background-media":"","overlay-type":"","overlay-color":"","overlay-opacity":"","overlay-gradient":""}},"ast-content-background-meta":{"desktop":{"background-color":"var(--ast-global-color-5)","background-image":"","background-repeat":"repeat","background-position":"center center","background-size":"auto","background-attachment":"scroll","background-type":"","background-media":"","overlay-type":"","overlay-color":"","overlay-opacity":"","overlay-gradient":""},"tablet":{"background-color":"var(--ast-global-color-5)","background-image":"","background-repeat":"repeat","background-position":"center center","background-size":"auto","background-attachment":"scroll","background-type":"","background-media":"","overlay-type":"","overlay-color":"","overlay-opacity":"","overlay-gradient":""},"mobile":{"background-color":"var(--ast-global-color-5)","background-image":"","background-repeat":"repeat","background-position":"center center","background-size":"auto","background-attachment":"scroll","background-type":"","background-media":"","overlay-type":"","overlay-color":"","overlay-opacity":"","overlay-gradient":""}},"footnotes":""},"categories":[5,3,1,29],"tags":[133,413,1011,1475],"class_list":["post-7289","post","type-post","status-publish","format-standard","has-post-thumbnail","hentry","category-2n_eso","category-eso","category-general","category-portada","tag-2-eso","tag-ciencies-socials","tag-comic","tag-historia-de-catalunya"],"post_mailing_queue_ids":[],"_links":{"self":[{"href":"https:\/\/agora.xtec.cat\/iesfredericmarti\/wp-json\/wp\/v2\/posts\/7289","targetHints":{"allow":["GET"]}}],"collection":[{"href":"https:\/\/agora.xtec.cat\/iesfredericmarti\/wp-json\/wp\/v2\/posts"}],"about":[{"href":"https:\/\/agora.xtec.cat\/iesfredericmarti\/wp-json\/wp\/v2\/types\/post"}],"author":[{"embeddable":true,"href":"https:\/\/agora.xtec.cat\/iesfredericmarti\/wp-json\/wp\/v2\/users\/1"}],"replies":[{"embeddable":true,"href":"https:\/\/agora.xtec.cat\/iesfredericmarti\/wp-json\/wp\/v2\/comments?post=7289"}],"version-history":[{"count":1,"href":"https:\/\/agora.xtec.cat\/iesfredericmarti\/wp-json\/wp\/v2\/posts\/7289\/revisions"}],"predecessor-version":[{"id":7292,"href":"https:\/\/agora.xtec.cat\/iesfredericmarti\/wp-json\/wp\/v2\/posts\/7289\/revisions\/7292"}],"wp:featuredmedia":[{"embeddable":true,"href":"https:\/\/agora.xtec.cat\/iesfredericmarti\/wp-json\/wp\/v2\/media\/7293"}],"wp:attachment":[{"href":"https:\/\/agora.xtec.cat\/iesfredericmarti\/wp-json\/wp\/v2\/media?parent=7289"}],"wp:term":[{"taxonomy":"category","embeddable":true,"href":"https:\/\/agora.xtec.cat\/iesfredericmarti\/wp-json\/wp\/v2\/categories?post=7289"},{"taxonomy":"post_tag","embeddable":true,"href":"https:\/\/agora.xtec.cat\/iesfredericmarti\/wp-json\/wp\/v2\/tags?post=7289"}],"curies":[{"name":"wp","href":"https:\/\/api.w.org\/{rel}","templated":true}]}}