{"id":7165,"date":"2023-04-18T07:45:40","date_gmt":"2023-04-18T05:45:40","guid":{"rendered":"https:\/\/agora.xtec.cat\/iesfredericmarti\/?p=7165"},"modified":"2023-04-18T07:45:40","modified_gmt":"2023-04-18T05:45:40","slug":"alumnes-de-3-eso-participen-al-pica-lletres","status":"publish","type":"post","link":"https:\/\/agora.xtec.cat\/iesfredericmarti\/general\/alumnes-de-3-eso-participen-al-pica-lletres\/","title":{"rendered":"ALUMNES DE 3 ESO PARTICIPEN AL PICA LLETRES"},"content":{"rendered":"<p><span style=\"font-weight: 400;\"><a href=\"https:\/\/photos.app.goo.gl\/296aqsn5eHCtsDMX9\"><img loading=\"lazy\" decoding=\"async\" class=\"size-medium wp-image-7166 alignright\" src=\"https:\/\/agora.xtec.cat\/iesfredericmarti\/wp-content\/uploads\/usu920\/2023\/04\/Pica-Lletres-2023-galeria-300x300.jpg\" alt=\"\" width=\"300\" height=\"300\" srcset=\"https:\/\/agora.xtec.cat\/iesfredericmarti\/wp-content\/uploads\/usu920\/2023\/04\/Pica-Lletres-2023-galeria-300x300.jpg 300w, https:\/\/agora.xtec.cat\/iesfredericmarti\/wp-content\/uploads\/usu920\/2023\/04\/Pica-Lletres-2023-galeria-1024x1024.jpg 1024w, https:\/\/agora.xtec.cat\/iesfredericmarti\/wp-content\/uploads\/usu920\/2023\/04\/Pica-Lletres-2023-galeria-150x150.jpg 150w, https:\/\/agora.xtec.cat\/iesfredericmarti\/wp-content\/uploads\/usu920\/2023\/04\/Pica-Lletres-2023-galeria-768x768.jpg 768w, https:\/\/agora.xtec.cat\/iesfredericmarti\/wp-content\/uploads\/usu920\/2023\/04\/Pica-Lletres-2023-galeria.jpg 1080w\" sizes=\"auto, (max-width: 300px) 100vw, 300px\" \/><\/a>Fa anys que el <strong>Concurs ling\u00fc\u00edstic del Pica Lletres<\/strong> continua creixent. El passat dia 12 d\u2019abril sis alumnes de 3r d\u2019ESO van anar al Teatre Auditori Narc\u00eds Masferrer de Sant Feliu de Gu\u00edxols per participar en la versi\u00f3 televisiva.<\/span><\/p>\n<p><span style=\"font-weight: 400;\">El primer grup, format per la <strong>Hafsa <\/strong><\/span><span style=\"font-weight: 400;\"><strong>Ahmittach<\/strong>, l\u2019<strong>Anna Casab\u00f3<\/strong> i l\u2019<strong>Ariadna Reixach<\/strong>, es va enfrontar a tres alumnes de l\u2019Institut Puig Cargol de Calonge. El segon grup, format per en <strong>Guillem Ribot<\/strong>, l\u2019<strong>Iker P\u00e9rez<\/strong> i <strong>Morad Ziyani<\/strong> van competir contra el Col\u00b7legi Sant Gabriel de Torroella de Montgr\u00ed.<\/span><\/p>\n<p><span style=\"font-weight: 400;\">Cap dels dos equips del Frederic van poder passar a la seg\u00fcent fase, per\u00f2 va ser una experi\u00e8ncia divertida i enriquidora.<\/span><\/p>\n<p style=\"text-align: center;\">\n","protected":false},"excerpt":{"rendered":"<p>Fa anys que el Concurs ling\u00fc\u00edstic del Pica Lletres continua creixent. El passat dia 12 d\u2019abril sis alumnes de 3r d\u2019ESO van anar al Teatre Auditori Narc\u00eds Masferrer de Sant Feliu de Gu\u00edxols per participar en la versi\u00f3 televisiva. El primer grup, format per la Hafsa Ahmittach, l\u2019Anna Casab\u00f3 i l\u2019Ariadna Reixach, es va enfrontar [&hellip;]<\/p>\n","protected":false},"author":1,"featured_media":7168,"comment_status":"closed","ping_status":"closed","sticky":false,"template":"","format":"standard","meta":{"_bbp_topic_count":0,"_bbp_reply_count":0,"_bbp_total_topic_count":0,"_bbp_total_reply_count":0,"_bbp_voice_count":0,"_bbp_anonymous_reply_count":0,"_bbp_topic_count_hidden":0,"_bbp_reply_count_hidden":0,"_bbp_forum_subforum_count":0,"site-sidebar-layout":"default","site-content-layout":"","ast-site-content-layout":"","site-content-style":"default","site-sidebar-style":"default","ast-global-header-display":"","ast-banner-title-visibility":"","ast-main-header-display":"","ast-hfb-above-header-display":"","ast-hfb-below-header-display":"","ast-hfb-mobile-header-display":"","site-post-title":"","ast-breadcrumbs-content":"","ast-featured-img":"","footer-sml-layout":"","theme-transparent-header-meta":"","adv-header-id-meta":"","stick-header-meta":"","header-above-stick-meta":"","header-main-stick-meta":"","header-below-stick-meta":"","astra-migrate-meta-layouts":"default","ast-page-background-enabled":"default","ast-page-background-meta":{"desktop":{"background-color":"var(--ast-global-color-4)","background-image":"","background-repeat":"repeat","background-position":"center center","background-size":"auto","background-attachment":"scroll","background-type":"","background-media":"","overlay-type":"","overlay-color":"","overlay-opacity":"","overlay-gradient":""},"tablet":{"background-color":"","background-image":"","background-repeat":"repeat","background-position":"center center","background-size":"auto","background-attachment":"scroll","background-type":"","background-media":"","overlay-type":"","overlay-color":"","overlay-opacity":"","overlay-gradient":""},"mobile":{"background-color":"","background-image":"","background-repeat":"repeat","background-position":"center center","background-size":"auto","background-attachment":"scroll","background-type":"","background-media":"","overlay-type":"","overlay-color":"","overlay-opacity":"","overlay-gradient":""}},"ast-content-background-meta":{"desktop":{"background-color":"var(--ast-global-color-5)","background-image":"","background-repeat":"repeat","background-position":"center center","background-size":"auto","background-attachment":"scroll","background-type":"","background-media":"","overlay-type":"","overlay-color":"","overlay-opacity":"","overlay-gradient":""},"tablet":{"background-color":"var(--ast-global-color-5)","background-image":"","background-repeat":"repeat","background-position":"center center","background-size":"auto","background-attachment":"scroll","background-type":"","background-media":"","overlay-type":"","overlay-color":"","overlay-opacity":"","overlay-gradient":""},"mobile":{"background-color":"var(--ast-global-color-5)","background-image":"","background-repeat":"repeat","background-position":"center center","background-size":"auto","background-attachment":"scroll","background-type":"","background-media":"","overlay-type":"","overlay-color":"","overlay-opacity":"","overlay-gradient":""}},"footnotes":""},"categories":[6,3,1,29],"tags":[141,1449,156,1013,1447,1448,1027],"class_list":["post-7165","post","type-post","status-publish","format-standard","has-post-thumbnail","hentry","category-3r_eso","category-eso","category-general","category-portada","tag-3-eso","tag-concurs-linguistic","tag-concursos","tag-llengua-catalana","tag-pica-lletres","tag-pica-lletres-2023","tag-picalletres"],"post_mailing_queue_ids":[],"_links":{"self":[{"href":"https:\/\/agora.xtec.cat\/iesfredericmarti\/wp-json\/wp\/v2\/posts\/7165","targetHints":{"allow":["GET"]}}],"collection":[{"href":"https:\/\/agora.xtec.cat\/iesfredericmarti\/wp-json\/wp\/v2\/posts"}],"about":[{"href":"https:\/\/agora.xtec.cat\/iesfredericmarti\/wp-json\/wp\/v2\/types\/post"}],"author":[{"embeddable":true,"href":"https:\/\/agora.xtec.cat\/iesfredericmarti\/wp-json\/wp\/v2\/users\/1"}],"replies":[{"embeddable":true,"href":"https:\/\/agora.xtec.cat\/iesfredericmarti\/wp-json\/wp\/v2\/comments?post=7165"}],"version-history":[{"count":1,"href":"https:\/\/agora.xtec.cat\/iesfredericmarti\/wp-json\/wp\/v2\/posts\/7165\/revisions"}],"predecessor-version":[{"id":7167,"href":"https:\/\/agora.xtec.cat\/iesfredericmarti\/wp-json\/wp\/v2\/posts\/7165\/revisions\/7167"}],"wp:featuredmedia":[{"embeddable":true,"href":"https:\/\/agora.xtec.cat\/iesfredericmarti\/wp-json\/wp\/v2\/media\/7168"}],"wp:attachment":[{"href":"https:\/\/agora.xtec.cat\/iesfredericmarti\/wp-json\/wp\/v2\/media?parent=7165"}],"wp:term":[{"taxonomy":"category","embeddable":true,"href":"https:\/\/agora.xtec.cat\/iesfredericmarti\/wp-json\/wp\/v2\/categories?post=7165"},{"taxonomy":"post_tag","embeddable":true,"href":"https:\/\/agora.xtec.cat\/iesfredericmarti\/wp-json\/wp\/v2\/tags?post=7165"}],"curies":[{"name":"wp","href":"https:\/\/api.w.org\/{rel}","templated":true}]}}