{"id":6983,"date":"2022-11-21T20:15:57","date_gmt":"2022-11-21T19:15:57","guid":{"rendered":"https:\/\/agora.xtec.cat\/iesfredericmarti\/?p=6983"},"modified":"2022-11-21T20:18:00","modified_gmt":"2022-11-21T19:18:00","slug":"albums-rapejats-amb-4-eso-aplicat","status":"publish","type":"post","link":"https:\/\/agora.xtec.cat\/iesfredericmarti\/general\/albums-rapejats-amb-4-eso-aplicat\/","title":{"rendered":"\u00c0LBUMS RAPEJATS AMB 4 ESO APLICAT"},"content":{"rendered":"<p><a href=\"https:\/\/photos.app.goo.gl\/Gqs4Y7BW1mj8QExH7\"><img loading=\"lazy\" decoding=\"async\" class=\" wp-image-6984 alignright\" src=\"https:\/\/agora.xtec.cat\/iesfredericmarti\/wp-content\/uploads\/usu920\/2022\/11\/4-ESO-albums-rapejats-tardor-2022-1024x1024.jpg\" alt=\"\" width=\"300\" height=\"300\" srcset=\"https:\/\/agora.xtec.cat\/iesfredericmarti\/wp-content\/uploads\/usu920\/2022\/11\/4-ESO-albums-rapejats-tardor-2022-1024x1024.jpg 1024w, https:\/\/agora.xtec.cat\/iesfredericmarti\/wp-content\/uploads\/usu920\/2022\/11\/4-ESO-albums-rapejats-tardor-2022-300x300.jpg 300w, https:\/\/agora.xtec.cat\/iesfredericmarti\/wp-content\/uploads\/usu920\/2022\/11\/4-ESO-albums-rapejats-tardor-2022-150x150.jpg 150w, https:\/\/agora.xtec.cat\/iesfredericmarti\/wp-content\/uploads\/usu920\/2022\/11\/4-ESO-albums-rapejats-tardor-2022-768x768.jpg 768w, https:\/\/agora.xtec.cat\/iesfredericmarti\/wp-content\/uploads\/usu920\/2022\/11\/4-ESO-albums-rapejats-tardor-2022.jpg 1080w\" sizes=\"auto, (max-width: 300px) 100vw, 300px\" \/><\/a>Durant el mes d&#8217;octubre i novembre ha tingut lloc el projecte\u00a0<strong>\u00c0lbums rapejats<\/strong> dirigit a l&#8217;alumnat de <strong>4 ESO aplicat<\/strong> del nostre institut. L&#8217;activitat s&#8217;ha fet a la Biblioteca de Palafrugell en 4 sessions d&#8217;una hora i mitja. Es tractava de con\u00e8ixer el g\u00e8nere musical del rap de la m\u00e0 del raper <a href=\"https:\/\/www.instagram.com\/kovitch_oficial\/\">Kovitch<\/a>, amb el qual l&#8217;alumnat ha pogut cantar, aprendre, inspirar-se, escriure, rapejar, llegir i despertar una mica el seu esperit cr\u00edtic amb temes com la migraci\u00f3, la guerra i la viol\u00e8ncia de g\u00e8nere. Els primers dies estaven m\u00e9s t\u00edmides i xerraires, per\u00f2 a poc a poc s&#8217;han deixat anar i fins i tot moltes van cantar micr\u00f2fon en m\u00e0. Tamb\u00e9 hi ha hagut moments per jugar, passar-ho b\u00e9 i descobrir.<\/p>\n<p>En definitiva, ha estat una experi\u00e8ncia molt enriquidora.<\/p>\n<div class=\"ast-oembed-container \" style=\"height: 100%;\"><iframe loading=\"lazy\" title=\"4 ESO \u00e0lbums rapejats amb Kovitch (octubre i novembre 2022)\" width=\"500\" height=\"281\" src=\"https:\/\/www.youtube.com\/embed\/t7jahWgVwa0?feature=oembed\" frameborder=\"0\" allow=\"accelerometer; autoplay; clipboard-write; encrypted-media; gyroscope; picture-in-picture; web-share\" referrerpolicy=\"strict-origin-when-cross-origin\" allowfullscreen><\/iframe><\/div>\n<p>&nbsp;<\/p>\n","protected":false},"excerpt":{"rendered":"<p>Durant el mes d&#8217;octubre i novembre ha tingut lloc el projecte\u00a0\u00c0lbums rapejats dirigit a l&#8217;alumnat de 4 ESO aplicat del nostre institut. L&#8217;activitat s&#8217;ha fet a la Biblioteca de Palafrugell en 4 sessions d&#8217;una hora i mitja. Es tractava de con\u00e8ixer el g\u00e8nere musical del rap de la m\u00e0 del raper Kovitch, amb el qual [&hellip;]<\/p>\n","protected":false},"author":1,"featured_media":6985,"comment_status":"closed","ping_status":"closed","sticky":false,"template":"","format":"standard","meta":{"_bbp_topic_count":0,"_bbp_reply_count":0,"_bbp_total_topic_count":0,"_bbp_total_reply_count":0,"_bbp_voice_count":0,"_bbp_anonymous_reply_count":0,"_bbp_topic_count_hidden":0,"_bbp_reply_count_hidden":0,"_bbp_forum_subforum_count":0,"site-sidebar-layout":"default","site-content-layout":"","ast-site-content-layout":"","site-content-style":"default","site-sidebar-style":"default","ast-global-header-display":"","ast-banner-title-visibility":"","ast-main-header-display":"","ast-hfb-above-header-display":"","ast-hfb-below-header-display":"","ast-hfb-mobile-header-display":"","site-post-title":"","ast-breadcrumbs-content":"","ast-featured-img":"","footer-sml-layout":"","theme-transparent-header-meta":"","adv-header-id-meta":"","stick-header-meta":"","header-above-stick-meta":"","header-main-stick-meta":"","header-below-stick-meta":"","astra-migrate-meta-layouts":"default","ast-page-background-enabled":"default","ast-page-background-meta":{"desktop":{"background-color":"var(--ast-global-color-4)","background-image":"","background-repeat":"repeat","background-position":"center center","background-size":"auto","background-attachment":"scroll","background-type":"","background-media":"","overlay-type":"","overlay-color":"","overlay-opacity":"","overlay-gradient":""},"tablet":{"background-color":"","background-image":"","background-repeat":"repeat","background-position":"center center","background-size":"auto","background-attachment":"scroll","background-type":"","background-media":"","overlay-type":"","overlay-color":"","overlay-opacity":"","overlay-gradient":""},"mobile":{"background-color":"","background-image":"","background-repeat":"repeat","background-position":"center center","background-size":"auto","background-attachment":"scroll","background-type":"","background-media":"","overlay-type":"","overlay-color":"","overlay-opacity":"","overlay-gradient":""}},"ast-content-background-meta":{"desktop":{"background-color":"var(--ast-global-color-5)","background-image":"","background-repeat":"repeat","background-position":"center center","background-size":"auto","background-attachment":"scroll","background-type":"","background-media":"","overlay-type":"","overlay-color":"","overlay-opacity":"","overlay-gradient":""},"tablet":{"background-color":"var(--ast-global-color-5)","background-image":"","background-repeat":"repeat","background-position":"center center","background-size":"auto","background-attachment":"scroll","background-type":"","background-media":"","overlay-type":"","overlay-color":"","overlay-opacity":"","overlay-gradient":""},"mobile":{"background-color":"var(--ast-global-color-5)","background-image":"","background-repeat":"repeat","background-position":"center center","background-size":"auto","background-attachment":"scroll","background-type":"","background-media":"","overlay-type":"","overlay-color":"","overlay-opacity":"","overlay-gradient":""}},"footnotes":""},"categories":[7,3,1,29],"tags":[118,100,152,1013,196,1405],"class_list":["post-6983","post","type-post","status-publish","format-standard","has-post-thumbnail","hentry","category-4t_eso","category-eso","category-general","category-portada","tag-4-eso","tag-catala","tag-literatura","tag-llengua-catalana","tag-musica","tag-rap"],"post_mailing_queue_ids":[],"_links":{"self":[{"href":"https:\/\/agora.xtec.cat\/iesfredericmarti\/wp-json\/wp\/v2\/posts\/6983","targetHints":{"allow":["GET"]}}],"collection":[{"href":"https:\/\/agora.xtec.cat\/iesfredericmarti\/wp-json\/wp\/v2\/posts"}],"about":[{"href":"https:\/\/agora.xtec.cat\/iesfredericmarti\/wp-json\/wp\/v2\/types\/post"}],"author":[{"embeddable":true,"href":"https:\/\/agora.xtec.cat\/iesfredericmarti\/wp-json\/wp\/v2\/users\/1"}],"replies":[{"embeddable":true,"href":"https:\/\/agora.xtec.cat\/iesfredericmarti\/wp-json\/wp\/v2\/comments?post=6983"}],"version-history":[{"count":4,"href":"https:\/\/agora.xtec.cat\/iesfredericmarti\/wp-json\/wp\/v2\/posts\/6983\/revisions"}],"predecessor-version":[{"id":6989,"href":"https:\/\/agora.xtec.cat\/iesfredericmarti\/wp-json\/wp\/v2\/posts\/6983\/revisions\/6989"}],"wp:featuredmedia":[{"embeddable":true,"href":"https:\/\/agora.xtec.cat\/iesfredericmarti\/wp-json\/wp\/v2\/media\/6985"}],"wp:attachment":[{"href":"https:\/\/agora.xtec.cat\/iesfredericmarti\/wp-json\/wp\/v2\/media?parent=6983"}],"wp:term":[{"taxonomy":"category","embeddable":true,"href":"https:\/\/agora.xtec.cat\/iesfredericmarti\/wp-json\/wp\/v2\/categories?post=6983"},{"taxonomy":"post_tag","embeddable":true,"href":"https:\/\/agora.xtec.cat\/iesfredericmarti\/wp-json\/wp\/v2\/tags?post=6983"}],"curies":[{"name":"wp","href":"https:\/\/api.w.org\/{rel}","templated":true}]}}