{"id":6821,"date":"2022-10-04T21:31:12","date_gmt":"2022-10-04T19:31:12","guid":{"rendered":"https:\/\/agora.xtec.cat\/iesfredericmarti\/?p=6821"},"modified":"2022-10-31T11:52:23","modified_gmt":"2022-10-31T10:52:23","slug":"reunions-de-families-dinici-de-curs","status":"publish","type":"post","link":"https:\/\/agora.xtec.cat\/iesfredericmarti\/general\/reunions-de-families-dinici-de-curs\/","title":{"rendered":"REUNIONS DE FAM\u00cdLIES D&#8217;INICI DE CURS"},"content":{"rendered":"<p><img loading=\"lazy\" decoding=\"async\" class=\" wp-image-6833 alignright\" src=\"https:\/\/agora.xtec.cat\/iesfredericmarti\/wp-content\/uploads\/usu920\/2022\/10\/Reunions-de-families-inici-de-curs-2022-23-1024x512.jpg\" alt=\"\" width=\"400\" height=\"200\" srcset=\"https:\/\/agora.xtec.cat\/iesfredericmarti\/wp-content\/uploads\/usu920\/2022\/10\/Reunions-de-families-inici-de-curs-2022-23-1024x512.jpg 1024w, https:\/\/agora.xtec.cat\/iesfredericmarti\/wp-content\/uploads\/usu920\/2022\/10\/Reunions-de-families-inici-de-curs-2022-23-300x150.jpg 300w, https:\/\/agora.xtec.cat\/iesfredericmarti\/wp-content\/uploads\/usu920\/2022\/10\/Reunions-de-families-inici-de-curs-2022-23-768x384.jpg 768w, https:\/\/agora.xtec.cat\/iesfredericmarti\/wp-content\/uploads\/usu920\/2022\/10\/Reunions-de-families-inici-de-curs-2022-23-1536x768.jpg 1536w, https:\/\/agora.xtec.cat\/iesfredericmarti\/wp-content\/uploads\/usu920\/2022\/10\/Reunions-de-families-inici-de-curs-2022-23-2048x1024.jpg 2048w\" sizes=\"auto, (max-width: 400px) 100vw, 400px\" \/>Benvolgudes fam\u00edlies,<\/p>\n<p>Ens plau convidar-vos a les reunions de fam\u00edlies d&#8217;inici de curs que durem a terme aquest octubre. Consistiran totes elles en una introducci\u00f3 per a tot el nivell a c\u00e0rrec de l&#8217;Equip Directiu i, posteriorment, en una xerrada que faran les tutores i tutors sobre cada grup, a les seves aules.<\/p>\n<h6>Dilluns 24 d&#8217;octubre<\/h6>\n<ul>\n<li><strong>3 ESO<\/strong>: 19 h a l&#8217;aula magna<\/li>\n<li><strong>4 ESO<\/strong>: 19:30 h a l&#8217;aula magna<\/li>\n<\/ul>\n<h6>Dimarts 25 d&#8217;octubre<\/h6>\n<ul>\n<li><strong>1 ESO<\/strong>: 19 h a l&#8217;aula magna<\/li>\n<li><strong>2 ESO<\/strong>: 19:30 h a l&#8217;aula magna<\/li>\n<\/ul>\n<h6>Dimecres 26 d&#8217;octubre<\/h6>\n<ul>\n<li><strong>1 BAT<\/strong>: 19 h a l&#8217;aula magna<\/li>\n<li><strong>2 BAT<\/strong>: 19:30 h a l&#8217;aula magna<\/li>\n<\/ul>\n<p>Us convidem a totes les fam\u00edlies a assistir-hi!<\/p>\n<p><a href=\"https:\/\/agora.xtec.cat\/iesfredericmarti\/wp-content\/uploads\/usu920\/2022\/10\/1-i-2-ESO-reunions-inici-curs-22-23.jpg\"><img loading=\"lazy\" decoding=\"async\" class=\" wp-image-6838 alignleft\" src=\"https:\/\/agora.xtec.cat\/iesfredericmarti\/wp-content\/uploads\/usu920\/2022\/10\/1-i-2-ESO-reunions-inici-curs-22-23-724x1024.jpg\" alt=\"\" width=\"300\" height=\"424\" srcset=\"https:\/\/agora.xtec.cat\/iesfredericmarti\/wp-content\/uploads\/usu920\/2022\/10\/1-i-2-ESO-reunions-inici-curs-22-23-724x1024.jpg 724w, https:\/\/agora.xtec.cat\/iesfredericmarti\/wp-content\/uploads\/usu920\/2022\/10\/1-i-2-ESO-reunions-inici-curs-22-23-212x300.jpg 212w, https:\/\/agora.xtec.cat\/iesfredericmarti\/wp-content\/uploads\/usu920\/2022\/10\/1-i-2-ESO-reunions-inici-curs-22-23-768x1086.jpg 768w, https:\/\/agora.xtec.cat\/iesfredericmarti\/wp-content\/uploads\/usu920\/2022\/10\/1-i-2-ESO-reunions-inici-curs-22-23-1086x1536.jpg 1086w, https:\/\/agora.xtec.cat\/iesfredericmarti\/wp-content\/uploads\/usu920\/2022\/10\/1-i-2-ESO-reunions-inici-curs-22-23-1448x2048.jpg 1448w, https:\/\/agora.xtec.cat\/iesfredericmarti\/wp-content\/uploads\/usu920\/2022\/10\/1-i-2-ESO-reunions-inici-curs-22-23.jpg 1587w\" sizes=\"auto, (max-width: 300px) 100vw, 300px\" \/><\/a><a href=\"https:\/\/agora.xtec.cat\/iesfredericmarti\/wp-content\/uploads\/usu920\/2022\/10\/3-i-4-ESO-reunions-inici-curs-22-23.jpg\"><img loading=\"lazy\" decoding=\"async\" class=\"wp-image-6841 alignleft\" src=\"https:\/\/agora.xtec.cat\/iesfredericmarti\/wp-content\/uploads\/usu920\/2022\/10\/3-i-4-ESO-reunions-inici-curs-22-23-724x1024.jpg\" alt=\"\" width=\"300\" height=\"424\" srcset=\"https:\/\/agora.xtec.cat\/iesfredericmarti\/wp-content\/uploads\/usu920\/2022\/10\/3-i-4-ESO-reunions-inici-curs-22-23-724x1024.jpg 724w, https:\/\/agora.xtec.cat\/iesfredericmarti\/wp-content\/uploads\/usu920\/2022\/10\/3-i-4-ESO-reunions-inici-curs-22-23-212x300.jpg 212w, https:\/\/agora.xtec.cat\/iesfredericmarti\/wp-content\/uploads\/usu920\/2022\/10\/3-i-4-ESO-reunions-inici-curs-22-23-768x1086.jpg 768w, https:\/\/agora.xtec.cat\/iesfredericmarti\/wp-content\/uploads\/usu920\/2022\/10\/3-i-4-ESO-reunions-inici-curs-22-23-1086x1536.jpg 1086w, https:\/\/agora.xtec.cat\/iesfredericmarti\/wp-content\/uploads\/usu920\/2022\/10\/3-i-4-ESO-reunions-inici-curs-22-23-1448x2048.jpg 1448w, https:\/\/agora.xtec.cat\/iesfredericmarti\/wp-content\/uploads\/usu920\/2022\/10\/3-i-4-ESO-reunions-inici-curs-22-23.jpg 1587w\" sizes=\"auto, (max-width: 300px) 100vw, 300px\" \/><\/a><a href=\"https:\/\/agora.xtec.cat\/iesfredericmarti\/wp-content\/uploads\/usu920\/2022\/10\/1-i-2-BAT-reunions-inici-curs-22-23.jpg\"><img loading=\"lazy\" decoding=\"async\" class=\"wp-image-6840 alignleft\" src=\"https:\/\/agora.xtec.cat\/iesfredericmarti\/wp-content\/uploads\/usu920\/2022\/10\/1-i-2-BAT-reunions-inici-curs-22-23-724x1024.jpg\" alt=\"\" width=\"300\" height=\"424\" srcset=\"https:\/\/agora.xtec.cat\/iesfredericmarti\/wp-content\/uploads\/usu920\/2022\/10\/1-i-2-BAT-reunions-inici-curs-22-23-724x1024.jpg 724w, https:\/\/agora.xtec.cat\/iesfredericmarti\/wp-content\/uploads\/usu920\/2022\/10\/1-i-2-BAT-reunions-inici-curs-22-23-212x300.jpg 212w, https:\/\/agora.xtec.cat\/iesfredericmarti\/wp-content\/uploads\/usu920\/2022\/10\/1-i-2-BAT-reunions-inici-curs-22-23-768x1086.jpg 768w, https:\/\/agora.xtec.cat\/iesfredericmarti\/wp-content\/uploads\/usu920\/2022\/10\/1-i-2-BAT-reunions-inici-curs-22-23-1086x1536.jpg 1086w, https:\/\/agora.xtec.cat\/iesfredericmarti\/wp-content\/uploads\/usu920\/2022\/10\/1-i-2-BAT-reunions-inici-curs-22-23-1448x2048.jpg 1448w, https:\/\/agora.xtec.cat\/iesfredericmarti\/wp-content\/uploads\/usu920\/2022\/10\/1-i-2-BAT-reunions-inici-curs-22-23.jpg 1587w\" sizes=\"auto, (max-width: 300px) 100vw, 300px\" \/><\/a><\/p>\n<p>&nbsp;<\/p>\n","protected":false},"excerpt":{"rendered":"<p>Benvolgudes fam\u00edlies, Ens plau convidar-vos a les reunions de fam\u00edlies d&#8217;inici de curs que durem a terme aquest octubre. Consistiran totes elles en una introducci\u00f3 per a tot el nivell a c\u00e0rrec de l&#8217;Equip Directiu i, posteriorment, en una xerrada que faran les tutores i tutors sobre cada grup, a les seves aules. Dilluns 24 [&hellip;]<\/p>\n","protected":false},"author":1,"featured_media":6833,"comment_status":"closed","ping_status":"closed","sticky":false,"template":"","format":"standard","meta":{"_bbp_topic_count":0,"_bbp_reply_count":0,"_bbp_total_topic_count":0,"_bbp_total_reply_count":0,"_bbp_voice_count":0,"_bbp_anonymous_reply_count":0,"_bbp_topic_count_hidden":0,"_bbp_reply_count_hidden":0,"_bbp_forum_subforum_count":0,"site-sidebar-layout":"default","site-content-layout":"","ast-site-content-layout":"","site-content-style":"default","site-sidebar-style":"default","ast-global-header-display":"","ast-banner-title-visibility":"","ast-main-header-display":"","ast-hfb-above-header-display":"","ast-hfb-below-header-display":"","ast-hfb-mobile-header-display":"","site-post-title":"","ast-breadcrumbs-content":"","ast-featured-img":"","footer-sml-layout":"","theme-transparent-header-meta":"","adv-header-id-meta":"","stick-header-meta":"","header-above-stick-meta":"","header-main-stick-meta":"","header-below-stick-meta":"","astra-migrate-meta-layouts":"default","ast-page-background-enabled":"default","ast-page-background-meta":{"desktop":{"background-color":"var(--ast-global-color-4)","background-image":"","background-repeat":"repeat","background-position":"center center","background-size":"auto","background-attachment":"scroll","background-type":"","background-media":"","overlay-type":"","overlay-color":"","overlay-opacity":"","overlay-gradient":""},"tablet":{"background-color":"","background-image":"","background-repeat":"repeat","background-position":"center center","background-size":"auto","background-attachment":"scroll","background-type":"","background-media":"","overlay-type":"","overlay-color":"","overlay-opacity":"","overlay-gradient":""},"mobile":{"background-color":"","background-image":"","background-repeat":"repeat","background-position":"center center","background-size":"auto","background-attachment":"scroll","background-type":"","background-media":"","overlay-type":"","overlay-color":"","overlay-opacity":"","overlay-gradient":""}},"ast-content-background-meta":{"desktop":{"background-color":"var(--ast-global-color-5)","background-image":"","background-repeat":"repeat","background-position":"center center","background-size":"auto","background-attachment":"scroll","background-type":"","background-media":"","overlay-type":"","overlay-color":"","overlay-opacity":"","overlay-gradient":""},"tablet":{"background-color":"var(--ast-global-color-5)","background-image":"","background-repeat":"repeat","background-position":"center center","background-size":"auto","background-attachment":"scroll","background-type":"","background-media":"","overlay-type":"","overlay-color":"","overlay-opacity":"","overlay-gradient":""},"mobile":{"background-color":"var(--ast-global-color-5)","background-image":"","background-repeat":"repeat","background-position":"center center","background-size":"auto","background-attachment":"scroll","background-type":"","background-media":"","overlay-type":"","overlay-color":"","overlay-opacity":"","overlay-gradient":""}},"footnotes":""},"categories":[8,3,31,1,29],"tags":[1313,370,638,44],"class_list":["post-6821","post","type-post","status-publish","format-standard","has-post-thumbnail","hentry","category-batxillerat","category-eso","category-families","category-general","category-portada","tag-curs-2022-23","tag-families","tag-inici-curs","tag-xerrades"],"post_mailing_queue_ids":[],"_links":{"self":[{"href":"https:\/\/agora.xtec.cat\/iesfredericmarti\/wp-json\/wp\/v2\/posts\/6821","targetHints":{"allow":["GET"]}}],"collection":[{"href":"https:\/\/agora.xtec.cat\/iesfredericmarti\/wp-json\/wp\/v2\/posts"}],"about":[{"href":"https:\/\/agora.xtec.cat\/iesfredericmarti\/wp-json\/wp\/v2\/types\/post"}],"author":[{"embeddable":true,"href":"https:\/\/agora.xtec.cat\/iesfredericmarti\/wp-json\/wp\/v2\/users\/1"}],"replies":[{"embeddable":true,"href":"https:\/\/agora.xtec.cat\/iesfredericmarti\/wp-json\/wp\/v2\/comments?post=6821"}],"version-history":[{"count":4,"href":"https:\/\/agora.xtec.cat\/iesfredericmarti\/wp-json\/wp\/v2\/posts\/6821\/revisions"}],"predecessor-version":[{"id":6844,"href":"https:\/\/agora.xtec.cat\/iesfredericmarti\/wp-json\/wp\/v2\/posts\/6821\/revisions\/6844"}],"wp:featuredmedia":[{"embeddable":true,"href":"https:\/\/agora.xtec.cat\/iesfredericmarti\/wp-json\/wp\/v2\/media\/6833"}],"wp:attachment":[{"href":"https:\/\/agora.xtec.cat\/iesfredericmarti\/wp-json\/wp\/v2\/media?parent=6821"}],"wp:term":[{"taxonomy":"category","embeddable":true,"href":"https:\/\/agora.xtec.cat\/iesfredericmarti\/wp-json\/wp\/v2\/categories?post=6821"},{"taxonomy":"post_tag","embeddable":true,"href":"https:\/\/agora.xtec.cat\/iesfredericmarti\/wp-json\/wp\/v2\/tags?post=6821"}],"curies":[{"name":"wp","href":"https:\/\/api.w.org\/{rel}","templated":true}]}}