{"id":6384,"date":"2022-04-26T10:45:58","date_gmt":"2022-04-26T08:45:58","guid":{"rendered":"https:\/\/agora.xtec.cat\/iesfredericmarti\/?p=6384"},"modified":"2022-04-26T10:45:58","modified_gmt":"2022-04-26T08:45:58","slug":"ultim-dia-preinscripcions-batxillerat-curs-2022-23","status":"publish","type":"post","link":"https:\/\/agora.xtec.cat\/iesfredericmarti\/general\/ultim-dia-preinscripcions-batxillerat-curs-2022-23\/","title":{"rendered":"\u00daLTIM DIA PREINSCRIPCIONS BATXILLERAT CURS 2022-23"},"content":{"rendered":"<p>Us recordem que avui finalitza el termini per a fer la sol\u00b7licitud de preinscripci\u00f3 al Batxillerat per al curs 2022-23.<\/p>\n<p>Si necessiteu ajuda, us ajudem a tramitar-la! Truqueu-nos al 972.30.10.79<\/p>\n<ul>\n<li>TOTS ELS PASSOS PER A FER LA PREINSCRIPCI\u00d3 A <a href=\"https:\/\/preinscripcio.gencat.cat\/ca\/estudis\/batxillerat\/preinscriute\/sollicitud\/\">PREINSCRIPCI\u00d3 BATXILLERAT<\/a> o disponibles al seg\u00fcent document <a href=\"https:\/\/agora.xtec.cat\/iesfredericmarti\/wp-content\/uploads\/usu920\/2022\/04\/PREINSCRIPCIO-DE-BATXILLERAT.docx.pdf\">INFORMACI\u00d3 PREINSCRIPCI\u00d3 BATXILLERAT (document)<\/a>.<\/li>\n<\/ul>\n<h5>Oferta inicial de places Batxillerat 22-23 a l&#8217;INS Frederic Mart\u00ed Carreras<\/h5>\n<table style=\"border-collapse: collapse; width: 100%; height: 160px;\">\n<tbody>\n<tr style=\"height: 32px;\">\n<td style=\"width: 87.5%; text-align: center; height: 32px;\" colspan=\"5\"><strong>BATXLOE 9999 &#8211; Batxillerat resta de modalitats &#8211; Di\u00fcrn\/Mat\u00ed i tarda<\/strong><\/td>\n<\/tr>\n<tr style=\"height: 32px;\">\n<td style=\"width: 12.5%; text-align: center; height: 64px;\" rowspan=\"2\"><strong>Curs<\/strong><\/td>\n<td style=\"width: 25%; text-align: center; height: 64px;\" rowspan=\"2\"><strong>Oferta escolar<\/strong><\/td>\n<td style=\"width: 25%; text-align: center; height: 32px;\" colspan=\"3\"><strong>Oferta de places per a preinscripci\u00f3<\/strong><\/td>\n<\/tr>\n<tr style=\"height: 32px;\">\n<td style=\"width: 25%; text-align: center; height: 32px;\"><em>Ordin\u00e0ries<\/em><\/td>\n<td style=\"width: 25%; text-align: center; height: 32px;\"><em>NEE<\/em><\/td>\n<td style=\"width: 25%; text-align: center; height: 32px;\"><em>BATXIBAC<\/em><\/td>\n<\/tr>\n<tr style=\"height: 32px;\">\n<td style=\"width: 12.5%; text-align: center; height: 32px;\">1<\/td>\n<td style=\"width: 25%; text-align: right; height: 32px;\">105<\/td>\n<td style=\"width: 25%; text-align: right; height: 32px;\">26<\/td>\n<td style=\"width: 25%; text-align: right; height: 32px;\">0<\/td>\n<td style=\"width: 25%; text-align: right; height: 32px;\">10<\/td>\n<\/tr>\n<tr style=\"height: 32px;\">\n<td style=\"width: 12.5%; text-align: center; height: 32px;\">2<\/td>\n<td style=\"width: 25%; text-align: right; height: 32px;\">105<\/td>\n<td style=\"width: 25%; text-align: right; height: 32px;\">11<\/td>\n<td style=\"width: 25%; text-align: right; height: 32px;\">0<\/td>\n<td style=\"width: 25%; text-align: right; height: 32px;\">10<\/td>\n<\/tr>\n<\/tbody>\n<\/table>\n<h5 style=\"text-align: left;\">El batxillerat a l&#8217;INS Frederic Mart\u00ed Carreras<\/h5>\n<ul>\n<li><a href=\"https:\/\/agora.xtec.cat\/iesfredericmarti\/wp-content\/uploads\/usu920\/2022\/04\/Preinscripcions-INS-Frederic-Marti-Carreras-Batxillerat.pdf\">Batxillerat INS Frederic Marti Carreras<\/a><\/li>\n<\/ul>\n<p><a href=\"https:\/\/agora.xtec.cat\/iesfredericmarti\/wp-content\/uploads\/usu920\/2022\/04\/Preinscripcions-INS-Frederic-Marti-Carreras-Batxillerat.jpg\"><img loading=\"lazy\" decoding=\"async\" class=\"aligncenter size-large wp-image-6370\" src=\"https:\/\/agora.xtec.cat\/iesfredericmarti\/wp-content\/uploads\/usu920\/2022\/04\/Preinscripcions-INS-Frederic-Marti-Carreras-Batxillerat-410x1024.jpg\" alt=\"\" width=\"410\" height=\"1024\" srcset=\"https:\/\/agora.xtec.cat\/iesfredericmarti\/wp-content\/uploads\/usu920\/2022\/04\/Preinscripcions-INS-Frederic-Marti-Carreras-Batxillerat-410x1024.jpg 410w, https:\/\/agora.xtec.cat\/iesfredericmarti\/wp-content\/uploads\/usu920\/2022\/04\/Preinscripcions-INS-Frederic-Marti-Carreras-Batxillerat-120x300.jpg 120w, https:\/\/agora.xtec.cat\/iesfredericmarti\/wp-content\/uploads\/usu920\/2022\/04\/Preinscripcions-INS-Frederic-Marti-Carreras-Batxillerat-768x1920.jpg 768w, https:\/\/agora.xtec.cat\/iesfredericmarti\/wp-content\/uploads\/usu920\/2022\/04\/Preinscripcions-INS-Frederic-Marti-Carreras-Batxillerat.jpg 800w\" sizes=\"auto, (max-width: 410px) 100vw, 410px\" \/><\/a><\/p>\n","protected":false},"excerpt":{"rendered":"<p>Us recordem que avui finalitza el termini per a fer la sol\u00b7licitud de preinscripci\u00f3 al Batxillerat per al curs 2022-23. Si necessiteu ajuda, us ajudem a tramitar-la! Truqueu-nos al 972.30.10.79 TOTS ELS PASSOS PER A FER LA PREINSCRIPCI\u00d3 A PREINSCRIPCI\u00d3 BATXILLERAT o disponibles al seg\u00fcent document INFORMACI\u00d3 PREINSCRIPCI\u00d3 BATXILLERAT (document). Oferta inicial de places Batxillerat [&hellip;]<\/p>\n","protected":false},"author":1,"featured_media":6385,"comment_status":"closed","ping_status":"closed","sticky":false,"template":"","format":"standard","meta":{"_bbp_topic_count":0,"_bbp_reply_count":0,"_bbp_total_topic_count":0,"_bbp_total_reply_count":0,"_bbp_voice_count":0,"_bbp_anonymous_reply_count":0,"_bbp_topic_count_hidden":0,"_bbp_reply_count_hidden":0,"_bbp_forum_subforum_count":0,"site-sidebar-layout":"default","site-content-layout":"","ast-site-content-layout":"","site-content-style":"default","site-sidebar-style":"default","ast-global-header-display":"","ast-banner-title-visibility":"","ast-main-header-display":"","ast-hfb-above-header-display":"","ast-hfb-below-header-display":"","ast-hfb-mobile-header-display":"","site-post-title":"","ast-breadcrumbs-content":"","ast-featured-img":"","footer-sml-layout":"","theme-transparent-header-meta":"","adv-header-id-meta":"","stick-header-meta":"","header-above-stick-meta":"","header-main-stick-meta":"","header-below-stick-meta":"","astra-migrate-meta-layouts":"default","ast-page-background-enabled":"default","ast-page-background-meta":{"desktop":{"background-color":"var(--ast-global-color-4)","background-image":"","background-repeat":"repeat","background-position":"center center","background-size":"auto","background-attachment":"scroll","background-type":"","background-media":"","overlay-type":"","overlay-color":"","overlay-opacity":"","overlay-gradient":""},"tablet":{"background-color":"","background-image":"","background-repeat":"repeat","background-position":"center center","background-size":"auto","background-attachment":"scroll","background-type":"","background-media":"","overlay-type":"","overlay-color":"","overlay-opacity":"","overlay-gradient":""},"mobile":{"background-color":"","background-image":"","background-repeat":"repeat","background-position":"center center","background-size":"auto","background-attachment":"scroll","background-type":"","background-media":"","overlay-type":"","overlay-color":"","overlay-opacity":"","overlay-gradient":""}},"ast-content-background-meta":{"desktop":{"background-color":"var(--ast-global-color-5)","background-image":"","background-repeat":"repeat","background-position":"center center","background-size":"auto","background-attachment":"scroll","background-type":"","background-media":"","overlay-type":"","overlay-color":"","overlay-opacity":"","overlay-gradient":""},"tablet":{"background-color":"var(--ast-global-color-5)","background-image":"","background-repeat":"repeat","background-position":"center center","background-size":"auto","background-attachment":"scroll","background-type":"","background-media":"","overlay-type":"","overlay-color":"","overlay-opacity":"","overlay-gradient":""},"mobile":{"background-color":"var(--ast-global-color-5)","background-image":"","background-repeat":"repeat","background-position":"center center","background-size":"auto","background-attachment":"scroll","background-type":"","background-media":"","overlay-type":"","overlay-color":"","overlay-opacity":"","overlay-gradient":""}},"footnotes":""},"categories":[8,1,29],"tags":[110,1339,153],"class_list":["post-6384","post","type-post","status-publish","format-standard","has-post-thumbnail","hentry","category-batxillerat","category-general","category-portada","tag-batxillerat","tag-curs-22-23","tag-preinscripcions"],"post_mailing_queue_ids":[],"_links":{"self":[{"href":"https:\/\/agora.xtec.cat\/iesfredericmarti\/wp-json\/wp\/v2\/posts\/6384","targetHints":{"allow":["GET"]}}],"collection":[{"href":"https:\/\/agora.xtec.cat\/iesfredericmarti\/wp-json\/wp\/v2\/posts"}],"about":[{"href":"https:\/\/agora.xtec.cat\/iesfredericmarti\/wp-json\/wp\/v2\/types\/post"}],"author":[{"embeddable":true,"href":"https:\/\/agora.xtec.cat\/iesfredericmarti\/wp-json\/wp\/v2\/users\/1"}],"replies":[{"embeddable":true,"href":"https:\/\/agora.xtec.cat\/iesfredericmarti\/wp-json\/wp\/v2\/comments?post=6384"}],"version-history":[{"count":1,"href":"https:\/\/agora.xtec.cat\/iesfredericmarti\/wp-json\/wp\/v2\/posts\/6384\/revisions"}],"predecessor-version":[{"id":6386,"href":"https:\/\/agora.xtec.cat\/iesfredericmarti\/wp-json\/wp\/v2\/posts\/6384\/revisions\/6386"}],"wp:featuredmedia":[{"embeddable":true,"href":"https:\/\/agora.xtec.cat\/iesfredericmarti\/wp-json\/wp\/v2\/media\/6385"}],"wp:attachment":[{"href":"https:\/\/agora.xtec.cat\/iesfredericmarti\/wp-json\/wp\/v2\/media?parent=6384"}],"wp:term":[{"taxonomy":"category","embeddable":true,"href":"https:\/\/agora.xtec.cat\/iesfredericmarti\/wp-json\/wp\/v2\/categories?post=6384"},{"taxonomy":"post_tag","embeddable":true,"href":"https:\/\/agora.xtec.cat\/iesfredericmarti\/wp-json\/wp\/v2\/tags?post=6384"}],"curies":[{"name":"wp","href":"https:\/\/api.w.org\/{rel}","templated":true}]}}