{"id":5204,"date":"2021-01-28T10:48:51","date_gmt":"2021-01-28T09:48:51","guid":{"rendered":"http:\/\/agora.xtec.cat\/iesfredericmarti\/?p=5204"},"modified":"2021-01-28T12:22:06","modified_gmt":"2021-01-28T11:22:06","slug":"alan-guilloux-notre-assistant-linguistique-en-francais","status":"publish","type":"post","link":"https:\/\/agora.xtec.cat\/iesfredericmarti\/general\/alan-guilloux-notre-assistant-linguistique-en-francais\/","title":{"rendered":"ALAN GUILLOUX, NOTRE ASSISTANT LINGUISTIQUE EN FRAN\u00c7AIS"},"content":{"rendered":"<p>Els alumnes de <strong>franc\u00e8<\/strong>s de <strong>4 ESO D<\/strong> han entrevistat l&#8217;<strong>Alan Guilloux<\/strong>, l&#8217;assistent ling\u00fc\u00edstic que dinamitza les classes d&#8217;expressi\u00f3 oral. Us en deixem un resum.<img loading=\"lazy\" decoding=\"async\" class=\" wp-image-5205 alignright\" src=\"https:\/\/agora.xtec.cat\/iesfredericmarti\/wp-content\/uploads\/usu920\/2021\/01\/Foto-Alan-i-4tD-1024x768.jpg\" alt=\"\" width=\"399\" height=\"300\" srcset=\"https:\/\/agora.xtec.cat\/iesfredericmarti\/wp-content\/uploads\/usu920\/2021\/01\/Foto-Alan-i-4tD-1024x768.jpg 1024w, https:\/\/agora.xtec.cat\/iesfredericmarti\/wp-content\/uploads\/usu920\/2021\/01\/Foto-Alan-i-4tD-300x225.jpg 300w, https:\/\/agora.xtec.cat\/iesfredericmarti\/wp-content\/uploads\/usu920\/2021\/01\/Foto-Alan-i-4tD-768x576.jpg 768w, https:\/\/agora.xtec.cat\/iesfredericmarti\/wp-content\/uploads\/usu920\/2021\/01\/Foto-Alan-i-4tD-200x150.jpg 200w, https:\/\/agora.xtec.cat\/iesfredericmarti\/wp-content\/uploads\/usu920\/2021\/01\/Foto-Alan-i-4tD.jpg 2048w\" sizes=\"auto, (max-width: 399px) 100vw, 399px\" \/><\/p>\n<h6>ALAN GUILLOUX, NOTRE ASSISTANT LINGUISTIQUE EN FRAN\u00c7AIS<\/h6>\n<p>Depuis le mois d\u2019octobre et jusqu\u2019\u00e0 la fin mai, notre lyc\u00e9e compte avec la pr\u00e9sence d\u2019Alan pour dynamiser les cours d\u2019expression orale. Originaire de Saint-Brieuc, en Bretagne, il apporte tout ce qu\u2019un locuteur natif peut apporter de plus pr\u00e9cieux en classe: une langue vivante et une connexion \u00e9troite avec la culture francophone. Alan a une licence en histoire et un master en relations internationales. Sa sp\u00e9cialit\u00e9 \u00e9tant l\u2019Am\u00e9rique Latine pendant la guerre froide, il parle parfaitement l\u2019espagnol. Mais, bien s\u00fbr, il ne s\u2019en sert que dans sa vie priv\u00e9e, car dans ses cours de conversation il n\u2019a le droit de communiquer qu\u2019en fran\u00e7ais. Avant de prendre son poste au Frederic Mart\u00ed, il avait travaill\u00e9 dans un village de Murcia et l\u2019ann\u00e9e derni\u00e8re \u00e0 Bilbao. Ici \u00e0 Palafrugell, il a 12 heures de cours r\u00e9parties entre 2n d\u2019ESO et Batxibac, o\u00f9 il intervient dans le cours de litt\u00e9rature fran\u00e7aise. \u00c2g\u00e9 de 26 ans, Alan est passionn\u00e9 de v\u00e9lo, mais il pratique aussi la course \u00e0 pied en montagne. On esp\u00e8re bien, Alan, que tu te plais dans notre village, et un grand merci pour ton travail!!<\/p>\n<h6 style=\"text-align: left;\">ALAN GUILLOUX, EL NOSTRE AUXILIAR DE CONVERSA EN FRANC\u00c8S<\/h6>\n<p style=\"text-align: left;\">Des del mes d\u2019octubre i fins a finals de maig, el nostre institut compta amb la pres\u00e8ncia de l\u2019Alan per dinamitzar les classes d\u2019expressi\u00f3 oral. Originari de Saint-Brieuc, a la Bretanya, ens aporta tot all\u00f2 que un parlant natiu pot aportar de m\u00e9s valu\u00f3s en una classe: una llengua viva i una connexi\u00f3 \u00edntima amb la cultura franc\u00f2fona. L\u2019Alan \u00e9s llicenciat en Hist\u00f2ria i t\u00e9 un m\u00e0ster en relacions internacionals. Com que la seva especialitat \u00e9s l\u2019Am\u00e8rica Llatina durant la guerra freda, parla perfectament el castell\u00e0. Ara b\u00e9, nom\u00e9s el fa servir a la seva vida privada, perqu\u00e8 als cursos de conversa nom\u00e9s est\u00e0 autoritzat a comunicar-se en franc\u00e8s. Abans d\u2019acceptar la feina al Frederic Mart\u00ed, havia treballat en un poble a M\u00farcia i l\u2019any passat a Bilbao. Aqu\u00ed a Palafrugell, fa 12 hores de classe repartides entre 2n d\u2019ESO i Batxibac, on col.labora a l\u2019assignatura de literatura francesa. De 26 anys d\u2019edat, l\u2019Alan \u00e9s un apassionat de la bicicleta, tot i que tamb\u00e9 practica la cursa de muntanya. Estem molt agra\u00efts de la teva feina, Alan, i esperem que t\u2019ho passis b\u00e9 al nostre poble!!<\/p>\n","protected":false},"excerpt":{"rendered":"<p>Els alumnes de franc\u00e8s de 4 ESO D han entrevistat l&#8217;Alan Guilloux, l&#8217;assistent ling\u00fc\u00edstic que dinamitza les classes d&#8217;expressi\u00f3 oral. Us en deixem un resum. ALAN GUILLOUX, NOTRE ASSISTANT LINGUISTIQUE EN FRAN\u00c7AIS Depuis le mois d\u2019octobre et jusqu\u2019\u00e0 la fin mai, notre lyc\u00e9e compte avec la pr\u00e9sence d\u2019Alan pour dynamiser les cours d\u2019expression orale. Originaire [&hellip;]<\/p>\n","protected":false},"author":1,"featured_media":5205,"comment_status":"closed","ping_status":"closed","sticky":false,"template":"","format":"standard","meta":{"_bbp_topic_count":0,"_bbp_reply_count":0,"_bbp_total_topic_count":0,"_bbp_total_reply_count":0,"_bbp_voice_count":0,"_bbp_anonymous_reply_count":0,"_bbp_topic_count_hidden":0,"_bbp_reply_count_hidden":0,"_bbp_forum_subforum_count":0,"site-sidebar-layout":"default","site-content-layout":"","ast-site-content-layout":"","site-content-style":"default","site-sidebar-style":"default","ast-global-header-display":"","ast-banner-title-visibility":"","ast-main-header-display":"","ast-hfb-above-header-display":"","ast-hfb-below-header-display":"","ast-hfb-mobile-header-display":"","site-post-title":"","ast-breadcrumbs-content":"","ast-featured-img":"","footer-sml-layout":"","theme-transparent-header-meta":"","adv-header-id-meta":"","stick-header-meta":"","header-above-stick-meta":"","header-main-stick-meta":"","header-below-stick-meta":"","astra-migrate-meta-layouts":"default","ast-page-background-enabled":"default","ast-page-background-meta":{"desktop":{"background-color":"var(--ast-global-color-4)","background-image":"","background-repeat":"repeat","background-position":"center center","background-size":"auto","background-attachment":"scroll","background-type":"","background-media":"","overlay-type":"","overlay-color":"","overlay-opacity":"","overlay-gradient":""},"tablet":{"background-color":"","background-image":"","background-repeat":"repeat","background-position":"center center","background-size":"auto","background-attachment":"scroll","background-type":"","background-media":"","overlay-type":"","overlay-color":"","overlay-opacity":"","overlay-gradient":""},"mobile":{"background-color":"","background-image":"","background-repeat":"repeat","background-position":"center center","background-size":"auto","background-attachment":"scroll","background-type":"","background-media":"","overlay-type":"","overlay-color":"","overlay-opacity":"","overlay-gradient":""}},"ast-content-background-meta":{"desktop":{"background-color":"var(--ast-global-color-5)","background-image":"","background-repeat":"repeat","background-position":"center center","background-size":"auto","background-attachment":"scroll","background-type":"","background-media":"","overlay-type":"","overlay-color":"","overlay-opacity":"","overlay-gradient":""},"tablet":{"background-color":"var(--ast-global-color-5)","background-image":"","background-repeat":"repeat","background-position":"center center","background-size":"auto","background-attachment":"scroll","background-type":"","background-media":"","overlay-type":"","overlay-color":"","overlay-opacity":"","overlay-gradient":""},"mobile":{"background-color":"var(--ast-global-color-5)","background-image":"","background-repeat":"repeat","background-position":"center center","background-size":"auto","background-attachment":"scroll","background-type":"","background-media":"","overlay-type":"","overlay-color":"","overlay-opacity":"","overlay-gradient":""}},"footnotes":""},"categories":[7,1,29],"tags":[118,195,135],"class_list":["post-5204","post","type-post","status-publish","format-standard","has-post-thumbnail","hentry","category-4t_eso","category-general","category-portada","tag-4-eso","tag-francais","tag-frances"],"post_mailing_queue_ids":[],"_links":{"self":[{"href":"https:\/\/agora.xtec.cat\/iesfredericmarti\/wp-json\/wp\/v2\/posts\/5204","targetHints":{"allow":["GET"]}}],"collection":[{"href":"https:\/\/agora.xtec.cat\/iesfredericmarti\/wp-json\/wp\/v2\/posts"}],"about":[{"href":"https:\/\/agora.xtec.cat\/iesfredericmarti\/wp-json\/wp\/v2\/types\/post"}],"author":[{"embeddable":true,"href":"https:\/\/agora.xtec.cat\/iesfredericmarti\/wp-json\/wp\/v2\/users\/1"}],"replies":[{"embeddable":true,"href":"https:\/\/agora.xtec.cat\/iesfredericmarti\/wp-json\/wp\/v2\/comments?post=5204"}],"version-history":[{"count":3,"href":"https:\/\/agora.xtec.cat\/iesfredericmarti\/wp-json\/wp\/v2\/posts\/5204\/revisions"}],"predecessor-version":[{"id":5208,"href":"https:\/\/agora.xtec.cat\/iesfredericmarti\/wp-json\/wp\/v2\/posts\/5204\/revisions\/5208"}],"wp:featuredmedia":[{"embeddable":true,"href":"https:\/\/agora.xtec.cat\/iesfredericmarti\/wp-json\/wp\/v2\/media\/5205"}],"wp:attachment":[{"href":"https:\/\/agora.xtec.cat\/iesfredericmarti\/wp-json\/wp\/v2\/media?parent=5204"}],"wp:term":[{"taxonomy":"category","embeddable":true,"href":"https:\/\/agora.xtec.cat\/iesfredericmarti\/wp-json\/wp\/v2\/categories?post=5204"},{"taxonomy":"post_tag","embeddable":true,"href":"https:\/\/agora.xtec.cat\/iesfredericmarti\/wp-json\/wp\/v2\/tags?post=5204"}],"curies":[{"name":"wp","href":"https:\/\/api.w.org\/{rel}","templated":true}]}}