{"id":4924,"date":"2020-09-16T18:46:23","date_gmt":"2020-09-16T16:46:23","guid":{"rendered":"http:\/\/agora.xtec.cat\/iesfredericmarti\/?p=4924"},"modified":"2020-09-20T17:44:55","modified_gmt":"2020-09-20T15:44:55","slug":"inscriu-te-a-les-activitats-del-pla-desport-de-linstitut","status":"publish","type":"post","link":"https:\/\/agora.xtec.cat\/iesfredericmarti\/general\/inscriu-te-a-les-activitats-del-pla-desport-de-linstitut\/","title":{"rendered":"INSCRIU-TE A LES ACTIVITATS DEL PLA D&#8217;ESPORT DE L&#8217;INSTITUT!"},"content":{"rendered":"<p>Ja est\u00e0 <strong>obert el per\u00edode d&#8217;inscripci\u00f3 al Pla d&#8217;Esport de l&#8217;institut<\/strong>, que enguany incorpora novetats!<\/p>\n<p>Les activitats del Pla d\u2019Esport donen a l&#8217;alumnat <span style=\"font-family: inherit; font-size: 1em;\">l\u2019oportunitat de compartir moments amb companys\/es d\u2019altres edats dins un clima m\u00e9s dist\u00e8s i din\u00e0mic, on podran aportar idees o propostes, i a la vegada portar-les a terme tots plegats.<\/span><\/p>\n<p><strong>Tota la informaci\u00f3 a la <a href=\"https:\/\/agora.xtec.cat\/iesfredericmarti\/serveis\/activitats-extraescolars\/pla-desport\/\">secci\u00f3 del Pla d&#8217;Esport<\/a><\/strong> de la p\u00e0gina web de l&#8217;institut i tamb\u00e9 al <a href=\"https:\/\/agora.xtec.cat\/iesfredericmarti\/wp-content\/uploads\/usu920\/2020\/09\/Tr%C3%ADptic-pla-desport.pdf\">tr\u00edptic d&#8217;inscripci\u00f3 descarregable<\/a>\u00a0o al <a href=\"https:\/\/forms.gle\/MDkGGEbiCdC9N2VY8\">formulari d&#8217;inscripci\u00f3 online <\/a><span style=\"font-family: inherit; font-size: 1em;\">al Pla d&#8217;Esport.<\/span><\/p>\n<p><img loading=\"lazy\" decoding=\"async\" class=\"wp-image-4911 aligncenter\" src=\"https:\/\/agora.xtec.cat\/iesfredericmarti\/wp-content\/uploads\/usu920\/2020\/09\/pla-desport-20-21-imatges-activitats.jpg\" alt=\"\" width=\"500\" height=\"503\" srcset=\"https:\/\/agora.xtec.cat\/iesfredericmarti\/wp-content\/uploads\/usu920\/2020\/09\/pla-desport-20-21-imatges-activitats.jpg 647w, https:\/\/agora.xtec.cat\/iesfredericmarti\/wp-content\/uploads\/usu920\/2020\/09\/pla-desport-20-21-imatges-activitats-150x150.jpg 150w, https:\/\/agora.xtec.cat\/iesfredericmarti\/wp-content\/uploads\/usu920\/2020\/09\/pla-desport-20-21-imatges-activitats-298x300.jpg 298w\" sizes=\"auto, (max-width: 500px) 100vw, 500px\" \/><img loading=\"lazy\" decoding=\"async\" class=\"wp-image-4916 aligncenter\" src=\"https:\/\/agora.xtec.cat\/iesfredericmarti\/wp-content\/uploads\/usu920\/2020\/09\/pla-desport-20-21-dades-generals-1024x408.jpg\" alt=\"\" width=\"500\" height=\"199\" srcset=\"https:\/\/agora.xtec.cat\/iesfredericmarti\/wp-content\/uploads\/usu920\/2020\/09\/pla-desport-20-21-dades-generals-1024x408.jpg 1024w, https:\/\/agora.xtec.cat\/iesfredericmarti\/wp-content\/uploads\/usu920\/2020\/09\/pla-desport-20-21-dades-generals-300x120.jpg 300w, https:\/\/agora.xtec.cat\/iesfredericmarti\/wp-content\/uploads\/usu920\/2020\/09\/pla-desport-20-21-dades-generals-768x306.jpg 768w, https:\/\/agora.xtec.cat\/iesfredericmarti\/wp-content\/uploads\/usu920\/2020\/09\/pla-desport-20-21-dades-generals.jpg 1209w\" sizes=\"auto, (max-width: 500px) 100vw, 500px\" \/><\/p>\n","protected":false},"excerpt":{"rendered":"<p>Ja est\u00e0 obert el per\u00edode d&#8217;inscripci\u00f3 al Pla d&#8217;Esport de l&#8217;institut, que enguany incorpora novetats! Les activitats del Pla d\u2019Esport donen a l&#8217;alumnat l\u2019oportunitat de compartir moments amb companys\/es d\u2019altres edats dins un clima m\u00e9s dist\u00e8s i din\u00e0mic, on podran aportar idees o propostes, i a la vegada portar-les a terme tots plegats. Tota la [&hellip;]<\/p>\n","protected":false},"author":1,"featured_media":4911,"comment_status":"closed","ping_status":"closed","sticky":false,"template":"","format":"standard","meta":{"_bbp_topic_count":0,"_bbp_reply_count":0,"_bbp_total_topic_count":0,"_bbp_total_reply_count":0,"_bbp_voice_count":0,"_bbp_anonymous_reply_count":0,"_bbp_topic_count_hidden":0,"_bbp_reply_count_hidden":0,"_bbp_forum_subforum_count":0,"site-sidebar-layout":"default","site-content-layout":"","ast-site-content-layout":"","site-content-style":"default","site-sidebar-style":"default","ast-global-header-display":"","ast-banner-title-visibility":"","ast-main-header-display":"","ast-hfb-above-header-display":"","ast-hfb-below-header-display":"","ast-hfb-mobile-header-display":"","site-post-title":"","ast-breadcrumbs-content":"","ast-featured-img":"","footer-sml-layout":"","theme-transparent-header-meta":"","adv-header-id-meta":"","stick-header-meta":"","header-above-stick-meta":"","header-main-stick-meta":"","header-below-stick-meta":"","astra-migrate-meta-layouts":"default","ast-page-background-enabled":"default","ast-page-background-meta":{"desktop":{"background-color":"var(--ast-global-color-4)","background-image":"","background-repeat":"repeat","background-position":"center center","background-size":"auto","background-attachment":"scroll","background-type":"","background-media":"","overlay-type":"","overlay-color":"","overlay-opacity":"","overlay-gradient":""},"tablet":{"background-color":"","background-image":"","background-repeat":"repeat","background-position":"center center","background-size":"auto","background-attachment":"scroll","background-type":"","background-media":"","overlay-type":"","overlay-color":"","overlay-opacity":"","overlay-gradient":""},"mobile":{"background-color":"","background-image":"","background-repeat":"repeat","background-position":"center center","background-size":"auto","background-attachment":"scroll","background-type":"","background-media":"","overlay-type":"","overlay-color":"","overlay-opacity":"","overlay-gradient":""}},"ast-content-background-meta":{"desktop":{"background-color":"var(--ast-global-color-5)","background-image":"","background-repeat":"repeat","background-position":"center center","background-size":"auto","background-attachment":"scroll","background-type":"","background-media":"","overlay-type":"","overlay-color":"","overlay-opacity":"","overlay-gradient":""},"tablet":{"background-color":"var(--ast-global-color-5)","background-image":"","background-repeat":"repeat","background-position":"center center","background-size":"auto","background-attachment":"scroll","background-type":"","background-media":"","overlay-type":"","overlay-color":"","overlay-opacity":"","overlay-gradient":""},"mobile":{"background-color":"var(--ast-global-color-5)","background-image":"","background-repeat":"repeat","background-position":"center center","background-size":"auto","background-attachment":"scroll","background-type":"","background-media":"","overlay-type":"","overlay-color":"","overlay-opacity":"","overlay-gradient":""}},"footnotes":""},"categories":[8,3,31,1,29],"tags":[1138],"class_list":["post-4924","post","type-post","status-publish","format-standard","has-post-thumbnail","hentry","category-batxillerat","category-eso","category-families","category-general","category-portada","tag-pla-desport-20-21"],"post_mailing_queue_ids":[],"_links":{"self":[{"href":"https:\/\/agora.xtec.cat\/iesfredericmarti\/wp-json\/wp\/v2\/posts\/4924","targetHints":{"allow":["GET"]}}],"collection":[{"href":"https:\/\/agora.xtec.cat\/iesfredericmarti\/wp-json\/wp\/v2\/posts"}],"about":[{"href":"https:\/\/agora.xtec.cat\/iesfredericmarti\/wp-json\/wp\/v2\/types\/post"}],"author":[{"embeddable":true,"href":"https:\/\/agora.xtec.cat\/iesfredericmarti\/wp-json\/wp\/v2\/users\/1"}],"replies":[{"embeddable":true,"href":"https:\/\/agora.xtec.cat\/iesfredericmarti\/wp-json\/wp\/v2\/comments?post=4924"}],"version-history":[{"count":3,"href":"https:\/\/agora.xtec.cat\/iesfredericmarti\/wp-json\/wp\/v2\/posts\/4924\/revisions"}],"predecessor-version":[{"id":4944,"href":"https:\/\/agora.xtec.cat\/iesfredericmarti\/wp-json\/wp\/v2\/posts\/4924\/revisions\/4944"}],"wp:featuredmedia":[{"embeddable":true,"href":"https:\/\/agora.xtec.cat\/iesfredericmarti\/wp-json\/wp\/v2\/media\/4911"}],"wp:attachment":[{"href":"https:\/\/agora.xtec.cat\/iesfredericmarti\/wp-json\/wp\/v2\/media?parent=4924"}],"wp:term":[{"taxonomy":"category","embeddable":true,"href":"https:\/\/agora.xtec.cat\/iesfredericmarti\/wp-json\/wp\/v2\/categories?post=4924"},{"taxonomy":"post_tag","embeddable":true,"href":"https:\/\/agora.xtec.cat\/iesfredericmarti\/wp-json\/wp\/v2\/tags?post=4924"}],"curies":[{"name":"wp","href":"https:\/\/api.w.org\/{rel}","templated":true}]}}