{"id":4147,"date":"2019-10-15T12:27:45","date_gmt":"2019-10-15T10:27:45","guid":{"rendered":"http:\/\/agora.xtec.cat\/iesfredericmarti\/?p=4147"},"modified":"2019-10-15T12:28:45","modified_gmt":"2019-10-15T10:28:45","slug":"carta-informativa-vaga-18-octubre-i-vaga-destudiants","status":"publish","type":"post","link":"https:\/\/agora.xtec.cat\/iesfredericmarti\/general\/carta-informativa-vaga-18-octubre-i-vaga-destudiants\/","title":{"rendered":"CARTA INFORMATIVA VAGA 18 OCTUBRE I VAGA D&#8217;ESTUDIANTS"},"content":{"rendered":"<p>Benvolgudes fam\u00edlies,<\/p>\n<p>El proper <strong>divendres 18 d\u2019octubre hi ha convocada una vaga general<\/strong>.<\/p>\n<p>Us comuniquem que \u00e9s probable que alguns <strong>professors facin vaga<\/strong>, per tant els alumnes que es vegin afectats no tindran classe, per\u00f2 seran atesos pels serveis m\u00ednims establerts.<\/p>\n<p><strong>Paral\u00b7lelament, el Sindicat d\u2019Estudiants ha convocat tres dies de vaga a partir del dimecres 16 fins el divendres 18 d\u2019octubre<\/strong>.<\/p>\n<p>Els delegats de 3r i 4t i Batxillerat, seguint el protocol establert, han comunicat a l&#8217;equip directiu que els propers tres dies esmentats, la majoria, secundaran la vaga convocada pel Sindicat d&#8217;Estudiants.<\/p>\n<p>La decisi\u00f3 sobre l&#8217;assist\u00e8ncia d&#8217;aquests dies correspon a les fam\u00edlies. Els alumnes que no assisteixin a classe hauran de justificar les faltes a l&#8217;agenda escolar.<\/p>\n<p>Us recordem que els alumnes de 1r i 2n d\u2019ESO no poden acollir-se al dret de vaga i, per tant, tenen l&#8217;obligaci\u00f3 d&#8217;assistir a les activitats del centre.<\/p>\n<p style=\"text-align: left;\">Cordialment,<\/p>\n<p>Jaume Fern\u00e1ndez<\/p>\n<p>Director<\/p>\n<p style=\"text-align: right;\">Palafrugell, 15 d\u2019octubre de 2019<\/p>\n<p style=\"text-align: center;\"><img loading=\"lazy\" decoding=\"async\" class=\"aligncenter size-full wp-image-4148\" src=\"https:\/\/agora.xtec.cat\/iesfredericmarti\/wp-content\/uploads\/usu920\/2019\/10\/vagageneralsentenciaestudiants.jpg\" alt=\"\" width=\"378\" height=\"550\" srcset=\"https:\/\/agora.xtec.cat\/iesfredericmarti\/wp-content\/uploads\/usu920\/2019\/10\/vagageneralsentenciaestudiants.jpg 378w, https:\/\/agora.xtec.cat\/iesfredericmarti\/wp-content\/uploads\/usu920\/2019\/10\/vagageneralsentenciaestudiants-206x300.jpg 206w\" sizes=\"auto, (max-width: 378px) 100vw, 378px\" \/><\/p>\n<p style=\"text-align: center;\">\n","protected":false},"excerpt":{"rendered":"<p>Benvolgudes fam\u00edlies, El proper divendres 18 d\u2019octubre hi ha convocada una vaga general. Us comuniquem que \u00e9s probable que alguns professors facin vaga, per tant els alumnes que es vegin afectats no tindran classe, per\u00f2 seran atesos pels serveis m\u00ednims establerts. Paral\u00b7lelament, el Sindicat d\u2019Estudiants ha convocat tres dies de vaga a partir del dimecres [&hellip;]<\/p>\n","protected":false},"author":1,"featured_media":3273,"comment_status":"open","ping_status":"closed","sticky":false,"template":"","format":"standard","meta":{"_bbp_topic_count":0,"_bbp_reply_count":0,"_bbp_total_topic_count":0,"_bbp_total_reply_count":0,"_bbp_voice_count":0,"_bbp_anonymous_reply_count":0,"_bbp_topic_count_hidden":0,"_bbp_reply_count_hidden":0,"_bbp_forum_subforum_count":0,"site-sidebar-layout":"default","site-content-layout":"","ast-site-content-layout":"","site-content-style":"default","site-sidebar-style":"default","ast-global-header-display":"","ast-banner-title-visibility":"","ast-main-header-display":"","ast-hfb-above-header-display":"","ast-hfb-below-header-display":"","ast-hfb-mobile-header-display":"","site-post-title":"","ast-breadcrumbs-content":"","ast-featured-img":"","footer-sml-layout":"","theme-transparent-header-meta":"","adv-header-id-meta":"","stick-header-meta":"","header-above-stick-meta":"","header-main-stick-meta":"","header-below-stick-meta":"","astra-migrate-meta-layouts":"default","ast-page-background-enabled":"default","ast-page-background-meta":{"desktop":{"background-color":"var(--ast-global-color-4)","background-image":"","background-repeat":"repeat","background-position":"center center","background-size":"auto","background-attachment":"scroll","background-type":"","background-media":"","overlay-type":"","overlay-color":"","overlay-opacity":"","overlay-gradient":""},"tablet":{"background-color":"","background-image":"","background-repeat":"repeat","background-position":"center center","background-size":"auto","background-attachment":"scroll","background-type":"","background-media":"","overlay-type":"","overlay-color":"","overlay-opacity":"","overlay-gradient":""},"mobile":{"background-color":"","background-image":"","background-repeat":"repeat","background-position":"center center","background-size":"auto","background-attachment":"scroll","background-type":"","background-media":"","overlay-type":"","overlay-color":"","overlay-opacity":"","overlay-gradient":""}},"ast-content-background-meta":{"desktop":{"background-color":"var(--ast-global-color-5)","background-image":"","background-repeat":"repeat","background-position":"center center","background-size":"auto","background-attachment":"scroll","background-type":"","background-media":"","overlay-type":"","overlay-color":"","overlay-opacity":"","overlay-gradient":""},"tablet":{"background-color":"var(--ast-global-color-5)","background-image":"","background-repeat":"repeat","background-position":"center center","background-size":"auto","background-attachment":"scroll","background-type":"","background-media":"","overlay-type":"","overlay-color":"","overlay-opacity":"","overlay-gradient":""},"mobile":{"background-color":"var(--ast-global-color-5)","background-image":"","background-repeat":"repeat","background-position":"center center","background-size":"auto","background-attachment":"scroll","background-type":"","background-media":"","overlay-type":"","overlay-color":"","overlay-opacity":"","overlay-gradient":""}},"footnotes":""},"categories":[8,3,31,1,29],"tags":[723,293,997,998,792,999],"class_list":["post-4147","post","type-post","status-publish","format-standard","has-post-thumbnail","hentry","category-batxillerat","category-eso","category-families","category-general","category-portada","tag-jornada-de-vaga","tag-vaga","tag-vaga-18-octubre","tag-vaga-18-o","tag-vaga-general","tag-vaga-general-18-o"],"post_mailing_queue_ids":[],"_links":{"self":[{"href":"https:\/\/agora.xtec.cat\/iesfredericmarti\/wp-json\/wp\/v2\/posts\/4147","targetHints":{"allow":["GET"]}}],"collection":[{"href":"https:\/\/agora.xtec.cat\/iesfredericmarti\/wp-json\/wp\/v2\/posts"}],"about":[{"href":"https:\/\/agora.xtec.cat\/iesfredericmarti\/wp-json\/wp\/v2\/types\/post"}],"author":[{"embeddable":true,"href":"https:\/\/agora.xtec.cat\/iesfredericmarti\/wp-json\/wp\/v2\/users\/1"}],"replies":[{"embeddable":true,"href":"https:\/\/agora.xtec.cat\/iesfredericmarti\/wp-json\/wp\/v2\/comments?post=4147"}],"version-history":[{"count":2,"href":"https:\/\/agora.xtec.cat\/iesfredericmarti\/wp-json\/wp\/v2\/posts\/4147\/revisions"}],"predecessor-version":[{"id":4150,"href":"https:\/\/agora.xtec.cat\/iesfredericmarti\/wp-json\/wp\/v2\/posts\/4147\/revisions\/4150"}],"wp:featuredmedia":[{"embeddable":true,"href":"https:\/\/agora.xtec.cat\/iesfredericmarti\/wp-json\/wp\/v2\/media\/3273"}],"wp:attachment":[{"href":"https:\/\/agora.xtec.cat\/iesfredericmarti\/wp-json\/wp\/v2\/media?parent=4147"}],"wp:term":[{"taxonomy":"category","embeddable":true,"href":"https:\/\/agora.xtec.cat\/iesfredericmarti\/wp-json\/wp\/v2\/categories?post=4147"},{"taxonomy":"post_tag","embeddable":true,"href":"https:\/\/agora.xtec.cat\/iesfredericmarti\/wp-json\/wp\/v2\/tags?post=4147"}],"curies":[{"name":"wp","href":"https:\/\/api.w.org\/{rel}","templated":true}]}}