{"id":10468,"date":"2026-09-04T10:50:48","date_gmt":"2026-09-04T08:50:48","guid":{"rendered":"https:\/\/agora.xtec.cat\/iesfredericmarti\/?p=10468"},"modified":"2026-09-04T10:51:25","modified_gmt":"2026-09-04T08:51:25","slug":"inici-pla-catala-desports-a-lescola","status":"publish","type":"post","link":"https:\/\/agora.xtec.cat\/iesfredericmarti\/eso\/inici-pla-catala-desports-a-lescola\/","title":{"rendered":"INICI PLA CATAL\u00c0 D&#8217;ESPORTS A L&#8217;ESCOLA"},"content":{"rendered":"\n<figure class=\"wp-block-image alignright size-full is-resized\"><a href=\"https:\/\/agora.xtec.cat\/iesfredericmarti\/wp-content\/uploads\/usu920\/2026\/09\/TRIPTIC-PCEE-26-27.pdf\" target=\"_blank\" rel=\" noreferrer noopener\"><img loading=\"lazy\" decoding=\"async\" width=\"800\" height=\"800\" src=\"https:\/\/agora.xtec.cat\/iesfredericmarti\/wp-content\/uploads\/usu920\/2026\/06\/pla_esports_logo.png\" alt=\"\" class=\"wp-image-10345\" style=\"width:400px\" srcset=\"https:\/\/agora.xtec.cat\/iesfredericmarti\/wp-content\/uploads\/usu920\/2026\/06\/pla_esports_logo.png 800w, https:\/\/agora.xtec.cat\/iesfredericmarti\/wp-content\/uploads\/usu920\/2026\/06\/pla_esports_logo-300x300.png 300w, https:\/\/agora.xtec.cat\/iesfredericmarti\/wp-content\/uploads\/usu920\/2026\/06\/pla_esports_logo-150x150.png 150w, https:\/\/agora.xtec.cat\/iesfredericmarti\/wp-content\/uploads\/usu920\/2026\/06\/pla_esports_logo-768x768.png 768w\" sizes=\"auto, (max-width: 800px) 100vw, 800px\" \/><\/a><\/figure>\n\n\n\n<p>Benvolgut pares i alumnes,<\/p>\n\n\n\n<p>Us recordem que durant el mes de setembre us podeu inscriure a les activitats del Pla Catal\u00e0 d&#8217; Esport a l&#8217;Escola.&nbsp;<\/p>\n\n\n\n<p>Adjuntem tr\u00edptic informatiu actualitzat amb un canvi de dia de l&#8217;activitat de voleibol.<\/p>\n\n\n\n<p>Aqu\u00ed teniu l&#8217;enlla\u00e7 per a les inscripcions i pagament.<\/p>\n\n\n\n<p><a href=\"https:\/\/docs.google.com\/forms\/d\/1aOTQGXT864WdTpsDXov4xEDwo-fVLfRbjkB5pf1xqWE\/edit\" target=\"_blank\" rel=\"noreferrer noopener\">Formulari d&#8217;inscripci\u00f3 i pagament<\/a><\/p>\n\n\n\n<p>Salutacions.<\/p>\n","protected":false},"excerpt":{"rendered":"<p>Benvolgut pares i alumnes, Us recordem que durant el mes de setembre us podeu inscriure a les activitats del Pla Catal\u00e0 d&#8217; Esport a l&#8217;Escola.&nbsp; Adjuntem tr\u00edptic informatiu actualitzat amb un canvi de dia de l&#8217;activitat de voleibol. Aqu\u00ed teniu l&#8217;enlla\u00e7 per a les inscripcions i pagament. Formulari d&#8217;inscripci\u00f3 i pagament Salutacions.<\/p>\n","protected":false},"author":1,"featured_media":10345,"comment_status":"closed","ping_status":"open","sticky":false,"template":"","format":"standard","meta":{"_bbp_topic_count":0,"_bbp_reply_count":0,"_bbp_total_topic_count":0,"_bbp_total_reply_count":0,"_bbp_voice_count":0,"_bbp_anonymous_reply_count":0,"_bbp_topic_count_hidden":0,"_bbp_reply_count_hidden":0,"_bbp_forum_subforum_count":0,"site-sidebar-layout":"default","site-content-layout":"","ast-site-content-layout":"default","site-content-style":"default","site-sidebar-style":"default","ast-global-header-display":"","ast-banner-title-visibility":"","ast-main-header-display":"","ast-hfb-above-header-display":"","ast-hfb-below-header-display":"","ast-hfb-mobile-header-display":"","site-post-title":"","ast-breadcrumbs-content":"","ast-featured-img":"","footer-sml-layout":"","theme-transparent-header-meta":"","adv-header-id-meta":"","stick-header-meta":"","header-above-stick-meta":"","header-main-stick-meta":"","header-below-stick-meta":"","astra-migrate-meta-layouts":"set","ast-page-background-enabled":"default","ast-page-background-meta":{"desktop":{"background-color":"var(--ast-global-color-4)","background-image":"","background-repeat":"repeat","background-position":"center center","background-size":"auto","background-attachment":"scroll","background-type":"","background-media":"","overlay-type":"","overlay-color":"","overlay-opacity":"","overlay-gradient":""},"tablet":{"background-color":"","background-image":"","background-repeat":"repeat","background-position":"center center","background-size":"auto","background-attachment":"scroll","background-type":"","background-media":"","overlay-type":"","overlay-color":"","overlay-opacity":"","overlay-gradient":""},"mobile":{"background-color":"","background-image":"","background-repeat":"repeat","background-position":"center center","background-size":"auto","background-attachment":"scroll","background-type":"","background-media":"","overlay-type":"","overlay-color":"","overlay-opacity":"","overlay-gradient":""}},"ast-content-background-meta":{"desktop":{"background-color":"var(--ast-global-color-5)","background-image":"","background-repeat":"repeat","background-position":"center center","background-size":"auto","background-attachment":"scroll","background-type":"","background-media":"","overlay-type":"","overlay-color":"","overlay-opacity":"","overlay-gradient":""},"tablet":{"background-color":"var(--ast-global-color-5)","background-image":"","background-repeat":"repeat","background-position":"center center","background-size":"auto","background-attachment":"scroll","background-type":"","background-media":"","overlay-type":"","overlay-color":"","overlay-opacity":"","overlay-gradient":""},"mobile":{"background-color":"var(--ast-global-color-5)","background-image":"","background-repeat":"repeat","background-position":"center center","background-size":"auto","background-attachment":"scroll","background-type":"","background-media":"","overlay-type":"","overlay-color":"","overlay-opacity":"","overlay-gradient":""}},"footnotes":""},"categories":[8,3,31,29],"tags":[1744,1784,681],"class_list":["post-10468","post","type-post","status-publish","format-standard","has-post-thumbnail","hentry","category-batxillerat","category-eso","category-families","category-portada","tag-curs-2026-2027","tag-pcee","tag-pla-desport"],"post_mailing_queue_ids":[],"_links":{"self":[{"href":"https:\/\/agora.xtec.cat\/iesfredericmarti\/wp-json\/wp\/v2\/posts\/10468","targetHints":{"allow":["GET"]}}],"collection":[{"href":"https:\/\/agora.xtec.cat\/iesfredericmarti\/wp-json\/wp\/v2\/posts"}],"about":[{"href":"https:\/\/agora.xtec.cat\/iesfredericmarti\/wp-json\/wp\/v2\/types\/post"}],"author":[{"embeddable":true,"href":"https:\/\/agora.xtec.cat\/iesfredericmarti\/wp-json\/wp\/v2\/users\/1"}],"replies":[{"embeddable":true,"href":"https:\/\/agora.xtec.cat\/iesfredericmarti\/wp-json\/wp\/v2\/comments?post=10468"}],"version-history":[{"count":1,"href":"https:\/\/agora.xtec.cat\/iesfredericmarti\/wp-json\/wp\/v2\/posts\/10468\/revisions"}],"predecessor-version":[{"id":10471,"href":"https:\/\/agora.xtec.cat\/iesfredericmarti\/wp-json\/wp\/v2\/posts\/10468\/revisions\/10471"}],"wp:featuredmedia":[{"embeddable":true,"href":"https:\/\/agora.xtec.cat\/iesfredericmarti\/wp-json\/wp\/v2\/media\/10345"}],"wp:attachment":[{"href":"https:\/\/agora.xtec.cat\/iesfredericmarti\/wp-json\/wp\/v2\/media?parent=10468"}],"wp:term":[{"taxonomy":"category","embeddable":true,"href":"https:\/\/agora.xtec.cat\/iesfredericmarti\/wp-json\/wp\/v2\/categories?post=10468"},{"taxonomy":"post_tag","embeddable":true,"href":"https:\/\/agora.xtec.cat\/iesfredericmarti\/wp-json\/wp\/v2\/tags?post=10468"}],"curies":[{"name":"wp","href":"https:\/\/api.w.org\/{rel}","templated":true}]}}