{"id":10462,"date":"2026-09-04T09:12:29","date_gmt":"2026-09-04T07:12:29","guid":{"rendered":"https:\/\/agora.xtec.cat\/iesfredericmarti\/?p=10462"},"modified":"2026-09-04T09:12:30","modified_gmt":"2026-09-04T07:12:30","slug":"pindoles-formatives-on-line","status":"publish","type":"post","link":"https:\/\/agora.xtec.cat\/iesfredericmarti\/portada\/pindoles-formatives-on-line\/","title":{"rendered":"P\u00cdNDOLES FORMATIVES ON-LINE"},"content":{"rendered":"\n<figure class=\"wp-block-image alignright size-full is-resized\"><a href=\"https:\/\/agora.xtec.cat\/iesfredericmarti\/wp-content\/uploads\/usu920\/2026\/09\/Pindoles-formatives.pdf\" target=\"_blank\" rel=\" noreferrer noopener\"><img loading=\"lazy\" decoding=\"async\" width=\"800\" height=\"800\" src=\"https:\/\/agora.xtec.cat\/iesfredericmarti\/wp-content\/uploads\/usu920\/2026\/09\/Pindoles-formatives_logo-1.jpg\" alt=\"\" class=\"wp-image-10465\" style=\"width:400px\" srcset=\"https:\/\/agora.xtec.cat\/iesfredericmarti\/wp-content\/uploads\/usu920\/2026\/09\/Pindoles-formatives_logo-1.jpg 800w, https:\/\/agora.xtec.cat\/iesfredericmarti\/wp-content\/uploads\/usu920\/2026\/09\/Pindoles-formatives_logo-1-300x300.jpg 300w, https:\/\/agora.xtec.cat\/iesfredericmarti\/wp-content\/uploads\/usu920\/2026\/09\/Pindoles-formatives_logo-1-150x150.jpg 150w, https:\/\/agora.xtec.cat\/iesfredericmarti\/wp-content\/uploads\/usu920\/2026\/09\/Pindoles-formatives_logo-1-768x768.jpg 768w\" sizes=\"auto, (max-width: 800px) 100vw, 800px\" \/><\/a><\/figure>\n\n\n\n<p>Des del&nbsp;<strong>Consell Comarcal del Baix Empord\u00e0<\/strong>&nbsp;us convidem a participar en un nou cicle de&nbsp;<strong>p\u00edndoles formatives en l\u00ednia<\/strong>, que tindr\u00e0 lloc aquest mes de setembre en el marc del projecte&nbsp;<strong>Revoluci\u00f3 a la Taula!<\/strong><\/p>\n\n\n\n<p>Cinc sessions breus i pr\u00e0ctiques per parlar de q\u00fcestions molt presents en el dia a dia de les fam\u00edlies i de la comunitat educativa: alimentaci\u00f3, salut, TDAH, diabetis, emocions i menjador escolar.<\/p>\n\n\n\n<p><strong>22 de setembre \u00b7 17.30 h<\/strong><br><strong>I avui, qu\u00e8 sopem?<\/strong><br>Idees i eines per organitzar els sopars familiars, complementar el men\u00fa escolar i fer m\u00e9s f\u00e0cil la planificaci\u00f3 dels \u00e0pats a casa.<\/p>\n\n\n\n<p><strong>23 de setembre \u00b7 17.30 h<\/strong><br><strong>Alimentar-se amb diabetis, sense mites ni pors<\/strong><br>Quan la diabetis entra a casa, qu\u00e8 cal saber? Una sessi\u00f3 per resoldre dubtes i disposar d\u2019informaci\u00f3 pr\u00e0ctica per afrontar l\u2019alimentaci\u00f3 amb m\u00e9s coneixement i tranquil\u00b7litat.<\/p>\n\n\n\n<p><strong>24 de setembre \u00b7 17.30 h<\/strong><br><strong>Alimentaci\u00f3 i TDAH: petits canvis, grans beneficis<\/strong><br>Com pot l\u2019alimentaci\u00f3 acompanyar el TDAH? Parlarem del paper dels h\u00e0bits alimentaris i de petits canvis que poden contribuir al benestar en el dia a dia.<\/p>\n\n\n\n<p><strong>29 de setembre \u00b7 17.30 h<\/strong><br><strong>Nou decret de menjador escolar: les claus que has de con\u00e8ixer<\/strong><br>El menjador escolar evoluciona. Coneixerem les principals novetats del nou decret, els canvis en la composici\u00f3 dels men\u00fas i qu\u00e8 impliquen per als infants, les fam\u00edlies i la comunitat educativa.<\/p>\n\n\n\n<p><strong>30 de setembre \u00b7 17.30 h<\/strong><br><strong>La nostra relaci\u00f3 amb el menjar: quan les emocions s\u2019asseuen a taula<\/strong><br>Quina relaci\u00f3 hi ha entre les emocions i la manera com mengem? Una sessi\u00f3 per entendre millor aquesta relaci\u00f3 i reflexionar sobre com podem acompanyar infants i joves.<\/p>\n\n\n\n<p><strong>Totes les sessions s\u00f3n en l\u00ednia i obertes a tota la ciutadania.<\/strong><\/p>\n\n\n\n<p>A m\u00e9s, en el moment de fer la inscripci\u00f3 podreu&nbsp;<strong>fer-nos arribar les vostres preguntes, dubtes o inquietuds<\/strong>&nbsp;sobre cada tem\u00e0tica. Les compartirem pr\u00e8viament amb les professionals que impartiran les sessions perqu\u00e8 puguin abordar aquelles q\u00fcestions que m\u00e9s us interessen.<\/p>\n\n\n\n<p>\u00a0<strong>INSCRIPCIONS OBERTES<\/strong><br>Podeu consultar el programa i inscriure-us a una o diverses p\u00edndoles a trav\u00e9s del formulari seg\u00fcent:<\/p>\n\n\n\n<p><a href=\"https:\/\/docs.google.com\/forms\/d\/e\/1FAIpQLSfNVqc-RFY60c6EaJdZPoTRGqOIJ34MPxZVIYMHiGMWgsrTmA\/viewform?usp=header\" target=\"_blank\" rel=\"noreferrer noopener\">Formulari<\/a><\/p>\n\n\n\n<p>Aquest cicle forma part de&nbsp;<strong>Revoluci\u00f3 a la Taula!<\/strong>, un projecte del Consell Comarcal del Baix Empord\u00e0 que promou una alimentaci\u00f3 saludable i sostenible i posa en valor el menjador escolar com a espai educatiu.<\/p>\n\n\n\n<p><strong>Us animem a participar-hi<\/strong>!<\/p>\n","protected":false},"excerpt":{"rendered":"<p>Des del&nbsp;Consell Comarcal del Baix Empord\u00e0&nbsp;us convidem a participar en un nou cicle de&nbsp;p\u00edndoles formatives en l\u00ednia, que tindr\u00e0 lloc aquest mes de setembre en el marc del projecte&nbsp;Revoluci\u00f3 a la Taula! Cinc sessions breus i pr\u00e0ctiques per parlar de q\u00fcestions molt presents en el dia a dia de les fam\u00edlies i de la comunitat [&hellip;]<\/p>\n","protected":false},"author":1,"featured_media":10463,"comment_status":"closed","ping_status":"open","sticky":false,"template":"","format":"standard","meta":{"_bbp_topic_count":0,"_bbp_reply_count":0,"_bbp_total_topic_count":0,"_bbp_total_reply_count":0,"_bbp_voice_count":0,"_bbp_anonymous_reply_count":0,"_bbp_topic_count_hidden":0,"_bbp_reply_count_hidden":0,"_bbp_forum_subforum_count":0,"site-sidebar-layout":"default","site-content-layout":"","ast-site-content-layout":"default","site-content-style":"default","site-sidebar-style":"default","ast-global-header-display":"","ast-banner-title-visibility":"","ast-main-header-display":"","ast-hfb-above-header-display":"","ast-hfb-below-header-display":"","ast-hfb-mobile-header-display":"","site-post-title":"","ast-breadcrumbs-content":"","ast-featured-img":"","footer-sml-layout":"","theme-transparent-header-meta":"","adv-header-id-meta":"","stick-header-meta":"","header-above-stick-meta":"","header-main-stick-meta":"","header-below-stick-meta":"","astra-migrate-meta-layouts":"set","ast-page-background-enabled":"default","ast-page-background-meta":{"desktop":{"background-color":"var(--ast-global-color-4)","background-image":"","background-repeat":"repeat","background-position":"center center","background-size":"auto","background-attachment":"scroll","background-type":"","background-media":"","overlay-type":"","overlay-color":"","overlay-opacity":"","overlay-gradient":""},"tablet":{"background-color":"","background-image":"","background-repeat":"repeat","background-position":"center center","background-size":"auto","background-attachment":"scroll","background-type":"","background-media":"","overlay-type":"","overlay-color":"","overlay-opacity":"","overlay-gradient":""},"mobile":{"background-color":"","background-image":"","background-repeat":"repeat","background-position":"center center","background-size":"auto","background-attachment":"scroll","background-type":"","background-media":"","overlay-type":"","overlay-color":"","overlay-opacity":"","overlay-gradient":""}},"ast-content-background-meta":{"desktop":{"background-color":"var(--ast-global-color-5)","background-image":"","background-repeat":"repeat","background-position":"center center","background-size":"auto","background-attachment":"scroll","background-type":"","background-media":"","overlay-type":"","overlay-color":"","overlay-opacity":"","overlay-gradient":""},"tablet":{"background-color":"var(--ast-global-color-5)","background-image":"","background-repeat":"repeat","background-position":"center center","background-size":"auto","background-attachment":"scroll","background-type":"","background-media":"","overlay-type":"","overlay-color":"","overlay-opacity":"","overlay-gradient":""},"mobile":{"background-color":"var(--ast-global-color-5)","background-image":"","background-repeat":"repeat","background-position":"center center","background-size":"auto","background-attachment":"scroll","background-type":"","background-media":"","overlay-type":"","overlay-color":"","overlay-opacity":"","overlay-gradient":""}},"footnotes":""},"categories":[31,29],"tags":[1744,370,1783],"class_list":["post-10462","post","type-post","status-publish","format-standard","has-post-thumbnail","hentry","category-families","category-portada","tag-curs-2026-2027","tag-families","tag-pindoles-formatives"],"post_mailing_queue_ids":[],"_links":{"self":[{"href":"https:\/\/agora.xtec.cat\/iesfredericmarti\/wp-json\/wp\/v2\/posts\/10462","targetHints":{"allow":["GET"]}}],"collection":[{"href":"https:\/\/agora.xtec.cat\/iesfredericmarti\/wp-json\/wp\/v2\/posts"}],"about":[{"href":"https:\/\/agora.xtec.cat\/iesfredericmarti\/wp-json\/wp\/v2\/types\/post"}],"author":[{"embeddable":true,"href":"https:\/\/agora.xtec.cat\/iesfredericmarti\/wp-json\/wp\/v2\/users\/1"}],"replies":[{"embeddable":true,"href":"https:\/\/agora.xtec.cat\/iesfredericmarti\/wp-json\/wp\/v2\/comments?post=10462"}],"version-history":[{"count":1,"href":"https:\/\/agora.xtec.cat\/iesfredericmarti\/wp-json\/wp\/v2\/posts\/10462\/revisions"}],"predecessor-version":[{"id":10467,"href":"https:\/\/agora.xtec.cat\/iesfredericmarti\/wp-json\/wp\/v2\/posts\/10462\/revisions\/10467"}],"wp:featuredmedia":[{"embeddable":true,"href":"https:\/\/agora.xtec.cat\/iesfredericmarti\/wp-json\/wp\/v2\/media\/10463"}],"wp:attachment":[{"href":"https:\/\/agora.xtec.cat\/iesfredericmarti\/wp-json\/wp\/v2\/media?parent=10462"}],"wp:term":[{"taxonomy":"category","embeddable":true,"href":"https:\/\/agora.xtec.cat\/iesfredericmarti\/wp-json\/wp\/v2\/categories?post=10462"},{"taxonomy":"post_tag","embeddable":true,"href":"https:\/\/agora.xtec.cat\/iesfredericmarti\/wp-json\/wp\/v2\/tags?post=10462"}],"curies":[{"name":"wp","href":"https:\/\/api.w.org\/{rel}","templated":true}]}}