{"id":10443,"date":"2026-09-02T09:54:59","date_gmt":"2026-09-02T07:54:59","guid":{"rendered":"https:\/\/agora.xtec.cat\/iesfredericmarti\/?p=10443"},"modified":"2026-09-02T09:55:00","modified_gmt":"2026-09-02T07:55:00","slug":"matricula-de-materies-a-lioc","status":"publish","type":"post","link":"https:\/\/agora.xtec.cat\/iesfredericmarti\/batxillerat\/matricula-de-materies-a-lioc\/","title":{"rendered":"MATR\u00cdCULA DE MAT\u00c8RIES A L&#8217;IOC"},"content":{"rendered":"\n<figure class=\"wp-block-image alignright size-full is-resized\"><img loading=\"lazy\" decoding=\"async\" width=\"800\" height=\"800\" src=\"https:\/\/agora.xtec.cat\/iesfredericmarti\/wp-content\/uploads\/usu920\/2026\/09\/ioc_logo-1.png\" alt=\"\" class=\"wp-image-10446\" style=\"width:400px\" srcset=\"https:\/\/agora.xtec.cat\/iesfredericmarti\/wp-content\/uploads\/usu920\/2026\/09\/ioc_logo-1.png 800w, https:\/\/agora.xtec.cat\/iesfredericmarti\/wp-content\/uploads\/usu920\/2026\/09\/ioc_logo-1-300x300.png 300w, https:\/\/agora.xtec.cat\/iesfredericmarti\/wp-content\/uploads\/usu920\/2026\/09\/ioc_logo-1-150x150.png 150w, https:\/\/agora.xtec.cat\/iesfredericmarti\/wp-content\/uploads\/usu920\/2026\/09\/ioc_logo-1-768x768.png 768w\" sizes=\"auto, (max-width: 800px) 100vw, 800px\" \/><\/figure>\n\n\n\n<p>L\u2019alumnat de batxillerat interessat a&nbsp;<strong>cursar alguna mat\u00e8ria a trav\u00e9s de l\u2019Institut Obert de Catalunya (IOC)<\/strong>&nbsp;ha de passar per la&nbsp;<strong>secretaria del centre entre l\u20191 i el 9 de setembre,<\/strong>&nbsp;per tal de gestionar i formalitzar la matr\u00edcula.<\/p>\n\n\n\n<p><strong>\u00c9s important fer el tr\u00e0mit dins d\u2019aquest termini<\/strong>\u00a0per garantir que la matr\u00edcula es pugui gestionar correctament.<\/p>\n\n\n\n<ul class=\"wp-block-list\">\n<li><strong>Termini: de l\u20191 al 9 de setembre<\/strong><\/li>\n\n\n\n<li>\u00a0<strong>Lloc: Secretaria de l&#8217;institut<\/strong><\/li>\n<\/ul>\n\n\n\n<p>Si esteu interessats a cursar alguna mat\u00e8ria a trav\u00e9s de l\u2019IOC, adreceu-vos a secretaria el m\u00e9s aviat possible.<\/p>\n","protected":false},"excerpt":{"rendered":"<p>L\u2019alumnat de batxillerat interessat a&nbsp;cursar alguna mat\u00e8ria a trav\u00e9s de l\u2019Institut Obert de Catalunya (IOC)&nbsp;ha de passar per la&nbsp;secretaria del centre entre l\u20191 i el 9 de setembre,&nbsp;per tal de gestionar i formalitzar la matr\u00edcula. \u00c9s important fer el tr\u00e0mit dins d\u2019aquest termini\u00a0per garantir que la matr\u00edcula es pugui gestionar correctament. Si esteu interessats a [&hellip;]<\/p>\n","protected":false},"author":1,"featured_media":10444,"comment_status":"closed","ping_status":"open","sticky":false,"template":"","format":"standard","meta":{"_bbp_topic_count":0,"_bbp_reply_count":0,"_bbp_total_topic_count":0,"_bbp_total_reply_count":0,"_bbp_voice_count":0,"_bbp_anonymous_reply_count":0,"_bbp_topic_count_hidden":0,"_bbp_reply_count_hidden":0,"_bbp_forum_subforum_count":0,"site-sidebar-layout":"default","site-content-layout":"","ast-site-content-layout":"default","site-content-style":"default","site-sidebar-style":"default","ast-global-header-display":"","ast-banner-title-visibility":"","ast-main-header-display":"","ast-hfb-above-header-display":"","ast-hfb-below-header-display":"","ast-hfb-mobile-header-display":"","site-post-title":"","ast-breadcrumbs-content":"","ast-featured-img":"","footer-sml-layout":"","theme-transparent-header-meta":"","adv-header-id-meta":"","stick-header-meta":"","header-above-stick-meta":"","header-main-stick-meta":"","header-below-stick-meta":"","astra-migrate-meta-layouts":"set","ast-page-background-enabled":"default","ast-page-background-meta":{"desktop":{"background-color":"var(--ast-global-color-4)","background-image":"","background-repeat":"repeat","background-position":"center center","background-size":"auto","background-attachment":"scroll","background-type":"","background-media":"","overlay-type":"","overlay-color":"","overlay-opacity":"","overlay-gradient":""},"tablet":{"background-color":"","background-image":"","background-repeat":"repeat","background-position":"center center","background-size":"auto","background-attachment":"scroll","background-type":"","background-media":"","overlay-type":"","overlay-color":"","overlay-opacity":"","overlay-gradient":""},"mobile":{"background-color":"","background-image":"","background-repeat":"repeat","background-position":"center center","background-size":"auto","background-attachment":"scroll","background-type":"","background-media":"","overlay-type":"","overlay-color":"","overlay-opacity":"","overlay-gradient":""}},"ast-content-background-meta":{"desktop":{"background-color":"var(--ast-global-color-5)","background-image":"","background-repeat":"repeat","background-position":"center center","background-size":"auto","background-attachment":"scroll","background-type":"","background-media":"","overlay-type":"","overlay-color":"","overlay-opacity":"","overlay-gradient":""},"tablet":{"background-color":"var(--ast-global-color-5)","background-image":"","background-repeat":"repeat","background-position":"center center","background-size":"auto","background-attachment":"scroll","background-type":"","background-media":"","overlay-type":"","overlay-color":"","overlay-opacity":"","overlay-gradient":""},"mobile":{"background-color":"var(--ast-global-color-5)","background-image":"","background-repeat":"repeat","background-position":"center center","background-size":"auto","background-attachment":"scroll","background-type":"","background-media":"","overlay-type":"","overlay-color":"","overlay-opacity":"","overlay-gradient":""}},"footnotes":""},"categories":[8,29],"tags":[1744,1781,1782],"class_list":["post-10443","post","type-post","status-publish","format-standard","has-post-thumbnail","hentry","category-batxillerat","category-portada","tag-curs-2026-2027","tag-ioc","tag-matricula"],"post_mailing_queue_ids":[],"_links":{"self":[{"href":"https:\/\/agora.xtec.cat\/iesfredericmarti\/wp-json\/wp\/v2\/posts\/10443","targetHints":{"allow":["GET"]}}],"collection":[{"href":"https:\/\/agora.xtec.cat\/iesfredericmarti\/wp-json\/wp\/v2\/posts"}],"about":[{"href":"https:\/\/agora.xtec.cat\/iesfredericmarti\/wp-json\/wp\/v2\/types\/post"}],"author":[{"embeddable":true,"href":"https:\/\/agora.xtec.cat\/iesfredericmarti\/wp-json\/wp\/v2\/users\/1"}],"replies":[{"embeddable":true,"href":"https:\/\/agora.xtec.cat\/iesfredericmarti\/wp-json\/wp\/v2\/comments?post=10443"}],"version-history":[{"count":1,"href":"https:\/\/agora.xtec.cat\/iesfredericmarti\/wp-json\/wp\/v2\/posts\/10443\/revisions"}],"predecessor-version":[{"id":10447,"href":"https:\/\/agora.xtec.cat\/iesfredericmarti\/wp-json\/wp\/v2\/posts\/10443\/revisions\/10447"}],"wp:featuredmedia":[{"embeddable":true,"href":"https:\/\/agora.xtec.cat\/iesfredericmarti\/wp-json\/wp\/v2\/media\/10444"}],"wp:attachment":[{"href":"https:\/\/agora.xtec.cat\/iesfredericmarti\/wp-json\/wp\/v2\/media?parent=10443"}],"wp:term":[{"taxonomy":"category","embeddable":true,"href":"https:\/\/agora.xtec.cat\/iesfredericmarti\/wp-json\/wp\/v2\/categories?post=10443"},{"taxonomy":"post_tag","embeddable":true,"href":"https:\/\/agora.xtec.cat\/iesfredericmarti\/wp-json\/wp\/v2\/tags?post=10443"}],"curies":[{"name":"wp","href":"https:\/\/api.w.org\/{rel}","templated":true}]}}