{"id":10412,"date":"2026-08-26T10:00:00","date_gmt":"2026-08-26T08:00:00","guid":{"rendered":"https:\/\/agora.xtec.cat\/iesfredericmarti\/?p=10412"},"modified":"2026-08-25T19:08:09","modified_gmt":"2026-08-25T17:08:09","slug":"reunions-dinici-de-curs-2026-2027","status":"publish","type":"post","link":"https:\/\/agora.xtec.cat\/iesfredericmarti\/general\/reunions-dinici-de-curs-2026-2027\/","title":{"rendered":"REUNIONS D&#8217;INICI DE CURS 2026-2027"},"content":{"rendered":"\n<figure class=\"wp-block-image alignright size-large is-resized\"><a href=\"https:\/\/agora.xtec.cat\/iesfredericmarti\/wp-content\/uploads\/usu920\/2026\/08\/reunions_inici_curs.pdf\" target=\"_blank\" rel=\" noreferrer noopener\"><img loading=\"lazy\" decoding=\"async\" width=\"768\" height=\"1024\" src=\"https:\/\/agora.xtec.cat\/iesfredericmarti\/wp-content\/uploads\/usu920\/2026\/08\/reunions_inici_curs_insta-768x1024.png\" alt=\"\" class=\"wp-image-10415\" style=\"width:400px\" srcset=\"https:\/\/agora.xtec.cat\/iesfredericmarti\/wp-content\/uploads\/usu920\/2026\/08\/reunions_inici_curs_insta-768x1024.png 768w, https:\/\/agora.xtec.cat\/iesfredericmarti\/wp-content\/uploads\/usu920\/2026\/08\/reunions_inici_curs_insta-225x300.png 225w, https:\/\/agora.xtec.cat\/iesfredericmarti\/wp-content\/uploads\/usu920\/2026\/08\/reunions_inici_curs_insta.png 1080w\" sizes=\"auto, (max-width: 768px) 100vw, 768px\" \/><\/a><\/figure>\n\n\n\n<p>Benvolgudes fam\u00edlies,<\/p>\n\n\n\n<p>Us convoquem a les reunions d\u2019inici de curs que es duran a terme entre el 28 i el 30 de setembre. Nom\u00e9s heu d\u2019assistir a la reuni\u00f3 del curs del vostre fill\/a (Si teniu fills\/es en diferents nivells, \u00e9s important assistir-hi a la de cada curs, ja que la informaci\u00f3 que es dona pot ser espec\u00edfica d\u2019un curs en concret).<\/p>\n\n\n\n<p>Els dies i les hores de les reunions s\u00f3n les seg\u00fcents:<\/p>\n\n\n\n<p>Dilluns 28 de setembre:<\/p>\n\n\n\n<ul class=\"wp-block-list\">\n<li>19:00 hores: 1r d\u2019ESO<\/li>\n\n\n\n<li>19:30 hores: 2n d\u2019ESO.<\/li>\n\n\n\n<li>20:00 hores: 3r d\u2019ESO.<\/li>\n<\/ul>\n\n\n\n<p>Dimecres 30 de setembre:<\/p>\n\n\n\n<ul class=\"wp-block-list\">\n<li>19:00 hores: 4t d\u2019ESO.<\/li>\n\n\n\n<li>19:30 hores: 1r de Batxillerat.<\/li>\n\n\n\n<li>20:00 hores: 2n de Batxillerat.<\/li>\n<\/ul>\n\n\n\n<p>Podeu fer clic <a href=\"https:\/\/agora.xtec.cat\/iesfredericmarti\/wp-content\/uploads\/usu920\/2026\/08\/reunions_inici_curs.pdf\" target=\"_blank\" rel=\"noreferrer noopener\">aqu\u00ed <\/a>o a la imatge per veure tota la informaci\u00f3.<\/p>\n\n\n\n<p>Us hi esperem!<\/p>\n","protected":false},"excerpt":{"rendered":"<p>Benvolgudes fam\u00edlies, Us convoquem a les reunions d\u2019inici de curs que es duran a terme entre el 28 i el 30 de setembre. Nom\u00e9s heu d\u2019assistir a la reuni\u00f3 del curs del vostre fill\/a (Si teniu fills\/es en diferents nivells, \u00e9s important assistir-hi a la de cada curs, ja que la informaci\u00f3 que es dona [&hellip;]<\/p>\n","protected":false},"author":1,"featured_media":10413,"comment_status":"closed","ping_status":"open","sticky":false,"template":"","format":"standard","meta":{"_bbp_topic_count":0,"_bbp_reply_count":0,"_bbp_total_topic_count":0,"_bbp_total_reply_count":0,"_bbp_voice_count":0,"_bbp_anonymous_reply_count":0,"_bbp_topic_count_hidden":0,"_bbp_reply_count_hidden":0,"_bbp_forum_subforum_count":0,"site-sidebar-layout":"default","site-content-layout":"","ast-site-content-layout":"default","site-content-style":"default","site-sidebar-style":"default","ast-global-header-display":"","ast-banner-title-visibility":"","ast-main-header-display":"","ast-hfb-above-header-display":"","ast-hfb-below-header-display":"","ast-hfb-mobile-header-display":"","site-post-title":"","ast-breadcrumbs-content":"","ast-featured-img":"","footer-sml-layout":"","theme-transparent-header-meta":"","adv-header-id-meta":"","stick-header-meta":"","header-above-stick-meta":"","header-main-stick-meta":"","header-below-stick-meta":"","astra-migrate-meta-layouts":"set","ast-page-background-enabled":"default","ast-page-background-meta":{"desktop":{"background-color":"var(--ast-global-color-4)","background-image":"","background-repeat":"repeat","background-position":"center center","background-size":"auto","background-attachment":"scroll","background-type":"","background-media":"","overlay-type":"","overlay-color":"","overlay-opacity":"","overlay-gradient":""},"tablet":{"background-color":"","background-image":"","background-repeat":"repeat","background-position":"center center","background-size":"auto","background-attachment":"scroll","background-type":"","background-media":"","overlay-type":"","overlay-color":"","overlay-opacity":"","overlay-gradient":""},"mobile":{"background-color":"","background-image":"","background-repeat":"repeat","background-position":"center center","background-size":"auto","background-attachment":"scroll","background-type":"","background-media":"","overlay-type":"","overlay-color":"","overlay-opacity":"","overlay-gradient":""}},"ast-content-background-meta":{"desktop":{"background-color":"var(--ast-global-color-5)","background-image":"","background-repeat":"repeat","background-position":"center center","background-size":"auto","background-attachment":"scroll","background-type":"","background-media":"","overlay-type":"","overlay-color":"","overlay-opacity":"","overlay-gradient":""},"tablet":{"background-color":"var(--ast-global-color-5)","background-image":"","background-repeat":"repeat","background-position":"center center","background-size":"auto","background-attachment":"scroll","background-type":"","background-media":"","overlay-type":"","overlay-color":"","overlay-opacity":"","overlay-gradient":""},"mobile":{"background-color":"var(--ast-global-color-5)","background-image":"","background-repeat":"repeat","background-position":"center center","background-size":"auto","background-attachment":"scroll","background-type":"","background-media":"","overlay-type":"","overlay-color":"","overlay-opacity":"","overlay-gradient":""}},"footnotes":""},"categories":[1,29],"tags":[1779,1635,1634,1009],"class_list":["post-10412","post","type-post","status-publish","format-standard","has-post-thumbnail","hentry","category-general","category-portada","tag-2026-2027","tag-curs","tag-inici","tag-reunions"],"post_mailing_queue_ids":[],"_links":{"self":[{"href":"https:\/\/agora.xtec.cat\/iesfredericmarti\/wp-json\/wp\/v2\/posts\/10412","targetHints":{"allow":["GET"]}}],"collection":[{"href":"https:\/\/agora.xtec.cat\/iesfredericmarti\/wp-json\/wp\/v2\/posts"}],"about":[{"href":"https:\/\/agora.xtec.cat\/iesfredericmarti\/wp-json\/wp\/v2\/types\/post"}],"author":[{"embeddable":true,"href":"https:\/\/agora.xtec.cat\/iesfredericmarti\/wp-json\/wp\/v2\/users\/1"}],"replies":[{"embeddable":true,"href":"https:\/\/agora.xtec.cat\/iesfredericmarti\/wp-json\/wp\/v2\/comments?post=10412"}],"version-history":[{"count":3,"href":"https:\/\/agora.xtec.cat\/iesfredericmarti\/wp-json\/wp\/v2\/posts\/10412\/revisions"}],"predecessor-version":[{"id":10439,"href":"https:\/\/agora.xtec.cat\/iesfredericmarti\/wp-json\/wp\/v2\/posts\/10412\/revisions\/10439"}],"wp:featuredmedia":[{"embeddable":true,"href":"https:\/\/agora.xtec.cat\/iesfredericmarti\/wp-json\/wp\/v2\/media\/10413"}],"wp:attachment":[{"href":"https:\/\/agora.xtec.cat\/iesfredericmarti\/wp-json\/wp\/v2\/media?parent=10412"}],"wp:term":[{"taxonomy":"category","embeddable":true,"href":"https:\/\/agora.xtec.cat\/iesfredericmarti\/wp-json\/wp\/v2\/categories?post=10412"},{"taxonomy":"post_tag","embeddable":true,"href":"https:\/\/agora.xtec.cat\/iesfredericmarti\/wp-json\/wp\/v2\/tags?post=10412"}],"curies":[{"name":"wp","href":"https:\/\/api.w.org\/{rel}","templated":true}]}}