{"id":10262,"date":"2026-04-29T19:51:22","date_gmt":"2026-04-29T17:51:22","guid":{"rendered":"https:\/\/agora.xtec.cat\/iesfredericmarti\/?p=10262"},"modified":"2026-04-29T19:51:23","modified_gmt":"2026-04-29T17:51:23","slug":"visita-a-la-preso-model-amb-4t-deso","status":"publish","type":"post","link":"https:\/\/agora.xtec.cat\/iesfredericmarti\/eso\/4t_eso\/visita-a-la-preso-model-amb-4t-deso\/","title":{"rendered":"VISITA A LA PRES\u00d3 MODEL AMB 4t D&#8217;ESO"},"content":{"rendered":"\n<p>El 28 d&#8217;abril, els nostres alumnes de 4t d&#8217;ESO han fet una sortida a Barcelona per visitar la pres\u00f3 Model.<\/p>\n\n\n\n<figure class=\"wp-block-image alignright size-large is-resized\"><img loading=\"lazy\" decoding=\"async\" width=\"1024\" height=\"683\" src=\"https:\/\/agora.xtec.cat\/iesfredericmarti\/wp-content\/uploads\/usu920\/2026\/04\/20260428_0002-1024x683.jpg\" alt=\"\" class=\"wp-image-10264\" style=\"width:400px\" srcset=\"https:\/\/agora.xtec.cat\/iesfredericmarti\/wp-content\/uploads\/usu920\/2026\/04\/20260428_0002-1024x683.jpg 1024w, https:\/\/agora.xtec.cat\/iesfredericmarti\/wp-content\/uploads\/usu920\/2026\/04\/20260428_0002-300x200.jpg 300w, https:\/\/agora.xtec.cat\/iesfredericmarti\/wp-content\/uploads\/usu920\/2026\/04\/20260428_0002-768x512.jpg 768w, https:\/\/agora.xtec.cat\/iesfredericmarti\/wp-content\/uploads\/usu920\/2026\/04\/20260428_0002-1536x1024.jpg 1536w, https:\/\/agora.xtec.cat\/iesfredericmarti\/wp-content\/uploads\/usu920\/2026\/04\/20260428_0002.jpg 2048w\" sizes=\"auto, (max-width: 1024px) 100vw, 1024px\" \/><\/figure>\n\n\n\n<p>Organitzada des del departament de ci\u00e8ncies socials, la visita permet veure de primera m\u00e0 com era l&#8217;estructura de la pres\u00f3 i com s&#8217;organitzava el dia a dia dels presos que hi vivien.<\/p>\n\n\n\n<p>Aixecada a l\u2019extraradi de la Barcelona de 1904, la pres\u00f3 ocupava dues illes de l\u2019Eixample i estrenava un disseny arquitect\u00f2nic innovador en forma de pan\u00f2ptic: partint d\u2019un cos central poligonal \u2013on s\u2019ubicaven els vigilants\u2013 naixien radialment sis galeries amb unes 600 cel\u00b7les on s\u2019allotjaven els presos. Aquesta estructura, inspirada en les tesis del jurista i fil\u00f2sof brit\u00e0nic Jeremy Bentham i dissenyada per Salvador Vinyals Sabat\u00e9 i Josep Dom\u00e8nech Estap\u00e0, permetia una vigil\u00e0ncia i un sistema de control excepcional.<\/p>\n\n\n\n<p>Al llarg del segle XX, a mesura que Barcelona creixia al seu voltant, La Model va esdevenir el lloc on van ser empresonades les persones participants en revoltes de tot tipus. Durant el Franquisme, les cel\u00b7les d\u2019aquest recinte van acollir milers de presos pol\u00edtics, sobretot durant la d\u00e8cada del 1940, durant la gran repressi\u00f3 de la postguerra. El capell\u00e0 de La Model, de fet, destacava l\u2019excessiva massificaci\u00f3 de la pres\u00f3 l\u2019any 1941. A m\u00e9s, dins dels seus murs es van produir almenys 24 execucions a garrot vil que avui dia estan documentades.<\/p>\n\n\n\n<p>Podeu veure algunes fotos de la visita dels alumnes aqu\u00ed:<\/p>\n\n\n\n<script src=\"https:\/\/cdn.jsdelivr.net\/npm\/publicalbum@latest\/embed-ui.min.js\" async><\/script>\n<div class=\"pa-gallery-player-widget\" style=\"width:100%; height:480px; display:none;\"\n  data-link=\"https:\/\/photos.app.goo.gl\/4dDKo5UMwpHUN5J57\"\n  data-title=\"2026_04_28 VISITA A LA PRES\u00d3 MODEL 4T ESO \u00b7 Tuesday, Apr 28 \ud83d\udcf8\"\n  data-description=\"Shared album \u00b7 Tap to view!\">\n  <object data=\"https:\/\/lh3.googleusercontent.com\/pw\/AP1GczOzTTytLYeKNd5uE7RNBt9iqYlNQSTe15mx6Ngd87YRUv_8imUitkJOrBrnNyrIMo1Nmitwz4Woq9ny8xGqzY0xhHqwJCwJDFmZYtnxmoBysPvL2HxK=w1920-h1080\"><\/object>\n  <object data=\"https:\/\/lh3.googleusercontent.com\/pw\/AP1GczNPnk7MkfmEopN72hCm5Z13MN48oX03Fa-NUWdXVDFeWsy3ue5IoefMr_u2qvyj71iVL6LGOr34j49tfzHfei4HbPDJQhjfyxWWRYfNa4D-4esuXhEm=w1920-h1080\"><\/object>\n  <object data=\"https:\/\/lh3.googleusercontent.com\/pw\/AP1GczPsdpuFMInDjiATSamI-dXNYzi3nvle-YEKk0_yIqXV63BvHK9ydE9zoWghjl9tPaIvvVvzW_g2LJ1G5IAwEuGIIlSNKUTN-Yc_TtnBs8Titknsz5wL=w1920-h1080\"><\/object>\n  <object data=\"https:\/\/lh3.googleusercontent.com\/pw\/AP1GczOHeeEp_4SkQhyRSfdKCJOoIe1NIcT2VEXdthwLTgFvNHd3BOnX5qsXxIUvaGYmecPXC_VmFtX2z3POYOnhzLxqYoQFfU3c5MdKM4-k72HTQ803KGBM=w1920-h1080\"><\/object>\n  <object data=\"https:\/\/lh3.googleusercontent.com\/pw\/AP1GczM7NQyFfXQunSmeytZdiEeoZGbsNRU8NjXYso7Mil-c7y6rEKHQlaXxARhaVLuB73bfPPuySznnqxlKlA6atVawcazi7QsOsjaw53Lgiz-lyC-ShuJP=w1920-h1080\"><\/object>\n  <object data=\"https:\/\/lh3.googleusercontent.com\/pw\/AP1GczNMCEH6q6l37Kb-RveIwmxyBKHv7frm36KDm2S5yzytbLc85Y8KkYaljkZzAkL8dDL-cpT0n8EM-i-bjaeTod1wmjVH8t8ALdm4LvT-vilBCObNBKJI=w1920-h1080\"><\/object>\n  <object data=\"https:\/\/lh3.googleusercontent.com\/pw\/AP1GczNSfDPZ-hsW-Ees6nd7qRSZKtwY0t7tJkXBwb_bOIwu6d2flUSdmSTQZFWMl5RsdlbMeyY2J9d1caPZJQttn2dYDkQzKYzHtKZm32PGgmZW39jtHe5K=w1920-h1080\"><\/object>\n  <object data=\"https:\/\/lh3.googleusercontent.com\/pw\/AP1GczPm_V2lIkIIBIjxHJcbh8O-xCHmqV_IhTakbWl8dh7nihr7fT_S1gFXv4bKvHRNb9_a61485KGjVuW8GaRc-y2Jg7Epdy_0946PLe9byvXy7I3m5PxI=w1920-h1080\"><\/object>\n  <object data=\"https:\/\/lh3.googleusercontent.com\/pw\/AP1GczO1Nq2q_776l7Dm_Ot6x4PEJCIJN5CxpGUyMA4-Wt4k_ZEtDOcNIZT_RWNjpxrTq7TXQufW8y6yCXZvQhi82sRKB5bP9sFZFC8HphpXFMUKyCKX6A4X=w1920-h1080\"><\/object>\n  <object data=\"https:\/\/lh3.googleusercontent.com\/pw\/AP1GczOkt_cm8uHZsOaZtUe0humLiNklVoHsoauKEnUXE3tsH4ZsR64143xaq7AaAgZUN0iOuzCBXHnILE2bJGwPyXECjbS0tzj5rRR3l1SOp5KbbnBhOFSB=w1920-h1080\"><\/object>\n  <object data=\"https:\/\/lh3.googleusercontent.com\/pw\/AP1GczPo_IblpHkTaXpr7tlzj08WnnY9gi9cj_PcthCjotcJgM4uxF5pC-d5ikd48lMPiNNj7A1IkO5jO09RHsSnIVJNIPAMNBCE0oJ4wLMrGjaP3jUqdeGO=w1920-h1080\"><\/object>\n  <object data=\"https:\/\/lh3.googleusercontent.com\/pw\/AP1GczO-18v51TcpU9PxLuzsZWjVLS-uIRqVZgZJ7clvcD9BDzphbInBpCjYmFJgd83eylysI9n7z1Q94E4oNBoLSy9_bkSTtR_pot_dfZwZ4uja1RNwxuVl=w1920-h1080\"><\/object>\n  <object data=\"https:\/\/lh3.googleusercontent.com\/pw\/AP1GczMjCvP6fcyjvFpUu9jdkLUfAZz_UII5C85XKLICwL6fEoDW24mQ4_oPTvLfXvfaRW2qtBeEQ7v-gSud6ai4DlnT8gJnLRruBVq-EMOcovtnwA9Gs7Gv=w1920-h1080\"><\/object>\n  <object data=\"https:\/\/lh3.googleusercontent.com\/pw\/AP1GczMrlU_c6nfjubczB_nDYWzofI1wglyPfJnvLlz1YAShwFuf79hCve3ez4kbfPajRN9LSk7NFB8QKPpmgW-3VudkG8kJtCtJSyEPs2PZMVYPhY1ARkAU=w1920-h1080\"><\/object>\n  <object data=\"https:\/\/lh3.googleusercontent.com\/pw\/AP1GczO6iZvYNHpbaoyN3lhkPZZcINkwdVtmS0VRtwI9revWvPcaWejHkXtdNeg3vxhmK4IH_Fl29oOl3euKl2Vp5N14u_8xMFiN5BQz5HMKLYjELOTfawYE=w1920-h1080\"><\/object>\n  <object data=\"https:\/\/lh3.googleusercontent.com\/pw\/AP1GczOsOaS8YJZ7On5rcIPfZlhXCRQmzPUbXwz4bX5y5s1H5xoTFwSYQp69iydZqmi2dXdS31RscFzu1bLha1T6G-A2okn7hBzUaBvQGfnbUFZSGSpZX1Wd=w1920-h1080\"><\/object>\n  <object data=\"https:\/\/lh3.googleusercontent.com\/pw\/AP1GczO23hJanwwn-TyWLAXJEGre93JVO5CF3nlqoOboh3TleryHHU6rcND66-MpsuGuoj6WsSkiyo7ComkdzVTj7s-qfXzKzvrdaz8paQXTMnBb6QQmaB-o=w1920-h1080\"><\/object>\n  <object data=\"https:\/\/lh3.googleusercontent.com\/pw\/AP1GczPRDjcRJzlDLFqbZEy0s645JoxXBrmuLz7NwCBv-bySLyjFHNnASgdrrhDkLRdyhI4QwUsxn5FSLgSGXztxaoHdLxGYSmiGpRoWsbLvqGnUc1geCOG4=w1920-h1080\"><\/object>\n  <object data=\"https:\/\/lh3.googleusercontent.com\/pw\/AP1GczPyKkLpG-qPWl7CE8VFpxVeocCL3xxTX41FJlAMR0XT8J421abkMwIbx4LC3BZDR3q8I6807SILS6NKmCBaKTyYVKMyVZApgVSh5sI7OGts-8u5Q03B=w1920-h1080\"><\/object>\n  <object data=\"https:\/\/lh3.googleusercontent.com\/pw\/AP1GczMcsp_pyq72w6DPNg164aoAZgyMUsvbdKhMNzvV-aIN20WeICZzHBraIKlXv4HP4to9K60OeaS67mERKQ_VYvM3EYqdnf4857_pn-eGfCU9BXsnwSSG=w1920-h1080\"><\/object>\n  <object data=\"https:\/\/lh3.googleusercontent.com\/pw\/AP1GczMRtZlyAjn8s0m1QLQW_0_7qAE8pvl1hO5lVVK1ZynxSAIB7_wBQWaxyo3C_4iGhm0nXbgTsOxnWI7NRw91gQ9l2pMJEZrpYk19hryI2EDK7UfRLvXk=w1920-h1080\"><\/object>\n  <object data=\"https:\/\/lh3.googleusercontent.com\/pw\/AP1GczNTqPNEtz-QaMnVKNyfIiGPeB05DQCytodwJvknruiiAezIHbG-MHK2b09yfJqhQD5pX-s_9F2KuBUPV3TdRD0bCUIgkneZG33Dt2w4rA4QNYrnCBBe=w1920-h1080\"><\/object>\n  <object data=\"https:\/\/lh3.googleusercontent.com\/pw\/AP1GczOWwYVLp2O9UFmal7eqCHt2B3sTSpeDydxAmGM0xmk7p6RKCwC9tE1YyXnZRSn1tyJlsKgpnuezqv2xHJdtKbdHKK6zxrKvvqRWm6wum1Dz2Cj1ay6P=w1920-h1080\"><\/object>\n  <object data=\"https:\/\/lh3.googleusercontent.com\/pw\/AP1GczMI3f7tnci5_20oKDtgJikM-oCa7qLdvT5_E6Utq84-e-2j8CYUMVCJaAmJipkQVXSBACA9D2Y_rcWH_H0pCFkAROG4-siG8DDSxqnxojCEJnOzQ_hi=w1920-h1080\"><\/object>\n<\/div>\n\n","protected":false},"excerpt":{"rendered":"<p>El 28 d&#8217;abril, els nostres alumnes de 4t d&#8217;ESO han fet una sortida a Barcelona per visitar la pres\u00f3 Model. Organitzada des del departament de ci\u00e8ncies socials, la visita permet veure de primera m\u00e0 com era l&#8217;estructura de la pres\u00f3 i com s&#8217;organitzava el dia a dia dels presos que hi vivien. Aixecada a l\u2019extraradi [&hellip;]<\/p>\n","protected":false},"author":1,"featured_media":10263,"comment_status":"closed","ping_status":"open","sticky":false,"template":"","format":"standard","meta":{"_bbp_topic_count":0,"_bbp_reply_count":0,"_bbp_total_topic_count":0,"_bbp_total_reply_count":0,"_bbp_voice_count":0,"_bbp_anonymous_reply_count":0,"_bbp_topic_count_hidden":0,"_bbp_reply_count_hidden":0,"_bbp_forum_subforum_count":0,"site-sidebar-layout":"default","site-content-layout":"","ast-site-content-layout":"default","site-content-style":"default","site-sidebar-style":"default","ast-global-header-display":"","ast-banner-title-visibility":"","ast-main-header-display":"","ast-hfb-above-header-display":"","ast-hfb-below-header-display":"","ast-hfb-mobile-header-display":"","site-post-title":"","ast-breadcrumbs-content":"","ast-featured-img":"","footer-sml-layout":"","theme-transparent-header-meta":"","adv-header-id-meta":"","stick-header-meta":"","header-above-stick-meta":"","header-main-stick-meta":"","header-below-stick-meta":"","astra-migrate-meta-layouts":"set","ast-page-background-enabled":"default","ast-page-background-meta":{"desktop":{"background-color":"var(--ast-global-color-4)","background-image":"","background-repeat":"repeat","background-position":"center center","background-size":"auto","background-attachment":"scroll","background-type":"","background-media":"","overlay-type":"","overlay-color":"","overlay-opacity":"","overlay-gradient":""},"tablet":{"background-color":"","background-image":"","background-repeat":"repeat","background-position":"center center","background-size":"auto","background-attachment":"scroll","background-type":"","background-media":"","overlay-type":"","overlay-color":"","overlay-opacity":"","overlay-gradient":""},"mobile":{"background-color":"","background-image":"","background-repeat":"repeat","background-position":"center center","background-size":"auto","background-attachment":"scroll","background-type":"","background-media":"","overlay-type":"","overlay-color":"","overlay-opacity":"","overlay-gradient":""}},"ast-content-background-meta":{"desktop":{"background-color":"var(--ast-global-color-5)","background-image":"","background-repeat":"repeat","background-position":"center center","background-size":"auto","background-attachment":"scroll","background-type":"","background-media":"","overlay-type":"","overlay-color":"","overlay-opacity":"","overlay-gradient":""},"tablet":{"background-color":"var(--ast-global-color-5)","background-image":"","background-repeat":"repeat","background-position":"center center","background-size":"auto","background-attachment":"scroll","background-type":"","background-media":"","overlay-type":"","overlay-color":"","overlay-opacity":"","overlay-gradient":""},"mobile":{"background-color":"var(--ast-global-color-5)","background-image":"","background-repeat":"repeat","background-position":"center center","background-size":"auto","background-attachment":"scroll","background-type":"","background-media":"","overlay-type":"","overlay-color":"","overlay-opacity":"","overlay-gradient":""}},"footnotes":""},"categories":[7,29],"tags":[1655,1650,1764],"class_list":["post-10262","post","type-post","status-publish","format-standard","has-post-thumbnail","hentry","category-4t_eso","category-portada","tag-4t-eso","tag-curs-2025-2026","tag-preso-model"],"post_mailing_queue_ids":[],"_links":{"self":[{"href":"https:\/\/agora.xtec.cat\/iesfredericmarti\/wp-json\/wp\/v2\/posts\/10262","targetHints":{"allow":["GET"]}}],"collection":[{"href":"https:\/\/agora.xtec.cat\/iesfredericmarti\/wp-json\/wp\/v2\/posts"}],"about":[{"href":"https:\/\/agora.xtec.cat\/iesfredericmarti\/wp-json\/wp\/v2\/types\/post"}],"author":[{"embeddable":true,"href":"https:\/\/agora.xtec.cat\/iesfredericmarti\/wp-json\/wp\/v2\/users\/1"}],"replies":[{"embeddable":true,"href":"https:\/\/agora.xtec.cat\/iesfredericmarti\/wp-json\/wp\/v2\/comments?post=10262"}],"version-history":[{"count":1,"href":"https:\/\/agora.xtec.cat\/iesfredericmarti\/wp-json\/wp\/v2\/posts\/10262\/revisions"}],"predecessor-version":[{"id":10265,"href":"https:\/\/agora.xtec.cat\/iesfredericmarti\/wp-json\/wp\/v2\/posts\/10262\/revisions\/10265"}],"wp:featuredmedia":[{"embeddable":true,"href":"https:\/\/agora.xtec.cat\/iesfredericmarti\/wp-json\/wp\/v2\/media\/10263"}],"wp:attachment":[{"href":"https:\/\/agora.xtec.cat\/iesfredericmarti\/wp-json\/wp\/v2\/media?parent=10262"}],"wp:term":[{"taxonomy":"category","embeddable":true,"href":"https:\/\/agora.xtec.cat\/iesfredericmarti\/wp-json\/wp\/v2\/categories?post=10262"},{"taxonomy":"post_tag","embeddable":true,"href":"https:\/\/agora.xtec.cat\/iesfredericmarti\/wp-json\/wp\/v2\/tags?post=10262"}],"curies":[{"name":"wp","href":"https:\/\/api.w.org\/{rel}","templated":true}]}}