{"id":10238,"date":"2026-04-29T19:32:12","date_gmt":"2026-04-29T17:32:12","guid":{"rendered":"https:\/\/agora.xtec.cat\/iesfredericmarti\/?p=10238"},"modified":"2026-04-29T19:32:13","modified_gmt":"2026-04-29T17:32:13","slug":"entrega-de-premis-del-concurs-de-fotografia-matematica","status":"publish","type":"post","link":"https:\/\/agora.xtec.cat\/iesfredericmarti\/general\/entrega-de-premis-del-concurs-de-fotografia-matematica\/","title":{"rendered":"ENTREGA DE PREMIS DEL CONCURS DE FOTOGRAFIA MATEM\u00c0TICA"},"content":{"rendered":"\n<p>Com cada any per aquestes dates, s&#8217;ha celebrat a nivell de Palafrugell el concurs de fotografia matem\u00e0tica, amb diverses categories i diversos premis.<\/p>\n\n\n\n<figure class=\"wp-block-image size-large is-resized\"><img loading=\"lazy\" decoding=\"async\" width=\"1024\" height=\"868\" src=\"https:\/\/agora.xtec.cat\/iesfredericmarti\/wp-content\/uploads\/usu920\/2026\/04\/foto_mat-1024x868.jpg\" alt=\"\" class=\"wp-image-10242\" style=\"width:800px\" srcset=\"https:\/\/agora.xtec.cat\/iesfredericmarti\/wp-content\/uploads\/usu920\/2026\/04\/foto_mat-1024x868.jpg 1024w, https:\/\/agora.xtec.cat\/iesfredericmarti\/wp-content\/uploads\/usu920\/2026\/04\/foto_mat-300x254.jpg 300w, https:\/\/agora.xtec.cat\/iesfredericmarti\/wp-content\/uploads\/usu920\/2026\/04\/foto_mat-768x651.jpg 768w, https:\/\/agora.xtec.cat\/iesfredericmarti\/wp-content\/uploads\/usu920\/2026\/04\/foto_mat-1536x1302.jpg 1536w, https:\/\/agora.xtec.cat\/iesfredericmarti\/wp-content\/uploads\/usu920\/2026\/04\/foto_mat.jpg 2000w\" sizes=\"auto, (max-width: 1024px) 100vw, 1024px\" \/><\/figure>\n\n\n\n<p>Els nostres alumnes premiats han sigut els seg\u00fcents:<\/p>\n\n\n\n<ul class=\"wp-block-list\">\n<li>cat A (1r): Vera Rovira (3r premi) i Estel Rams (1r premi)<\/li>\n\n\n\n<li>cat C (3r): Laia Ferrer (2n premi)<\/li>\n\n\n\n<li>cat D (4t): Wiam el Asli (3r premi) i \u00c8lia Sinu\u00e9s (1r premi)<\/li>\n\n\n\n<li>cat E (btx, fam\u00edlies, profes,&#8230;): \u00c8ric Lozano (2n premi) i Filip Giurchita (1r premi)<\/li>\n<\/ul>\n\n\n\n<p>L&#8217;enhorabona a tothom!!!<\/p>\n\n\n\n<p>Podeu veure les fotos dels nostres alumnes aqu\u00ed:<\/p>\n\n\n\n<script src=\"https:\/\/cdn.jsdelivr.net\/npm\/publicalbum@latest\/embed-ui.min.js\" async><\/script>\n<div class=\"pa-gallery-player-widget\" style=\"width:100%; height:480px; display:none;\"\n  data-link=\"https:\/\/photos.app.goo.gl\/yQPBsoWCzXgwzi6e7\"\n  data-title=\"2026_04_23 FOTOGRAFIA MATEM\u00c0TICA FOTOS PREMIADES \u00b7 Wednesday, Apr 29 \ud83d\udcf8\"\n  data-description=\"Shared album \u00b7 Tap to view!\">\n  <object data=\"https:\/\/lh3.googleusercontent.com\/pw\/AP1GczMsFbwNf9UXQZWucoJSzfU_HLSbDykuqqaJ6An3jLy23hZ6-NeaoNtrB-ZehQNnIIYAtTm2F8T7IDlFXzh4SdI-HSqDRi-Qr3QJ2vmhsuOR_wrxThtr=w1920-h1080\"><\/object>\n  <object data=\"https:\/\/lh3.googleusercontent.com\/pw\/AP1GczODvX3N6PBDIWiVSIzKWvD9Veapsr694_9ia1Y2gx1Flnwn9n7jr-YXi55mfz7x7c9W7VmDkW-wHf3-_wVJTeMe5SSmOuOVB_xnGbCQHxbdbYDwx_WL=w1920-h1080\"><\/object>\n  <object data=\"https:\/\/lh3.googleusercontent.com\/pw\/AP1GczO9xGPZm8w8CER4_lWaRVllj5RcxfdJEbW9CG4WKgBIrAoZ3JbF8t1fTy4g1diJCMMQU-V_Qt_0QSWSmEGjp59BuUibBC6EfhWV4BmBho1EfiZhUB6i=w1920-h1080\"><\/object>\n  <object data=\"https:\/\/lh3.googleusercontent.com\/pw\/AP1GczPN34LpNvaK9XwogUFsHFnBBGAVWzEpvp48crm8LU9weLtDz6uvy2i8moGo99YfTxaWXyP_VEnbmNHDQ6yywErQ5YuGvlVT2KA95T4nlqB73pP4O0Hi=w1920-h1080\"><\/object>\n  <object data=\"https:\/\/lh3.googleusercontent.com\/pw\/AP1GczNlPna5tlNxPiKaCxvNb8m4pgPh1TxkmZqAqaN71s-SN1Q8VwdeMpMmCIajwK57zsIprhK5AL73kReiDgxhlvTgyX3ysVnPatXFX2Yg41bRMEPij1-h=w1920-h1080\"><\/object>\n  <object data=\"https:\/\/lh3.googleusercontent.com\/pw\/AP1GczMSy-WxN9NKsmMUTcIr4GX5ZnxFAMwJ3NBxWjOmXCIC_3Roh2Nh1jchJAVAj9x-oGkY0sKWvnSL5CSJPWRue1XQfp9QUO9afYhn01b97Tl_OKr8f4Gq=w1920-h1080\"><\/object>\n  <object data=\"https:\/\/lh3.googleusercontent.com\/pw\/AP1GczPils10TExp4JuTbb4c-vk_QTsQh1Eo_vh3s50TTY7YtPmRMjuYuG6EPreT_GPPqwXKIN9vdps46ru_e558RD0C2did2cq4PDkk-8YeluB59kLRTIOZ=w1920-h1080\"><\/object>\n<\/div>\n\n\n\n\n<p>I les fotos de l&#8217;acte d&#8217;entrega de premis aqu\u00ed:<\/p>\n\n\n\n<script src=\"https:\/\/cdn.jsdelivr.net\/npm\/publicalbum@latest\/embed-ui.min.js\" async><\/script>\n<div class=\"pa-gallery-player-widget\" style=\"width:100%; height:480px; display:none;\"\n  data-link=\"https:\/\/photos.app.goo.gl\/CoNAPXWYPJ7JpE4p7\"\n  data-title=\"2026_04_23 PREMIS FOTOGRAFIA MATEM\u00c0TICA \u00b7 Friday, Apr 24 \ud83d\udcf8\"\n  data-description=\"Shared album \u00b7 Tap to view!\">\n  <object data=\"https:\/\/lh3.googleusercontent.com\/pw\/AP1GczPzgyDjCTQwHxi74RThPJbxDiHpgIWm7LwRNTxqeMGL_zcnnPcfavJZtI0PnyH42NqxtcwCWhVvVNQpKYT4ydw1mmzW47GIq18EPzdrfv9weVEvTwqr=w1920-h1080\"><\/object>\n  <object data=\"https:\/\/lh3.googleusercontent.com\/pw\/AP1GczNyhBE5eiL7c7xl1Ma85xuzz0EnlRg0dy-JllJQQoui9G5prUDhKW2F9JGLxyaJ_OTOSsAU068GYH93LyNpoipNiCx5s89DXLqDwdqKIqgYGAc10dgW=w1920-h1080\"><\/object>\n  <object data=\"https:\/\/lh3.googleusercontent.com\/pw\/AP1GczNTkK_Pfwki6x5ux2m4PRBQ5VD6OhrhbDYdtiWxzKPO6T5UEuMmdWscZMB0sqlgP50AmDfMH2G9nbUaXOkoGBWBEpwkoEDEzdy91-gicRIQgvUyqn3y=w1920-h1080\"><\/object>\n  <object data=\"https:\/\/lh3.googleusercontent.com\/pw\/AP1GczNC5DB7Vu_AKgiYwz-GdFE9LQUbR-3OsjwTqkvA3-PYSM3UUlSMFP2GIDV11Fvb7hYSLGdEbD52G1HvemNgyctktxPPsOY7ku3OSbb0eb9m9M1eiFDX=w1920-h1080\"><\/object>\n  <object data=\"https:\/\/lh3.googleusercontent.com\/pw\/AP1GczNaoctsRx6LUsZEDjYoZa1q_sZDBmz2iabD17WMQZwZZ-4bwIn5t-iq0YEmCk_eSkBnT4hUbS6m86E5umknykiJbHesCJPN5M0CAmjgOHTcUjU-Pcp3=w1920-h1080\"><\/object>\n  <object data=\"https:\/\/lh3.googleusercontent.com\/pw\/AP1GczNqbzrmGmpYYsMu8HjO2Rzdq5sQ2VhOcMn7uMr05Zx2-fN2PHFDsonPDPZ4Ug5-T1JxWWGC_6UBiBiHQNxankWt_9RDGSZf4WSNvYTxfNd8PvwjOVG2=w1920-h1080\"><\/object>\n  <object data=\"https:\/\/lh3.googleusercontent.com\/pw\/AP1GczOFLOBpOCGgBRN35g6TQUIQMVGORIjQV1eZXa5YvGkyFPMY11pNscVmHnqy3RY9v6B288n9bc7FSoqOKRnHBSdh-NK8Dx82wojWtJbWzGxm2HN49FKY=w1920-h1080\"><\/object>\n  <object data=\"https:\/\/lh3.googleusercontent.com\/pw\/AP1GczO9pMwr6n3vYvM3ivnIW42jrFS3l7Z_I2kepaQEZdXhmAZivmbbgbC9q5fXljo2-9T5zmt2I802eMLUfEkIr07mloM2pLDf4tCqMxjEc6ndzwgUlq2i=w1920-h1080\"><\/object>\n  <object data=\"https:\/\/lh3.googleusercontent.com\/pw\/AP1GczPTYuWQtjXtOZvKTuxpXegh14sNcpjtk2AgBYPk_16gWbZhS79Q_UKjYkWHU13R4w6BQeIuEmR7_vLyS-rdL4gi0tCr5YZtftH1vtdw-8L0pYUEcQFm=w1920-h1080\"><\/object>\n  <object data=\"https:\/\/lh3.googleusercontent.com\/pw\/AP1GczNyUdFbq0lHipLuk2EywnCOMeIe6rZlDh8v80dSZbxZnG4yc13LGYl2m4okGTCoi9t_pPaP6NREW4BUM5Ioyl1GcfJiP8ud2Y4qbi4RAxXpDUFAvjsc=w1920-h1080\"><\/object>\n  <object data=\"https:\/\/lh3.googleusercontent.com\/pw\/AP1GczMdZV59wjmdoLtpvw3JLbtyiTblDxJQgUO8AgKL6crFC3DDC6JS8q0ahUP6DKRGnMUMHPj58kXplVBsWWeEBUFOBu-hEzSK6g7x6obeuL5wxPvw6muA=w1920-h1080\"><\/object>\n  <object data=\"https:\/\/lh3.googleusercontent.com\/pw\/AP1GczM7Bhg2BPFN9xk6C716uhX5qmyI_kXb9yLE6DhRyy8bl3f0pcfRHGPE5dkUzR0YLjA88qNvMEa8t9XRjOxlcyBLHpNEYmw9FzLRQDwtRMVsCHjfpLgs=w1920-h1080\"><\/object>\n  <object data=\"https:\/\/lh3.googleusercontent.com\/pw\/AP1GczPuLG7hmhIoH-M2mKue5BeNlQpAArmE41Z_W6GLtmtwBNwEfQAUmwgXCv0b7gG8R6aTaIWT7tvEbOXn92Gi8gQLBwOVkFYBVBK57O895vAF_eaov8RW=w1920-h1080\"><\/object>\n  <object data=\"https:\/\/lh3.googleusercontent.com\/pw\/AP1GczOfYin66T823txW3RK3r4sYlJ9BjxtH1siQgES6kiLP2p6d4LDe5XYGQz1y3_vTOEXZjsIT3Hn1qbbtQIwJNBGsgh0myaj9m-Sk0OXC3kdjm13rIyk_=w1920-h1080\"><\/object>\n  <object data=\"https:\/\/lh3.googleusercontent.com\/pw\/AP1GczNJuc5NSJDmmJepew_rbHq9mBC6qeOxr0erCbe1wRroxt40kledc-BofkopN0WurupoBt5MNqMTbt8_i1RspxChOEyjUnSH2fjXpQyYYvJb5IOw3eTa=w1920-h1080\"><\/object>\n  <object data=\"https:\/\/lh3.googleusercontent.com\/pw\/AP1GczND15kEs6ZsZS0cTGffBR7NapNwV4i3kiXkyLFxiFTuDUPmPx9Yz_HtmfXMlTd3p-59A_9ls1QsXh3ZXyiJUYa3LOkGF6vl50QK7LMrp47AeH8BATOj=w1920-h1080\"><\/object>\n  <object data=\"https:\/\/lh3.googleusercontent.com\/pw\/AP1GczPmJcy0l6pm8WMQ271tcde4G6FVh9EDiWcHxbLX3twsBqaz6wkV00G4sEydvJ9ZbUI0opNAEW67folIz4p9VyXoFQiHjWo9N6_Fe3SOic00ZJjBornk=w1920-h1080\"><\/object>\n  <object data=\"https:\/\/lh3.googleusercontent.com\/pw\/AP1GczMZBhBCd0aXuspiQF1U8InL0dG3hUBGxOHX_URvgpa2TN7SDZO2rL99itx4F8UEN7MwI8S21ll9Dt40QU0N6iCsp9yNGXVD4XV0zxtiqdstPmmBvc79=w1920-h1080\"><\/object>\n  <object data=\"https:\/\/lh3.googleusercontent.com\/pw\/AP1GczPstvp_oRaD4xf9xvICmqZYVxS_RIOQ56fsenVY2bcZLB-_Obpp4J2hxeIOalP8m0nZL1dFXYfst_ThGk4LZ2-IWEgwoev2fHCTt_uJ5IpCjv-QKU6a=w1920-h1080\"><\/object>\n  <object data=\"https:\/\/lh3.googleusercontent.com\/pw\/AP1GczO7V1pHhJQMpwM02YZDMQOWfO1ZEvJ6eGTg1t5-1pcxs16g6IO4hFWoJEuFrZcD22-lA4boilEEmnB0ZxPh0TEu7qnHiq19mJo7qnZm6lJiFY0_KuO2=w1920-h1080\"><\/object>\n  <object data=\"https:\/\/lh3.googleusercontent.com\/pw\/AP1GczNaXabYOGJLua2OyNdICWgy5Dcml9rvjqb0zZP0fxC_pAFY4RaBphfQGYXOS3doKl7GGUGf_rfVXFAV0cxKIy4vImzKD_S-iVBDELniwsvvxo297_fG=w1920-h1080\"><\/object>\n  <object data=\"https:\/\/lh3.googleusercontent.com\/pw\/AP1GczOV77yzac0duz3RuN3q-oflndIZNJIGEXQahQkTBDzr6F4O2KcUgfD0Z3SmkWtdZceJ5c85kWYbzVzmdenUku6RpBEqcAnqXNJbJPM4fSg9ykVkLZBR=w1920-h1080\"><\/object>\n  <object data=\"https:\/\/lh3.googleusercontent.com\/pw\/AP1GczP2uN5eVo2m_XuduUeWOUHqSO0i16x7y04RLCXV50YWBSSwpIurO1zJpa9rZ7OWPbMEUop0LzBgACTblb7C3NBBtUXH2XnI5PSgOi2PK0WeeZjYnCAN=w1920-h1080\"><\/object>\n  <object data=\"https:\/\/lh3.googleusercontent.com\/pw\/AP1GczN6VUoVrF0TMjC1omVuv0WiYg-T4WMaoV4HtwOZCmZaA4KtVHVyXuyqh4jJpyEYXcwrf7RsB1GgfuZpSPdPby_qtLLvreS7hrgpzLCRCbb2BUenZie_=w1920-h1080\"><\/object>\n  <object data=\"https:\/\/lh3.googleusercontent.com\/pw\/AP1GczMVtUBfM1yBdTjOs-9X1MYkVnurucHgdgz3Rw4eC7WmP6xonG3KE0oFnWn2jmqzqjo98Nly80ZmPNi-vC0WNQYtJS9xXW6A5yaxKiTQESnIrKKby6KH=w1920-h1080\"><\/object>\n  <object data=\"https:\/\/lh3.googleusercontent.com\/pw\/AP1GczOQVia6UklymR92Icg0EE_mUY_KmA8EeF5-ALgGag-UTeAn8EWG9bPKhPeaaG099DWPH0QiUT62kp_N7faUcaXa6nGpplfIYU6KhuX4vDrg5HwNYg9I=w1920-h1080\"><\/object>\n<\/div>\n\n\n\n\n<p><\/p>\n\n\n\n<p><\/p>\n","protected":false},"excerpt":{"rendered":"<p>Com cada any per aquestes dates, s&#8217;ha celebrat a nivell de Palafrugell el concurs de fotografia matem\u00e0tica, amb diverses categories i diversos premis. Els nostres alumnes premiats han sigut els seg\u00fcents: L&#8217;enhorabona a tothom!!! Podeu veure les fotos dels nostres alumnes aqu\u00ed: I les fotos de l&#8217;acte d&#8217;entrega de premis aqu\u00ed:<\/p>\n","protected":false},"author":1,"featured_media":10239,"comment_status":"closed","ping_status":"open","sticky":false,"template":"","format":"standard","meta":{"_bbp_topic_count":0,"_bbp_reply_count":0,"_bbp_total_topic_count":0,"_bbp_total_reply_count":0,"_bbp_voice_count":0,"_bbp_anonymous_reply_count":0,"_bbp_topic_count_hidden":0,"_bbp_reply_count_hidden":0,"_bbp_forum_subforum_count":0,"site-sidebar-layout":"default","site-content-layout":"","ast-site-content-layout":"default","site-content-style":"default","site-sidebar-style":"default","ast-global-header-display":"","ast-banner-title-visibility":"","ast-main-header-display":"","ast-hfb-above-header-display":"","ast-hfb-below-header-display":"","ast-hfb-mobile-header-display":"","site-post-title":"","ast-breadcrumbs-content":"","ast-featured-img":"","footer-sml-layout":"","theme-transparent-header-meta":"","adv-header-id-meta":"","stick-header-meta":"","header-above-stick-meta":"","header-main-stick-meta":"","header-below-stick-meta":"","astra-migrate-meta-layouts":"set","ast-page-background-enabled":"default","ast-page-background-meta":{"desktop":{"background-color":"var(--ast-global-color-4)","background-image":"","background-repeat":"repeat","background-position":"center center","background-size":"auto","background-attachment":"scroll","background-type":"","background-media":"","overlay-type":"","overlay-color":"","overlay-opacity":"","overlay-gradient":""},"tablet":{"background-color":"","background-image":"","background-repeat":"repeat","background-position":"center center","background-size":"auto","background-attachment":"scroll","background-type":"","background-media":"","overlay-type":"","overlay-color":"","overlay-opacity":"","overlay-gradient":""},"mobile":{"background-color":"","background-image":"","background-repeat":"repeat","background-position":"center center","background-size":"auto","background-attachment":"scroll","background-type":"","background-media":"","overlay-type":"","overlay-color":"","overlay-opacity":"","overlay-gradient":""}},"ast-content-background-meta":{"desktop":{"background-color":"var(--ast-global-color-5)","background-image":"","background-repeat":"repeat","background-position":"center center","background-size":"auto","background-attachment":"scroll","background-type":"","background-media":"","overlay-type":"","overlay-color":"","overlay-opacity":"","overlay-gradient":""},"tablet":{"background-color":"var(--ast-global-color-5)","background-image":"","background-repeat":"repeat","background-position":"center center","background-size":"auto","background-attachment":"scroll","background-type":"","background-media":"","overlay-type":"","overlay-color":"","overlay-opacity":"","overlay-gradient":""},"mobile":{"background-color":"var(--ast-global-color-5)","background-image":"","background-repeat":"repeat","background-position":"center center","background-size":"auto","background-attachment":"scroll","background-type":"","background-media":"","overlay-type":"","overlay-color":"","overlay-opacity":"","overlay-gradient":""}},"footnotes":""},"categories":[1,29],"tags":[1650,1759],"class_list":["post-10238","post","type-post","status-publish","format-standard","has-post-thumbnail","hentry","category-general","category-portada","tag-curs-2025-2026","tag-fotografia-matematica-2"],"post_mailing_queue_ids":[],"_links":{"self":[{"href":"https:\/\/agora.xtec.cat\/iesfredericmarti\/wp-json\/wp\/v2\/posts\/10238","targetHints":{"allow":["GET"]}}],"collection":[{"href":"https:\/\/agora.xtec.cat\/iesfredericmarti\/wp-json\/wp\/v2\/posts"}],"about":[{"href":"https:\/\/agora.xtec.cat\/iesfredericmarti\/wp-json\/wp\/v2\/types\/post"}],"author":[{"embeddable":true,"href":"https:\/\/agora.xtec.cat\/iesfredericmarti\/wp-json\/wp\/v2\/users\/1"}],"replies":[{"embeddable":true,"href":"https:\/\/agora.xtec.cat\/iesfredericmarti\/wp-json\/wp\/v2\/comments?post=10238"}],"version-history":[{"count":5,"href":"https:\/\/agora.xtec.cat\/iesfredericmarti\/wp-json\/wp\/v2\/posts\/10238\/revisions"}],"predecessor-version":[{"id":10261,"href":"https:\/\/agora.xtec.cat\/iesfredericmarti\/wp-json\/wp\/v2\/posts\/10238\/revisions\/10261"}],"wp:featuredmedia":[{"embeddable":true,"href":"https:\/\/agora.xtec.cat\/iesfredericmarti\/wp-json\/wp\/v2\/media\/10239"}],"wp:attachment":[{"href":"https:\/\/agora.xtec.cat\/iesfredericmarti\/wp-json\/wp\/v2\/media?parent=10238"}],"wp:term":[{"taxonomy":"category","embeddable":true,"href":"https:\/\/agora.xtec.cat\/iesfredericmarti\/wp-json\/wp\/v2\/categories?post=10238"},{"taxonomy":"post_tag","embeddable":true,"href":"https:\/\/agora.xtec.cat\/iesfredericmarti\/wp-json\/wp\/v2\/tags?post=10238"}],"curies":[{"name":"wp","href":"https:\/\/api.w.org\/{rel}","templated":true}]}}