{"id":7515,"date":"2026-04-29T19:13:00","date_gmt":"2026-04-29T17:13:00","guid":{"rendered":"https:\/\/agora.xtec.cat\/iesfrancescmacia\/?p=7515"},"modified":"2026-04-29T19:13:01","modified_gmt":"2026-04-29T17:13:01","slug":"gaudim-de-les-matematiques-amb-les-proves-cangur","status":"publish","type":"post","link":"https:\/\/agora.xtec.cat\/iesfrancescmacia\/general\/gaudim-de-les-matematiques-amb-les-proves-cangur\/","title":{"rendered":"Gaudim de les matem\u00e0tiques amb les Proves Cangur!"},"content":{"rendered":"\n<p>El passat dimarts 19 de mar\u00e7, amb motiu de la celebraci\u00f3 del Dia Mundial de les Matem\u00e0tiques, es van dur a terme les Proves Cangur a l\u2019Institut Francesc Maci\u00e0. Aquesta activitat, que promou el gust per les matem\u00e0tiques entre l\u2019alumnat, va comptar amb una participaci\u00f3 molt destacada.<\/p>\n\n\n\n<p>Ja s\u2019han publicat els resultats provisionals, que podeu consultar a trav\u00e9s del seg\u00fcent enlla\u00e7:&nbsp;<a href=\"https:\/\/inscripcions.cangur.org\/cangur\/2026\/\" target=\"_blank\" rel=\"noreferrer noopener\">https:\/\/inscripcions.cangur.org\/cangur\/2026\/<\/a><\/p>\n\n\n\n<p>Des del centre volem agrair la implicaci\u00f3 de tot l\u2019alumnat que hi va participar i felicitar-los pels excel\u00b7lents resultats obtinguts.<\/p>\n\n\n\n<figure class=\"wp-block-gallery has-nested-images columns-default is-cropped wp-block-gallery-1 is-layout-flex wp-block-gallery-is-layout-flex\">\n<figure class=\"wp-block-image size-large\"><a href=\"https:\/\/agora.xtec.cat\/iesfrancescmacia\/wp-content\/uploads\/usu1660\/2026\/04\/IMG_20260319_120434-scaled.jpg\"><img loading=\"lazy\" decoding=\"async\" width=\"1024\" height=\"768\" data-id=\"7518\" src=\"https:\/\/agora.xtec.cat\/iesfrancescmacia\/wp-content\/uploads\/usu1660\/2026\/04\/IMG_20260319_120434-1024x768.jpg\" alt=\"\" class=\"wp-image-7518\" srcset=\"https:\/\/agora.xtec.cat\/iesfrancescmacia\/wp-content\/uploads\/usu1660\/2026\/04\/IMG_20260319_120434-1024x768.jpg 1024w, https:\/\/agora.xtec.cat\/iesfrancescmacia\/wp-content\/uploads\/usu1660\/2026\/04\/IMG_20260319_120434-300x225.jpg 300w, https:\/\/agora.xtec.cat\/iesfrancescmacia\/wp-content\/uploads\/usu1660\/2026\/04\/IMG_20260319_120434-768x576.jpg 768w, https:\/\/agora.xtec.cat\/iesfrancescmacia\/wp-content\/uploads\/usu1660\/2026\/04\/IMG_20260319_120434-1536x1152.jpg 1536w, https:\/\/agora.xtec.cat\/iesfrancescmacia\/wp-content\/uploads\/usu1660\/2026\/04\/IMG_20260319_120434-2048x1536.jpg 2048w, https:\/\/agora.xtec.cat\/iesfrancescmacia\/wp-content\/uploads\/usu1660\/2026\/04\/IMG_20260319_120434-200x150.jpg 200w\" sizes=\"auto, (max-width: 1024px) 100vw, 1024px\" \/><\/a><\/figure>\n\n\n\n<figure class=\"wp-block-image size-large\"><a href=\"https:\/\/agora.xtec.cat\/iesfrancescmacia\/wp-content\/uploads\/usu1660\/2026\/04\/IMG_20260319_120436-scaled.jpg\"><img loading=\"lazy\" decoding=\"async\" width=\"1024\" height=\"768\" data-id=\"7519\" src=\"https:\/\/agora.xtec.cat\/iesfrancescmacia\/wp-content\/uploads\/usu1660\/2026\/04\/IMG_20260319_120436-1024x768.jpg\" alt=\"\" class=\"wp-image-7519\" srcset=\"https:\/\/agora.xtec.cat\/iesfrancescmacia\/wp-content\/uploads\/usu1660\/2026\/04\/IMG_20260319_120436-1024x768.jpg 1024w, https:\/\/agora.xtec.cat\/iesfrancescmacia\/wp-content\/uploads\/usu1660\/2026\/04\/IMG_20260319_120436-300x225.jpg 300w, https:\/\/agora.xtec.cat\/iesfrancescmacia\/wp-content\/uploads\/usu1660\/2026\/04\/IMG_20260319_120436-768x576.jpg 768w, https:\/\/agora.xtec.cat\/iesfrancescmacia\/wp-content\/uploads\/usu1660\/2026\/04\/IMG_20260319_120436-1536x1152.jpg 1536w, https:\/\/agora.xtec.cat\/iesfrancescmacia\/wp-content\/uploads\/usu1660\/2026\/04\/IMG_20260319_120436-2048x1536.jpg 2048w, https:\/\/agora.xtec.cat\/iesfrancescmacia\/wp-content\/uploads\/usu1660\/2026\/04\/IMG_20260319_120436-200x150.jpg 200w\" sizes=\"auto, (max-width: 1024px) 100vw, 1024px\" \/><\/a><\/figure>\n\n\n\n<figure class=\"wp-block-image size-large\"><a href=\"https:\/\/agora.xtec.cat\/iesfrancescmacia\/wp-content\/uploads\/usu1660\/2026\/04\/IMG_20260319_120447-scaled.jpg\"><img loading=\"lazy\" decoding=\"async\" width=\"771\" height=\"1024\" data-id=\"7517\" src=\"https:\/\/agora.xtec.cat\/iesfrancescmacia\/wp-content\/uploads\/usu1660\/2026\/04\/IMG_20260319_120447-771x1024.jpg\" alt=\"\" class=\"wp-image-7517\" srcset=\"https:\/\/agora.xtec.cat\/iesfrancescmacia\/wp-content\/uploads\/usu1660\/2026\/04\/IMG_20260319_120447-771x1024.jpg 771w, https:\/\/agora.xtec.cat\/iesfrancescmacia\/wp-content\/uploads\/usu1660\/2026\/04\/IMG_20260319_120447-226x300.jpg 226w, https:\/\/agora.xtec.cat\/iesfrancescmacia\/wp-content\/uploads\/usu1660\/2026\/04\/IMG_20260319_120447-768x1020.jpg 768w, https:\/\/agora.xtec.cat\/iesfrancescmacia\/wp-content\/uploads\/usu1660\/2026\/04\/IMG_20260319_120447-1157x1536.jpg 1157w, https:\/\/agora.xtec.cat\/iesfrancescmacia\/wp-content\/uploads\/usu1660\/2026\/04\/IMG_20260319_120447-1542x2048.jpg 1542w, https:\/\/agora.xtec.cat\/iesfrancescmacia\/wp-content\/uploads\/usu1660\/2026\/04\/IMG_20260319_120447-scaled.jpg 1928w\" sizes=\"auto, (max-width: 771px) 100vw, 771px\" \/><\/a><\/figure>\n\n\n\n<figure class=\"wp-block-image size-large\"><a href=\"https:\/\/agora.xtec.cat\/iesfrancescmacia\/wp-content\/uploads\/usu1660\/2026\/04\/IMG_20260319_120519-scaled.jpg\"><img loading=\"lazy\" decoding=\"async\" width=\"771\" height=\"1024\" data-id=\"7520\" src=\"https:\/\/agora.xtec.cat\/iesfrancescmacia\/wp-content\/uploads\/usu1660\/2026\/04\/IMG_20260319_120519-771x1024.jpg\" alt=\"\" class=\"wp-image-7520\" srcset=\"https:\/\/agora.xtec.cat\/iesfrancescmacia\/wp-content\/uploads\/usu1660\/2026\/04\/IMG_20260319_120519-771x1024.jpg 771w, https:\/\/agora.xtec.cat\/iesfrancescmacia\/wp-content\/uploads\/usu1660\/2026\/04\/IMG_20260319_120519-226x300.jpg 226w, https:\/\/agora.xtec.cat\/iesfrancescmacia\/wp-content\/uploads\/usu1660\/2026\/04\/IMG_20260319_120519-768x1020.jpg 768w, https:\/\/agora.xtec.cat\/iesfrancescmacia\/wp-content\/uploads\/usu1660\/2026\/04\/IMG_20260319_120519-1157x1536.jpg 1157w, https:\/\/agora.xtec.cat\/iesfrancescmacia\/wp-content\/uploads\/usu1660\/2026\/04\/IMG_20260319_120519-1542x2048.jpg 1542w, https:\/\/agora.xtec.cat\/iesfrancescmacia\/wp-content\/uploads\/usu1660\/2026\/04\/IMG_20260319_120519-scaled.jpg 1928w\" sizes=\"auto, (max-width: 771px) 100vw, 771px\" \/><\/a><\/figure>\n\n\n\n<figure class=\"wp-block-image size-large\"><a href=\"https:\/\/agora.xtec.cat\/iesfrancescmacia\/wp-content\/uploads\/usu1660\/2026\/04\/IMG_20260319_120524-scaled.jpg\"><img loading=\"lazy\" decoding=\"async\" width=\"771\" height=\"1024\" data-id=\"7516\" src=\"https:\/\/agora.xtec.cat\/iesfrancescmacia\/wp-content\/uploads\/usu1660\/2026\/04\/IMG_20260319_120524-771x1024.jpg\" alt=\"\" class=\"wp-image-7516\" srcset=\"https:\/\/agora.xtec.cat\/iesfrancescmacia\/wp-content\/uploads\/usu1660\/2026\/04\/IMG_20260319_120524-771x1024.jpg 771w, https:\/\/agora.xtec.cat\/iesfrancescmacia\/wp-content\/uploads\/usu1660\/2026\/04\/IMG_20260319_120524-226x300.jpg 226w, https:\/\/agora.xtec.cat\/iesfrancescmacia\/wp-content\/uploads\/usu1660\/2026\/04\/IMG_20260319_120524-768x1020.jpg 768w, https:\/\/agora.xtec.cat\/iesfrancescmacia\/wp-content\/uploads\/usu1660\/2026\/04\/IMG_20260319_120524-1157x1536.jpg 1157w, https:\/\/agora.xtec.cat\/iesfrancescmacia\/wp-content\/uploads\/usu1660\/2026\/04\/IMG_20260319_120524-1542x2048.jpg 1542w, https:\/\/agora.xtec.cat\/iesfrancescmacia\/wp-content\/uploads\/usu1660\/2026\/04\/IMG_20260319_120524-scaled.jpg 1928w\" sizes=\"auto, (max-width: 771px) 100vw, 771px\" \/><\/a><\/figure>\n<\/figure>\n","protected":false},"excerpt":{"rendered":"<p>El passat dimarts 19 de mar\u00e7, amb motiu de la celebraci\u00f3 del Dia Mundial de les Matem\u00e0tiques, es van dur a terme les Proves Cangur a l\u2019Institut Francesc Maci\u00e0. Aquesta activitat, que promou el gust per les matem\u00e0tiques entre l\u2019alumnat, va comptar amb una participaci\u00f3&hellip;  <a href=\"https:\/\/agora.xtec.cat\/iesfrancescmacia\/general\/gaudim-de-les-matematiques-amb-les-proves-cangur\/\" title=\"Read Gaudim de les matem\u00e0tiques amb les Proves Cangur!\">Llegeix m\u00e9s\u00bb<\/a><\/p>\n","protected":false},"author":12,"featured_media":7517,"comment_status":"closed","ping_status":"open","sticky":false,"template":"","format":"standard","meta":{"_bbp_topic_count":0,"_bbp_reply_count":0,"_bbp_total_topic_count":0,"_bbp_total_reply_count":0,"_bbp_voice_count":0,"_bbp_anonymous_reply_count":0,"_bbp_topic_count_hidden":0,"_bbp_reply_count_hidden":0,"_bbp_forum_subforum_count":0,"footnotes":""},"categories":[8,103,104,191,3,4,5,6,7,1,29,146,145],"tags":[41],"class_list":["post-7515","post","type-post","status-publish","format-standard","has-post-thumbnail","hentry","category-batxillerat","category-batx-1","category-batx-2","category-biblioteca","category-eso","category-eso-1","category-eso-2","category-eso-3","category-eso-4","category-general","category-portada","category-projectes","category-sortides","tag-matematiques"],"post_mailing_queue_ids":[],"_links":{"self":[{"href":"https:\/\/agora.xtec.cat\/iesfrancescmacia\/wp-json\/wp\/v2\/posts\/7515","targetHints":{"allow":["GET"]}}],"collection":[{"href":"https:\/\/agora.xtec.cat\/iesfrancescmacia\/wp-json\/wp\/v2\/posts"}],"about":[{"href":"https:\/\/agora.xtec.cat\/iesfrancescmacia\/wp-json\/wp\/v2\/types\/post"}],"author":[{"embeddable":true,"href":"https:\/\/agora.xtec.cat\/iesfrancescmacia\/wp-json\/wp\/v2\/users\/12"}],"replies":[{"embeddable":true,"href":"https:\/\/agora.xtec.cat\/iesfrancescmacia\/wp-json\/wp\/v2\/comments?post=7515"}],"version-history":[{"count":1,"href":"https:\/\/agora.xtec.cat\/iesfrancescmacia\/wp-json\/wp\/v2\/posts\/7515\/revisions"}],"predecessor-version":[{"id":7521,"href":"https:\/\/agora.xtec.cat\/iesfrancescmacia\/wp-json\/wp\/v2\/posts\/7515\/revisions\/7521"}],"wp:featuredmedia":[{"embeddable":true,"href":"https:\/\/agora.xtec.cat\/iesfrancescmacia\/wp-json\/wp\/v2\/media\/7517"}],"wp:attachment":[{"href":"https:\/\/agora.xtec.cat\/iesfrancescmacia\/wp-json\/wp\/v2\/media?parent=7515"}],"wp:term":[{"taxonomy":"category","embeddable":true,"href":"https:\/\/agora.xtec.cat\/iesfrancescmacia\/wp-json\/wp\/v2\/categories?post=7515"},{"taxonomy":"post_tag","embeddable":true,"href":"https:\/\/agora.xtec.cat\/iesfrancescmacia\/wp-json\/wp\/v2\/tags?post=7515"}],"curies":[{"name":"wp","href":"https:\/\/api.w.org\/{rel}","templated":true}]}}