{"id":7334,"date":"2026-02-24T09:56:59","date_gmt":"2026-02-24T08:56:59","guid":{"rendered":"https:\/\/agora.xtec.cat\/iesfrancescmacia\/?p=7334"},"modified":"2026-02-27T09:46:43","modified_gmt":"2026-02-27T08:46:43","slug":"dona-sang-illumina-un-cami-de-vida","status":"publish","type":"post","link":"https:\/\/agora.xtec.cat\/iesfrancescmacia\/general\/dona-sang-illumina-un-cami-de-vida\/","title":{"rendered":"Dona sang, il\u00b7lumina un cam\u00ed de vida"},"content":{"rendered":"\n<p>El proper <strong>4 de mar\u00e7<\/strong>, de <strong>16 h a 20 h<\/strong>, l\u2019<strong>Institut Francesc Maci\u00e0<\/strong> acollir\u00e0 una <strong>Jornada de<br>Donaci\u00f3 de Sang<\/strong> oberta a totes les fam\u00edlies i a la comunitat educativa.<br>Aquesta iniciativa s\u2019organitza en col\u00b7laboraci\u00f3 amb el <strong>Banc de Sang i Teixits<\/strong> i forma part<br>del projecte d\u2019<strong>Aprenentatge i Servei (APS)<\/strong> de l\u2019alumnat de <strong>4t d\u2019ESO<\/strong>. Els i les alumnes han<br>treballat intensament per conscienciar sobre la import\u00e0ncia de la donaci\u00f3 de sang i han<br>impulsat aquesta campanya solid\u00e0ria amb comprom\u00eds i responsabilitat.<br>Sota el lema \u201c<strong>Dona sang, il\u00b7lumina un cam\u00ed de vida<\/strong>\u201d, volem recordar que cada donaci\u00f3<br>\u00e9s molt m\u00e9s que un gest: \u00e9s una oportunitat, una esperan\u00e7a i, sovint, una segona<br>oportunitat per a moltes persones.<\/p>\n\n\n\n<p><br><span style=\"text-decoration: underline;\">Informaci\u00f3 de la jornada<br><\/span>\u25cf <strong>Data<\/strong>: 4 de mar\u00e7<br>\u25cf <strong>Horari<\/strong>: de 16 h a 20 h<br>\u25cf <strong>Lloc<\/strong>: Institut Francesc Maci\u00e0<\/p>\n\n\n\n<p><br><strong>Apunteu-vos-hi a trav\u00e9s del seg\u00fcent enlla\u00e7:<br><\/strong><a href=\"https:\/\/www.bancsang.net\/ca\/donacions\/sang\/recollida\/poblacio\/12114\/cornella-de-llobregat\/04-03-2026\/\">https:\/\/www.bancsang.net\/ca\/donacions\/sang\/recollida\/poblacio\/12114\/cornella-de-llobregat\/04-03-2026\/<\/a><\/p>\n\n\n\n<p>Us animem a participar-hi i a compartir aquesta iniciativa amb familiars i amics. Entre tots i<br>totes, podem marcar la difer\u00e8ncia i ajudar a salvar vides.<\/p>\n\n\n\n<figure class=\"wp-block-image size-full\"><a href=\"https:\/\/agora.xtec.cat\/iesfrancescmacia\/wp-content\/uploads\/usu1660\/2026\/02\/Captura-1.png\"><img loading=\"lazy\" decoding=\"async\" width=\"594\" height=\"746\" src=\"https:\/\/agora.xtec.cat\/iesfrancescmacia\/wp-content\/uploads\/usu1660\/2026\/02\/Captura-1.png\" alt=\"\" class=\"wp-image-7336\" srcset=\"https:\/\/agora.xtec.cat\/iesfrancescmacia\/wp-content\/uploads\/usu1660\/2026\/02\/Captura-1.png 594w, https:\/\/agora.xtec.cat\/iesfrancescmacia\/wp-content\/uploads\/usu1660\/2026\/02\/Captura-1-239x300.png 239w\" sizes=\"auto, (max-width: 594px) 100vw, 594px\" \/><\/a><\/figure>\n","protected":false},"excerpt":{"rendered":"<p>El proper 4 de mar\u00e7, de 16 h a 20 h, l\u2019Institut Francesc Maci\u00e0 acollir\u00e0 una Jornada deDonaci\u00f3 de Sang oberta a totes les fam\u00edlies i a la comunitat educativa.Aquesta iniciativa s\u2019organitza en col\u00b7laboraci\u00f3 amb el Banc de Sang i Teixits i forma partdel projecte&hellip;  <a href=\"https:\/\/agora.xtec.cat\/iesfrancescmacia\/general\/dona-sang-illumina-un-cami-de-vida\/\" title=\"Read Dona sang, il\u00b7lumina un cam\u00ed de vida\">Llegeix m\u00e9s\u00bb<\/a><\/p>\n","protected":false},"author":12,"featured_media":7335,"comment_status":"closed","ping_status":"open","sticky":false,"template":"","format":"standard","meta":{"_bbp_topic_count":0,"_bbp_reply_count":0,"_bbp_total_topic_count":0,"_bbp_total_reply_count":0,"_bbp_voice_count":0,"_bbp_anonymous_reply_count":0,"_bbp_topic_count_hidden":0,"_bbp_reply_count_hidden":0,"_bbp_forum_subforum_count":0,"footnotes":""},"categories":[8,103,104,191,3,4,5,6,7,1,29,146,145],"tags":[844],"class_list":["post-7334","post","type-post","status-publish","format-standard","has-post-thumbnail","hentry","category-batxillerat","category-batx-1","category-batx-2","category-biblioteca","category-eso","category-eso-1","category-eso-2","category-eso-3","category-eso-4","category-general","category-portada","category-projectes","category-sortides","tag-donacio-sang"],"post_mailing_queue_ids":[],"_links":{"self":[{"href":"https:\/\/agora.xtec.cat\/iesfrancescmacia\/wp-json\/wp\/v2\/posts\/7334","targetHints":{"allow":["GET"]}}],"collection":[{"href":"https:\/\/agora.xtec.cat\/iesfrancescmacia\/wp-json\/wp\/v2\/posts"}],"about":[{"href":"https:\/\/agora.xtec.cat\/iesfrancescmacia\/wp-json\/wp\/v2\/types\/post"}],"author":[{"embeddable":true,"href":"https:\/\/agora.xtec.cat\/iesfrancescmacia\/wp-json\/wp\/v2\/users\/12"}],"replies":[{"embeddable":true,"href":"https:\/\/agora.xtec.cat\/iesfrancescmacia\/wp-json\/wp\/v2\/comments?post=7334"}],"version-history":[{"count":2,"href":"https:\/\/agora.xtec.cat\/iesfrancescmacia\/wp-json\/wp\/v2\/posts\/7334\/revisions"}],"predecessor-version":[{"id":7338,"href":"https:\/\/agora.xtec.cat\/iesfrancescmacia\/wp-json\/wp\/v2\/posts\/7334\/revisions\/7338"}],"wp:featuredmedia":[{"embeddable":true,"href":"https:\/\/agora.xtec.cat\/iesfrancescmacia\/wp-json\/wp\/v2\/media\/7335"}],"wp:attachment":[{"href":"https:\/\/agora.xtec.cat\/iesfrancescmacia\/wp-json\/wp\/v2\/media?parent=7334"}],"wp:term":[{"taxonomy":"category","embeddable":true,"href":"https:\/\/agora.xtec.cat\/iesfrancescmacia\/wp-json\/wp\/v2\/categories?post=7334"},{"taxonomy":"post_tag","embeddable":true,"href":"https:\/\/agora.xtec.cat\/iesfrancescmacia\/wp-json\/wp\/v2\/tags?post=7334"}],"curies":[{"name":"wp","href":"https:\/\/api.w.org\/{rel}","templated":true}]}}