{"id":7286,"date":"2026-02-08T18:07:06","date_gmt":"2026-02-08T17:07:06","guid":{"rendered":"https:\/\/agora.xtec.cat\/iesfrancescmacia\/?p=7286"},"modified":"2026-02-08T18:07:07","modified_gmt":"2026-02-08T17:07:07","slug":"vivim-una-jornada-de-portes-obertes-de-luab","status":"publish","type":"post","link":"https:\/\/agora.xtec.cat\/iesfrancescmacia\/general\/vivim-una-jornada-de-portes-obertes-de-luab\/","title":{"rendered":"Vivim una Jornada de Portes Obertes de l&#8217;UAB!"},"content":{"rendered":"\n<p>Aquest dijous el nostre estimat alumnat de 2n de batxillerat ha fet un pas m\u00e9s cap al seu futur: hem visitat el campus de la UAB, on han pogut assistir a diverses xerrades informatives sobre els diferents graus universitaris. Ha estat una experi\u00e8ncia molt enriquidora i emocionant, que els ha ajudat a orientar-se i a comen\u00e7ar a imaginar el cam\u00ed que els espera.&nbsp;<\/p>\n\n\n\n<figure class=\"wp-block-gallery has-nested-images columns-default is-cropped wp-block-gallery-1 is-layout-flex wp-block-gallery-is-layout-flex\">\n<figure class=\"wp-block-image size-large\"><a href=\"https:\/\/agora.xtec.cat\/iesfrancescmacia\/wp-content\/uploads\/usu1660\/2026\/02\/5926.jpg\"><img loading=\"lazy\" decoding=\"async\" width=\"768\" height=\"1024\" data-id=\"7289\" src=\"https:\/\/agora.xtec.cat\/iesfrancescmacia\/wp-content\/uploads\/usu1660\/2026\/02\/5926-768x1024.jpg\" alt=\"\" class=\"wp-image-7289\" srcset=\"https:\/\/agora.xtec.cat\/iesfrancescmacia\/wp-content\/uploads\/usu1660\/2026\/02\/5926-768x1024.jpg 768w, https:\/\/agora.xtec.cat\/iesfrancescmacia\/wp-content\/uploads\/usu1660\/2026\/02\/5926-225x300.jpg 225w, https:\/\/agora.xtec.cat\/iesfrancescmacia\/wp-content\/uploads\/usu1660\/2026\/02\/5926-1152x1536.jpg 1152w, https:\/\/agora.xtec.cat\/iesfrancescmacia\/wp-content\/uploads\/usu1660\/2026\/02\/5926.jpg 1488w\" sizes=\"auto, (max-width: 768px) 100vw, 768px\" \/><\/a><\/figure>\n\n\n\n<figure class=\"wp-block-image size-large\"><a href=\"https:\/\/agora.xtec.cat\/iesfrancescmacia\/wp-content\/uploads\/usu1660\/2026\/02\/5929.jpg\"><img loading=\"lazy\" decoding=\"async\" width=\"768\" height=\"1024\" data-id=\"7288\" src=\"https:\/\/agora.xtec.cat\/iesfrancescmacia\/wp-content\/uploads\/usu1660\/2026\/02\/5929-768x1024.jpg\" alt=\"\" class=\"wp-image-7288\" srcset=\"https:\/\/agora.xtec.cat\/iesfrancescmacia\/wp-content\/uploads\/usu1660\/2026\/02\/5929-768x1024.jpg 768w, https:\/\/agora.xtec.cat\/iesfrancescmacia\/wp-content\/uploads\/usu1660\/2026\/02\/5929-225x300.jpg 225w, https:\/\/agora.xtec.cat\/iesfrancescmacia\/wp-content\/uploads\/usu1660\/2026\/02\/5929-1152x1536.jpg 1152w, https:\/\/agora.xtec.cat\/iesfrancescmacia\/wp-content\/uploads\/usu1660\/2026\/02\/5929.jpg 1488w\" sizes=\"auto, (max-width: 768px) 100vw, 768px\" \/><\/a><\/figure>\n\n\n\n<figure class=\"wp-block-image size-large\"><a href=\"https:\/\/agora.xtec.cat\/iesfrancescmacia\/wp-content\/uploads\/usu1660\/2026\/02\/5918-scaled.jpg\"><img loading=\"lazy\" decoding=\"async\" width=\"1024\" height=\"827\" data-id=\"7291\" src=\"https:\/\/agora.xtec.cat\/iesfrancescmacia\/wp-content\/uploads\/usu1660\/2026\/02\/5918-1024x827.jpg\" alt=\"\" class=\"wp-image-7291\" srcset=\"https:\/\/agora.xtec.cat\/iesfrancescmacia\/wp-content\/uploads\/usu1660\/2026\/02\/5918-1024x827.jpg 1024w, https:\/\/agora.xtec.cat\/iesfrancescmacia\/wp-content\/uploads\/usu1660\/2026\/02\/5918-300x242.jpg 300w, https:\/\/agora.xtec.cat\/iesfrancescmacia\/wp-content\/uploads\/usu1660\/2026\/02\/5918-768x621.jpg 768w, https:\/\/agora.xtec.cat\/iesfrancescmacia\/wp-content\/uploads\/usu1660\/2026\/02\/5918-1536x1241.jpg 1536w, https:\/\/agora.xtec.cat\/iesfrancescmacia\/wp-content\/uploads\/usu1660\/2026\/02\/5918-2048x1655.jpg 2048w\" sizes=\"auto, (max-width: 1024px) 100vw, 1024px\" \/><\/a><\/figure>\n\n\n\n<figure class=\"wp-block-image size-large\"><a href=\"https:\/\/agora.xtec.cat\/iesfrancescmacia\/wp-content\/uploads\/usu1660\/2026\/02\/5919-scaled.jpg\"><img loading=\"lazy\" decoding=\"async\" width=\"1024\" height=\"562\" data-id=\"7290\" src=\"https:\/\/agora.xtec.cat\/iesfrancescmacia\/wp-content\/uploads\/usu1660\/2026\/02\/5919-1024x562.jpg\" alt=\"\" class=\"wp-image-7290\" srcset=\"https:\/\/agora.xtec.cat\/iesfrancescmacia\/wp-content\/uploads\/usu1660\/2026\/02\/5919-1024x562.jpg 1024w, https:\/\/agora.xtec.cat\/iesfrancescmacia\/wp-content\/uploads\/usu1660\/2026\/02\/5919-300x165.jpg 300w, https:\/\/agora.xtec.cat\/iesfrancescmacia\/wp-content\/uploads\/usu1660\/2026\/02\/5919-768x422.jpg 768w, https:\/\/agora.xtec.cat\/iesfrancescmacia\/wp-content\/uploads\/usu1660\/2026\/02\/5919-1536x843.jpg 1536w, https:\/\/agora.xtec.cat\/iesfrancescmacia\/wp-content\/uploads\/usu1660\/2026\/02\/5919-2048x1125.jpg 2048w\" sizes=\"auto, (max-width: 1024px) 100vw, 1024px\" \/><\/a><\/figure>\n<\/figure>\n","protected":false},"excerpt":{"rendered":"<p>Aquest dijous el nostre estimat alumnat de 2n de batxillerat ha fet un pas m\u00e9s cap al seu futur: hem visitat el campus de la UAB, on han pogut assistir a diverses xerrades informatives sobre els diferents graus universitaris. Ha estat una experi\u00e8ncia molt enriquidora&hellip;  <a href=\"https:\/\/agora.xtec.cat\/iesfrancescmacia\/general\/vivim-una-jornada-de-portes-obertes-de-luab\/\" title=\"Read Vivim una Jornada de Portes Obertes de l&#8217;UAB!\">Llegeix m\u00e9s\u00bb<\/a><\/p>\n","protected":false},"author":12,"featured_media":7288,"comment_status":"closed","ping_status":"open","sticky":false,"template":"","format":"standard","meta":{"_bbp_topic_count":0,"_bbp_reply_count":0,"_bbp_total_topic_count":0,"_bbp_total_reply_count":0,"_bbp_voice_count":0,"_bbp_anonymous_reply_count":0,"_bbp_topic_count_hidden":0,"_bbp_reply_count_hidden":0,"_bbp_forum_subforum_count":0,"footnotes":""},"categories":[8,103,104,191,3,4,5,6,7,1,29,146,145],"tags":[962],"class_list":["post-7286","post","type-post","status-publish","format-standard","has-post-thumbnail","hentry","category-batxillerat","category-batx-1","category-batx-2","category-biblioteca","category-eso","category-eso-1","category-eso-2","category-eso-3","category-eso-4","category-general","category-portada","category-projectes","category-sortides","tag-sortida"],"post_mailing_queue_ids":[],"_links":{"self":[{"href":"https:\/\/agora.xtec.cat\/iesfrancescmacia\/wp-json\/wp\/v2\/posts\/7286","targetHints":{"allow":["GET"]}}],"collection":[{"href":"https:\/\/agora.xtec.cat\/iesfrancescmacia\/wp-json\/wp\/v2\/posts"}],"about":[{"href":"https:\/\/agora.xtec.cat\/iesfrancescmacia\/wp-json\/wp\/v2\/types\/post"}],"author":[{"embeddable":true,"href":"https:\/\/agora.xtec.cat\/iesfrancescmacia\/wp-json\/wp\/v2\/users\/12"}],"replies":[{"embeddable":true,"href":"https:\/\/agora.xtec.cat\/iesfrancescmacia\/wp-json\/wp\/v2\/comments?post=7286"}],"version-history":[{"count":2,"href":"https:\/\/agora.xtec.cat\/iesfrancescmacia\/wp-json\/wp\/v2\/posts\/7286\/revisions"}],"predecessor-version":[{"id":7292,"href":"https:\/\/agora.xtec.cat\/iesfrancescmacia\/wp-json\/wp\/v2\/posts\/7286\/revisions\/7292"}],"wp:featuredmedia":[{"embeddable":true,"href":"https:\/\/agora.xtec.cat\/iesfrancescmacia\/wp-json\/wp\/v2\/media\/7288"}],"wp:attachment":[{"href":"https:\/\/agora.xtec.cat\/iesfrancescmacia\/wp-json\/wp\/v2\/media?parent=7286"}],"wp:term":[{"taxonomy":"category","embeddable":true,"href":"https:\/\/agora.xtec.cat\/iesfrancescmacia\/wp-json\/wp\/v2\/categories?post=7286"},{"taxonomy":"post_tag","embeddable":true,"href":"https:\/\/agora.xtec.cat\/iesfrancescmacia\/wp-json\/wp\/v2\/tags?post=7286"}],"curies":[{"name":"wp","href":"https:\/\/api.w.org\/{rel}","templated":true}]}}