{"id":7214,"date":"2026-02-02T18:02:43","date_gmt":"2026-02-02T17:02:43","guid":{"rendered":"https:\/\/agora.xtec.cat\/iesfrancescmacia\/?p=7214"},"modified":"2026-02-02T18:02:44","modified_gmt":"2026-02-02T17:02:44","slug":"sortida-desqui-de-1r-deso-i-1r-de-batxillerat","status":"publish","type":"post","link":"https:\/\/agora.xtec.cat\/iesfrancescmacia\/general\/sortida-desqui-de-1r-deso-i-1r-de-batxillerat\/","title":{"rendered":"Sortida d\u2019esqu\u00ed de 1r d\u2019ESO i 1r de Batxillerat"},"content":{"rendered":"\n<p>L\u2019alumnat de 1r d\u2019ESO i 1r de Batxillerat va participar recentment en una sortida d\u2019esqu\u00ed a la Cerdanya catalana i francesa, una experi\u00e8ncia esportiva i de conviv\u00e8ncia molt enriquidora.<\/p>\n\n\n\n<p>Els alumnes de 1r d\u2019ESO van realitzar l\u2019activitat els dies 19, 20 i 21, mentre que els de 1r de Batxillerat hi van anar els dies 21, 22 i 23. El dia 21, tots dos grups van coincidir a l\u2019estaci\u00f3 d\u2019esqu\u00ed de Les Angles, a Fran\u00e7a.<\/p>\n\n\n\n<p>Durant la sortida, es va esquiar tamb\u00e9 a les estacions de Font-Romeu i La Molina\u2013La Masella, totes situades a la zona de la Cerdanya catalana i francesa.<\/p>\n\n\n\n<p>L\u2019alumnat va estar allotjat a Puigcerd\u00e0, on, a m\u00e9s de gaudir de l\u2019esqu\u00ed, va tenir l\u2019oportunitat de con\u00e8ixer i viure l\u2019ambient de la capital de la Cerdanya.<\/p>\n\n\n\n<p>La sortida va ser tot un \u00e8xit i va permetre combinar esport, conviv\u00e8ncia i descoberta del territori en un entorn natural privilegiat.<\/p>\n\n\n\n<figure class=\"wp-block-gallery has-nested-images columns-default is-cropped wp-block-gallery-1 is-layout-flex wp-block-gallery-is-layout-flex\">\n<figure class=\"wp-block-image size-large\"><a href=\"https:\/\/agora.xtec.cat\/iesfrancescmacia\/wp-content\/uploads\/usu1660\/2026\/02\/Foto-de-sergio-2.jpg\"><img loading=\"lazy\" decoding=\"async\" width=\"768\" height=\"1024\" data-id=\"7221\" src=\"https:\/\/agora.xtec.cat\/iesfrancescmacia\/wp-content\/uploads\/usu1660\/2026\/02\/Foto-de-sergio-2-768x1024.jpg\" alt=\"\" class=\"wp-image-7221\" srcset=\"https:\/\/agora.xtec.cat\/iesfrancescmacia\/wp-content\/uploads\/usu1660\/2026\/02\/Foto-de-sergio-2-768x1024.jpg 768w, https:\/\/agora.xtec.cat\/iesfrancescmacia\/wp-content\/uploads\/usu1660\/2026\/02\/Foto-de-sergio-2-225x300.jpg 225w, https:\/\/agora.xtec.cat\/iesfrancescmacia\/wp-content\/uploads\/usu1660\/2026\/02\/Foto-de-sergio-2-1152x1536.jpg 1152w, https:\/\/agora.xtec.cat\/iesfrancescmacia\/wp-content\/uploads\/usu1660\/2026\/02\/Foto-de-sergio-2.jpg 1200w\" sizes=\"auto, (max-width: 768px) 100vw, 768px\" \/><\/a><\/figure>\n\n\n\n<figure class=\"wp-block-image size-large\"><a href=\"https:\/\/agora.xtec.cat\/iesfrancescmacia\/wp-content\/uploads\/usu1660\/2026\/02\/Foto-de-sergio-3.jpg\"><img loading=\"lazy\" decoding=\"async\" width=\"768\" height=\"1024\" data-id=\"7223\" src=\"https:\/\/agora.xtec.cat\/iesfrancescmacia\/wp-content\/uploads\/usu1660\/2026\/02\/Foto-de-sergio-3-768x1024.jpg\" alt=\"\" class=\"wp-image-7223\" srcset=\"https:\/\/agora.xtec.cat\/iesfrancescmacia\/wp-content\/uploads\/usu1660\/2026\/02\/Foto-de-sergio-3-768x1024.jpg 768w, https:\/\/agora.xtec.cat\/iesfrancescmacia\/wp-content\/uploads\/usu1660\/2026\/02\/Foto-de-sergio-3-225x300.jpg 225w, https:\/\/agora.xtec.cat\/iesfrancescmacia\/wp-content\/uploads\/usu1660\/2026\/02\/Foto-de-sergio-3-1152x1536.jpg 1152w, https:\/\/agora.xtec.cat\/iesfrancescmacia\/wp-content\/uploads\/usu1660\/2026\/02\/Foto-de-sergio-3.jpg 1200w\" sizes=\"auto, (max-width: 768px) 100vw, 768px\" \/><\/a><\/figure>\n\n\n\n<figure class=\"wp-block-image size-large\"><a href=\"https:\/\/agora.xtec.cat\/iesfrancescmacia\/wp-content\/uploads\/usu1660\/2026\/02\/Foto-de-sergio-4.jpg\"><img loading=\"lazy\" decoding=\"async\" width=\"768\" height=\"1024\" data-id=\"7220\" src=\"https:\/\/agora.xtec.cat\/iesfrancescmacia\/wp-content\/uploads\/usu1660\/2026\/02\/Foto-de-sergio-4-768x1024.jpg\" alt=\"\" class=\"wp-image-7220\" srcset=\"https:\/\/agora.xtec.cat\/iesfrancescmacia\/wp-content\/uploads\/usu1660\/2026\/02\/Foto-de-sergio-4-768x1024.jpg 768w, https:\/\/agora.xtec.cat\/iesfrancescmacia\/wp-content\/uploads\/usu1660\/2026\/02\/Foto-de-sergio-4-225x300.jpg 225w, https:\/\/agora.xtec.cat\/iesfrancescmacia\/wp-content\/uploads\/usu1660\/2026\/02\/Foto-de-sergio-4-1152x1536.jpg 1152w, https:\/\/agora.xtec.cat\/iesfrancescmacia\/wp-content\/uploads\/usu1660\/2026\/02\/Foto-de-sergio-4.jpg 1200w\" sizes=\"auto, (max-width: 768px) 100vw, 768px\" \/><\/a><\/figure>\n\n\n\n<figure class=\"wp-block-image size-large\"><a href=\"https:\/\/agora.xtec.cat\/iesfrancescmacia\/wp-content\/uploads\/usu1660\/2026\/02\/Foto-de-sergio-5.jpg\"><img loading=\"lazy\" decoding=\"async\" width=\"768\" height=\"1024\" data-id=\"7224\" src=\"https:\/\/agora.xtec.cat\/iesfrancescmacia\/wp-content\/uploads\/usu1660\/2026\/02\/Foto-de-sergio-5-768x1024.jpg\" alt=\"\" class=\"wp-image-7224\" srcset=\"https:\/\/agora.xtec.cat\/iesfrancescmacia\/wp-content\/uploads\/usu1660\/2026\/02\/Foto-de-sergio-5-768x1024.jpg 768w, https:\/\/agora.xtec.cat\/iesfrancescmacia\/wp-content\/uploads\/usu1660\/2026\/02\/Foto-de-sergio-5-225x300.jpg 225w, https:\/\/agora.xtec.cat\/iesfrancescmacia\/wp-content\/uploads\/usu1660\/2026\/02\/Foto-de-sergio-5-1152x1536.jpg 1152w, https:\/\/agora.xtec.cat\/iesfrancescmacia\/wp-content\/uploads\/usu1660\/2026\/02\/Foto-de-sergio-5.jpg 1200w\" sizes=\"auto, (max-width: 768px) 100vw, 768px\" \/><\/a><\/figure>\n\n\n\n<figure class=\"wp-block-image size-large\"><a href=\"https:\/\/agora.xtec.cat\/iesfrancescmacia\/wp-content\/uploads\/usu1660\/2026\/02\/Foto-de-sergio-6.jpg\"><img loading=\"lazy\" decoding=\"async\" width=\"1024\" height=\"771\" data-id=\"7216\" src=\"https:\/\/agora.xtec.cat\/iesfrancescmacia\/wp-content\/uploads\/usu1660\/2026\/02\/Foto-de-sergio-6-1024x771.jpg\" alt=\"\" class=\"wp-image-7216\" srcset=\"https:\/\/agora.xtec.cat\/iesfrancescmacia\/wp-content\/uploads\/usu1660\/2026\/02\/Foto-de-sergio-6-1024x771.jpg 1024w, https:\/\/agora.xtec.cat\/iesfrancescmacia\/wp-content\/uploads\/usu1660\/2026\/02\/Foto-de-sergio-6-300x226.jpg 300w, https:\/\/agora.xtec.cat\/iesfrancescmacia\/wp-content\/uploads\/usu1660\/2026\/02\/Foto-de-sergio-6-768x578.jpg 768w, https:\/\/agora.xtec.cat\/iesfrancescmacia\/wp-content\/uploads\/usu1660\/2026\/02\/Foto-de-sergio-6-1536x1156.jpg 1536w, https:\/\/agora.xtec.cat\/iesfrancescmacia\/wp-content\/uploads\/usu1660\/2026\/02\/Foto-de-sergio-6-200x150.jpg 200w, https:\/\/agora.xtec.cat\/iesfrancescmacia\/wp-content\/uploads\/usu1660\/2026\/02\/Foto-de-sergio-6.jpg 1600w\" sizes=\"auto, (max-width: 1024px) 100vw, 1024px\" \/><\/a><\/figure>\n\n\n\n<figure class=\"wp-block-image size-large\"><a href=\"https:\/\/agora.xtec.cat\/iesfrancescmacia\/wp-content\/uploads\/usu1660\/2026\/02\/Foto-de-sergio-7.jpg\"><img loading=\"lazy\" decoding=\"async\" width=\"1024\" height=\"771\" data-id=\"7215\" src=\"https:\/\/agora.xtec.cat\/iesfrancescmacia\/wp-content\/uploads\/usu1660\/2026\/02\/Foto-de-sergio-7-1024x771.jpg\" alt=\"\" class=\"wp-image-7215\" srcset=\"https:\/\/agora.xtec.cat\/iesfrancescmacia\/wp-content\/uploads\/usu1660\/2026\/02\/Foto-de-sergio-7-1024x771.jpg 1024w, https:\/\/agora.xtec.cat\/iesfrancescmacia\/wp-content\/uploads\/usu1660\/2026\/02\/Foto-de-sergio-7-300x226.jpg 300w, https:\/\/agora.xtec.cat\/iesfrancescmacia\/wp-content\/uploads\/usu1660\/2026\/02\/Foto-de-sergio-7-768x578.jpg 768w, https:\/\/agora.xtec.cat\/iesfrancescmacia\/wp-content\/uploads\/usu1660\/2026\/02\/Foto-de-sergio-7-1536x1156.jpg 1536w, https:\/\/agora.xtec.cat\/iesfrancescmacia\/wp-content\/uploads\/usu1660\/2026\/02\/Foto-de-sergio-7-200x150.jpg 200w, https:\/\/agora.xtec.cat\/iesfrancescmacia\/wp-content\/uploads\/usu1660\/2026\/02\/Foto-de-sergio-7.jpg 1600w\" sizes=\"auto, (max-width: 1024px) 100vw, 1024px\" \/><\/a><\/figure>\n\n\n\n<figure class=\"wp-block-image size-large\"><a href=\"https:\/\/agora.xtec.cat\/iesfrancescmacia\/wp-content\/uploads\/usu1660\/2026\/02\/Foto-de-sergio-8.jpg\"><img loading=\"lazy\" decoding=\"async\" width=\"1024\" height=\"771\" data-id=\"7219\" src=\"https:\/\/agora.xtec.cat\/iesfrancescmacia\/wp-content\/uploads\/usu1660\/2026\/02\/Foto-de-sergio-8-1024x771.jpg\" alt=\"\" class=\"wp-image-7219\" srcset=\"https:\/\/agora.xtec.cat\/iesfrancescmacia\/wp-content\/uploads\/usu1660\/2026\/02\/Foto-de-sergio-8-1024x771.jpg 1024w, https:\/\/agora.xtec.cat\/iesfrancescmacia\/wp-content\/uploads\/usu1660\/2026\/02\/Foto-de-sergio-8-300x226.jpg 300w, https:\/\/agora.xtec.cat\/iesfrancescmacia\/wp-content\/uploads\/usu1660\/2026\/02\/Foto-de-sergio-8-768x578.jpg 768w, https:\/\/agora.xtec.cat\/iesfrancescmacia\/wp-content\/uploads\/usu1660\/2026\/02\/Foto-de-sergio-8-1536x1156.jpg 1536w, https:\/\/agora.xtec.cat\/iesfrancescmacia\/wp-content\/uploads\/usu1660\/2026\/02\/Foto-de-sergio-8-200x150.jpg 200w, https:\/\/agora.xtec.cat\/iesfrancescmacia\/wp-content\/uploads\/usu1660\/2026\/02\/Foto-de-sergio-8.jpg 1600w\" sizes=\"auto, (max-width: 1024px) 100vw, 1024px\" \/><\/a><\/figure>\n\n\n\n<figure class=\"wp-block-image size-large\"><a href=\"https:\/\/agora.xtec.cat\/iesfrancescmacia\/wp-content\/uploads\/usu1660\/2026\/02\/Foto-de-sergio-9.jpg\"><img loading=\"lazy\" decoding=\"async\" width=\"1024\" height=\"771\" data-id=\"7218\" src=\"https:\/\/agora.xtec.cat\/iesfrancescmacia\/wp-content\/uploads\/usu1660\/2026\/02\/Foto-de-sergio-9-1024x771.jpg\" alt=\"\" class=\"wp-image-7218\" srcset=\"https:\/\/agora.xtec.cat\/iesfrancescmacia\/wp-content\/uploads\/usu1660\/2026\/02\/Foto-de-sergio-9-1024x771.jpg 1024w, https:\/\/agora.xtec.cat\/iesfrancescmacia\/wp-content\/uploads\/usu1660\/2026\/02\/Foto-de-sergio-9-300x226.jpg 300w, https:\/\/agora.xtec.cat\/iesfrancescmacia\/wp-content\/uploads\/usu1660\/2026\/02\/Foto-de-sergio-9-768x578.jpg 768w, https:\/\/agora.xtec.cat\/iesfrancescmacia\/wp-content\/uploads\/usu1660\/2026\/02\/Foto-de-sergio-9-1536x1156.jpg 1536w, https:\/\/agora.xtec.cat\/iesfrancescmacia\/wp-content\/uploads\/usu1660\/2026\/02\/Foto-de-sergio-9-200x150.jpg 200w, https:\/\/agora.xtec.cat\/iesfrancescmacia\/wp-content\/uploads\/usu1660\/2026\/02\/Foto-de-sergio-9.jpg 1600w\" sizes=\"auto, (max-width: 1024px) 100vw, 1024px\" \/><\/a><\/figure>\n\n\n\n<figure class=\"wp-block-image size-large\"><a href=\"https:\/\/agora.xtec.cat\/iesfrancescmacia\/wp-content\/uploads\/usu1660\/2026\/02\/Foto-de-sergio.jpg\"><img loading=\"lazy\" decoding=\"async\" width=\"768\" height=\"1024\" data-id=\"7222\" src=\"https:\/\/agora.xtec.cat\/iesfrancescmacia\/wp-content\/uploads\/usu1660\/2026\/02\/Foto-de-sergio-768x1024.jpg\" alt=\"\" class=\"wp-image-7222\" srcset=\"https:\/\/agora.xtec.cat\/iesfrancescmacia\/wp-content\/uploads\/usu1660\/2026\/02\/Foto-de-sergio-768x1024.jpg 768w, https:\/\/agora.xtec.cat\/iesfrancescmacia\/wp-content\/uploads\/usu1660\/2026\/02\/Foto-de-sergio-225x300.jpg 225w, https:\/\/agora.xtec.cat\/iesfrancescmacia\/wp-content\/uploads\/usu1660\/2026\/02\/Foto-de-sergio-1152x1536.jpg 1152w, https:\/\/agora.xtec.cat\/iesfrancescmacia\/wp-content\/uploads\/usu1660\/2026\/02\/Foto-de-sergio.jpg 1200w\" sizes=\"auto, (max-width: 768px) 100vw, 768px\" \/><\/a><\/figure>\n\n\n\n<figure class=\"wp-block-image size-large\"><a href=\"https:\/\/agora.xtec.cat\/iesfrancescmacia\/wp-content\/uploads\/usu1660\/2026\/02\/WhatsApp-Image-2026-02-02-at-17.58.09.jpeg\"><img loading=\"lazy\" decoding=\"async\" width=\"1024\" height=\"771\" data-id=\"7225\" src=\"https:\/\/agora.xtec.cat\/iesfrancescmacia\/wp-content\/uploads\/usu1660\/2026\/02\/WhatsApp-Image-2026-02-02-at-17.58.09-1024x771.jpeg\" alt=\"\" class=\"wp-image-7225\" srcset=\"https:\/\/agora.xtec.cat\/iesfrancescmacia\/wp-content\/uploads\/usu1660\/2026\/02\/WhatsApp-Image-2026-02-02-at-17.58.09-1024x771.jpeg 1024w, https:\/\/agora.xtec.cat\/iesfrancescmacia\/wp-content\/uploads\/usu1660\/2026\/02\/WhatsApp-Image-2026-02-02-at-17.58.09-300x226.jpeg 300w, https:\/\/agora.xtec.cat\/iesfrancescmacia\/wp-content\/uploads\/usu1660\/2026\/02\/WhatsApp-Image-2026-02-02-at-17.58.09-768x578.jpeg 768w, https:\/\/agora.xtec.cat\/iesfrancescmacia\/wp-content\/uploads\/usu1660\/2026\/02\/WhatsApp-Image-2026-02-02-at-17.58.09-1536x1156.jpeg 1536w, https:\/\/agora.xtec.cat\/iesfrancescmacia\/wp-content\/uploads\/usu1660\/2026\/02\/WhatsApp-Image-2026-02-02-at-17.58.09-200x150.jpeg 200w, https:\/\/agora.xtec.cat\/iesfrancescmacia\/wp-content\/uploads\/usu1660\/2026\/02\/WhatsApp-Image-2026-02-02-at-17.58.09.jpeg 1600w\" sizes=\"auto, (max-width: 1024px) 100vw, 1024px\" \/><\/a><\/figure>\n\n\n\n<figure class=\"wp-block-image size-large\"><a href=\"https:\/\/agora.xtec.cat\/iesfrancescmacia\/wp-content\/uploads\/usu1660\/2026\/02\/WhatsApp-Image-2026-02-02-at-17.58.10-1.jpeg\"><img loading=\"lazy\" decoding=\"async\" width=\"1024\" height=\"771\" data-id=\"7226\" src=\"https:\/\/agora.xtec.cat\/iesfrancescmacia\/wp-content\/uploads\/usu1660\/2026\/02\/WhatsApp-Image-2026-02-02-at-17.58.10-1-1024x771.jpeg\" alt=\"\" class=\"wp-image-7226\" srcset=\"https:\/\/agora.xtec.cat\/iesfrancescmacia\/wp-content\/uploads\/usu1660\/2026\/02\/WhatsApp-Image-2026-02-02-at-17.58.10-1-1024x771.jpeg 1024w, https:\/\/agora.xtec.cat\/iesfrancescmacia\/wp-content\/uploads\/usu1660\/2026\/02\/WhatsApp-Image-2026-02-02-at-17.58.10-1-300x226.jpeg 300w, https:\/\/agora.xtec.cat\/iesfrancescmacia\/wp-content\/uploads\/usu1660\/2026\/02\/WhatsApp-Image-2026-02-02-at-17.58.10-1-768x578.jpeg 768w, https:\/\/agora.xtec.cat\/iesfrancescmacia\/wp-content\/uploads\/usu1660\/2026\/02\/WhatsApp-Image-2026-02-02-at-17.58.10-1-1536x1156.jpeg 1536w, https:\/\/agora.xtec.cat\/iesfrancescmacia\/wp-content\/uploads\/usu1660\/2026\/02\/WhatsApp-Image-2026-02-02-at-17.58.10-1-200x150.jpeg 200w, https:\/\/agora.xtec.cat\/iesfrancescmacia\/wp-content\/uploads\/usu1660\/2026\/02\/WhatsApp-Image-2026-02-02-at-17.58.10-1.jpeg 1600w\" sizes=\"auto, (max-width: 1024px) 100vw, 1024px\" \/><\/a><\/figure>\n\n\n\n<figure class=\"wp-block-image size-large\"><a href=\"https:\/\/agora.xtec.cat\/iesfrancescmacia\/wp-content\/uploads\/usu1660\/2026\/02\/WhatsApp-Image-2026-02-02-at-17.58.10.jpeg\"><img loading=\"lazy\" decoding=\"async\" width=\"1024\" height=\"771\" data-id=\"7227\" src=\"https:\/\/agora.xtec.cat\/iesfrancescmacia\/wp-content\/uploads\/usu1660\/2026\/02\/WhatsApp-Image-2026-02-02-at-17.58.10-1024x771.jpeg\" alt=\"\" class=\"wp-image-7227\" srcset=\"https:\/\/agora.xtec.cat\/iesfrancescmacia\/wp-content\/uploads\/usu1660\/2026\/02\/WhatsApp-Image-2026-02-02-at-17.58.10-1024x771.jpeg 1024w, https:\/\/agora.xtec.cat\/iesfrancescmacia\/wp-content\/uploads\/usu1660\/2026\/02\/WhatsApp-Image-2026-02-02-at-17.58.10-300x226.jpeg 300w, https:\/\/agora.xtec.cat\/iesfrancescmacia\/wp-content\/uploads\/usu1660\/2026\/02\/WhatsApp-Image-2026-02-02-at-17.58.10-768x578.jpeg 768w, https:\/\/agora.xtec.cat\/iesfrancescmacia\/wp-content\/uploads\/usu1660\/2026\/02\/WhatsApp-Image-2026-02-02-at-17.58.10-1536x1156.jpeg 1536w, https:\/\/agora.xtec.cat\/iesfrancescmacia\/wp-content\/uploads\/usu1660\/2026\/02\/WhatsApp-Image-2026-02-02-at-17.58.10-200x150.jpeg 200w, https:\/\/agora.xtec.cat\/iesfrancescmacia\/wp-content\/uploads\/usu1660\/2026\/02\/WhatsApp-Image-2026-02-02-at-17.58.10.jpeg 1600w\" sizes=\"auto, (max-width: 1024px) 100vw, 1024px\" \/><\/a><\/figure>\n\n\n\n<figure class=\"wp-block-image size-large\"><a href=\"https:\/\/agora.xtec.cat\/iesfrancescmacia\/wp-content\/uploads\/usu1660\/2026\/02\/Foto-de-sergio-1.jpg\"><img loading=\"lazy\" decoding=\"async\" width=\"1024\" height=\"672\" data-id=\"7217\" src=\"https:\/\/agora.xtec.cat\/iesfrancescmacia\/wp-content\/uploads\/usu1660\/2026\/02\/Foto-de-sergio-1-1024x672.jpg\" alt=\"\" class=\"wp-image-7217\" srcset=\"https:\/\/agora.xtec.cat\/iesfrancescmacia\/wp-content\/uploads\/usu1660\/2026\/02\/Foto-de-sergio-1-1024x672.jpg 1024w, https:\/\/agora.xtec.cat\/iesfrancescmacia\/wp-content\/uploads\/usu1660\/2026\/02\/Foto-de-sergio-1-300x197.jpg 300w, https:\/\/agora.xtec.cat\/iesfrancescmacia\/wp-content\/uploads\/usu1660\/2026\/02\/Foto-de-sergio-1-768x504.jpg 768w, https:\/\/agora.xtec.cat\/iesfrancescmacia\/wp-content\/uploads\/usu1660\/2026\/02\/Foto-de-sergio-1-1536x1008.jpg 1536w, https:\/\/agora.xtec.cat\/iesfrancescmacia\/wp-content\/uploads\/usu1660\/2026\/02\/Foto-de-sergio-1.jpg 1600w\" sizes=\"auto, (max-width: 1024px) 100vw, 1024px\" \/><\/a><\/figure>\n<\/figure>\n","protected":false},"excerpt":{"rendered":"<p>L\u2019alumnat de 1r d\u2019ESO i 1r de Batxillerat va participar recentment en una sortida d\u2019esqu\u00ed a la Cerdanya catalana i francesa, una experi\u00e8ncia esportiva i de conviv\u00e8ncia molt enriquidora.<\/p>\n<p>Els alumnes de 1r d\u2019ESO van realitzar l\u2019activitat els dies 19, 20 i 21, mentre que els&hellip;  <a href=\"https:\/\/agora.xtec.cat\/iesfrancescmacia\/general\/sortida-desqui-de-1r-deso-i-1r-de-batxillerat\/\" title=\"Read Sortida d\u2019esqu\u00ed de 1r d\u2019ESO i 1r de Batxillerat\">Llegeix m\u00e9s\u00bb<\/a><\/p>\n","protected":false},"author":12,"featured_media":7217,"comment_status":"closed","ping_status":"open","sticky":false,"template":"","format":"standard","meta":{"_bbp_topic_count":0,"_bbp_reply_count":0,"_bbp_total_topic_count":0,"_bbp_total_reply_count":0,"_bbp_voice_count":0,"_bbp_anonymous_reply_count":0,"_bbp_topic_count_hidden":0,"_bbp_reply_count_hidden":0,"_bbp_forum_subforum_count":0,"footnotes":""},"categories":[8,103,104,191,3,4,5,6,7,1,29,146,145],"tags":[148],"class_list":["post-7214","post","type-post","status-publish","format-standard","has-post-thumbnail","hentry","category-batxillerat","category-batx-1","category-batx-2","category-biblioteca","category-eso","category-eso-1","category-eso-2","category-eso-3","category-eso-4","category-general","category-portada","category-projectes","category-sortides","tag-sortida-a-la-neu"],"post_mailing_queue_ids":[],"_links":{"self":[{"href":"https:\/\/agora.xtec.cat\/iesfrancescmacia\/wp-json\/wp\/v2\/posts\/7214","targetHints":{"allow":["GET"]}}],"collection":[{"href":"https:\/\/agora.xtec.cat\/iesfrancescmacia\/wp-json\/wp\/v2\/posts"}],"about":[{"href":"https:\/\/agora.xtec.cat\/iesfrancescmacia\/wp-json\/wp\/v2\/types\/post"}],"author":[{"embeddable":true,"href":"https:\/\/agora.xtec.cat\/iesfrancescmacia\/wp-json\/wp\/v2\/users\/12"}],"replies":[{"embeddable":true,"href":"https:\/\/agora.xtec.cat\/iesfrancescmacia\/wp-json\/wp\/v2\/comments?post=7214"}],"version-history":[{"count":1,"href":"https:\/\/agora.xtec.cat\/iesfrancescmacia\/wp-json\/wp\/v2\/posts\/7214\/revisions"}],"predecessor-version":[{"id":7228,"href":"https:\/\/agora.xtec.cat\/iesfrancescmacia\/wp-json\/wp\/v2\/posts\/7214\/revisions\/7228"}],"wp:featuredmedia":[{"embeddable":true,"href":"https:\/\/agora.xtec.cat\/iesfrancescmacia\/wp-json\/wp\/v2\/media\/7217"}],"wp:attachment":[{"href":"https:\/\/agora.xtec.cat\/iesfrancescmacia\/wp-json\/wp\/v2\/media?parent=7214"}],"wp:term":[{"taxonomy":"category","embeddable":true,"href":"https:\/\/agora.xtec.cat\/iesfrancescmacia\/wp-json\/wp\/v2\/categories?post=7214"},{"taxonomy":"post_tag","embeddable":true,"href":"https:\/\/agora.xtec.cat\/iesfrancescmacia\/wp-json\/wp\/v2\/tags?post=7214"}],"curies":[{"name":"wp","href":"https:\/\/api.w.org\/{rel}","templated":true}]}}