{"id":721,"date":"2017-11-23T18:45:35","date_gmt":"2017-11-23T17:45:35","guid":{"rendered":"http:\/\/agora.xtec.cat\/iesfrancescmacia\/?p=721"},"modified":"2017-11-24T12:04:28","modified_gmt":"2017-11-24T11:04:28","slug":"participacio-al-concurs-de-webs-wisibilizalas","status":"publish","type":"post","link":"https:\/\/agora.xtec.cat\/iesfrancescmacia\/general\/participacio-al-concurs-de-webs-wisibilizalas\/","title":{"rendered":"Participaci\u00f3 al concurs de webs Wisibil\u00edzalas"},"content":{"rendered":"<p><a href=\"http:\/\/agora.xtec.cat\/iesfrancescmacia\/wp-content\/uploads\/usu1660\/2017\/11\/Wisibilizalas-INS-Francesc-Macia.jpg\"><img loading=\"lazy\" decoding=\"async\" class=\"alignleft size-medium wp-image-722\" src=\"http:\/\/agora.xtec.cat\/iesfrancescmacia\/wp-content\/uploads\/usu1660\/2017\/11\/Wisibilizalas-INS-Francesc-Macia-300x167.jpg\" alt=\"\" width=\"300\" height=\"167\" srcset=\"https:\/\/agora.xtec.cat\/iesfrancescmacia\/wp-content\/uploads\/usu1660\/2017\/11\/Wisibilizalas-INS-Francesc-Macia-300x167.jpg 300w, https:\/\/agora.xtec.cat\/iesfrancescmacia\/wp-content\/uploads\/usu1660\/2017\/11\/Wisibilizalas-INS-Francesc-Macia.jpg 425w\" sizes=\"auto, (max-width: 300px) 100vw, 300px\" \/><\/a>Des del departament de Tecnologia, en l\u2019assignatura d\u2019inform\u00e0tica de 4t d\u2019ESO, ens hem inscrit al concurs <a href=\"https:\/\/www.upf.edu\/web\/wisibilizalas\">Wisibil\u00edzalas<\/a>, organitzat per la universitat Pompeu Fabra. L\u2019objectiu principal \u00e9s lluitar contra els estereotips que associen el treball en els camps de la inform\u00e0tica amb el g\u00e8nere mascul\u00ed, generar reflexi\u00f3 sobre la menor visibilitat de les dones en ci\u00e8ncia y tecnologia i, evidentment, posar en pr\u00e0ctica les nostres habilitats TIC cercant informaci\u00f3 i dissenyant webs.<\/p>\n<p>Aqu\u00ed podeu veure les webs que presentem al concurs:<\/p>\n<p><a href=\"https:\/\/daianaretamozo.wixsite.com\/wisibiliza\">https:\/\/daianaretamozo.wixsite.com\/wisibiliza<\/a><\/p>\n<p><a href=\"https:\/\/raul859.wixsite.com\/wisibiliza\">https:\/\/raul859.wixsite.com\/wisibiliza<\/a><\/p>\n<p><a href=\"https:\/\/erikaherrador.wixsite.com\/wisibiliza\">https:\/\/erikaherrador.wixsite.com\/wisibiliza<\/a><\/p>\n<p><a href=\"https:\/\/raul859.wixsite.com\/wisibilizalas\">https:\/\/raul859.wixsite.com\/wisibilizalas<\/a><\/p>\n<p><a href=\"https:\/\/danieldiaz7.wixsite.com\/misitio\">https:\/\/danieldiaz7.wixsite.com\/misitio<\/a><\/p>\n<p><a href=\"https:\/\/raul859.wixsite.com\/wisibilizando\">https:\/\/raul859.wixsite.com\/wisibilizando<\/a><\/p>\n<p><a href=\"https:\/\/alejandrovargas6.wixsite.com\/marynachervinska\">https:\/\/alejandrovargas6.wixsite.com\/marynachervinska<\/a><\/p>\n","protected":false},"excerpt":{"rendered":"<p><a href=\"http:\/\/agora.xtec.cat\/iesfrancescmacia\/wp-content\/uploads\/usu1660\/2017\/11\/Wisibilizalas-INS-Francesc-Macia.jpg\"><\/a>Des del departament de Tecnologia, en l\u2019assignatura d\u2019inform\u00e0tica de 4t d\u2019ESO, ens hem inscrit al concurs <a href=\"https:\/\/www.upf.edu\/web\/wisibilizalas\">Wisibil\u00edzalas<\/a>, organitzat per la universitat Pompeu Fabra. L\u2019objectiu principal \u00e9s lluitar contra els estereotips que associen el treball en els camps de la inform\u00e0tica amb el g\u00e8nere&hellip;  <a href=\"https:\/\/agora.xtec.cat\/iesfrancescmacia\/general\/participacio-al-concurs-de-webs-wisibilizalas\/\" title=\"Read Participaci\u00f3 al concurs de webs Wisibil\u00edzalas\">Llegeix m\u00e9s\u00bb<\/a><\/p>\n","protected":false},"author":7,"featured_media":722,"comment_status":"closed","ping_status":"closed","sticky":false,"template":"","format":"standard","meta":{"_bbp_topic_count":0,"_bbp_reply_count":0,"_bbp_total_topic_count":0,"_bbp_total_reply_count":0,"_bbp_voice_count":0,"_bbp_anonymous_reply_count":0,"_bbp_topic_count_hidden":0,"_bbp_reply_count_hidden":0,"_bbp_forum_subforum_count":0,"footnotes":""},"categories":[3,7,1,29],"tags":[136,138,139,140,137],"class_list":["post-721","post","type-post","status-publish","format-standard","has-post-thumbnail","hentry","category-eso","category-eso-4","category-general","category-portada","tag-projectes","tag-tecnologia","tag-tic","tag-web","tag-wisibilitza"],"post_mailing_queue_ids":[],"_links":{"self":[{"href":"https:\/\/agora.xtec.cat\/iesfrancescmacia\/wp-json\/wp\/v2\/posts\/721","targetHints":{"allow":["GET"]}}],"collection":[{"href":"https:\/\/agora.xtec.cat\/iesfrancescmacia\/wp-json\/wp\/v2\/posts"}],"about":[{"href":"https:\/\/agora.xtec.cat\/iesfrancescmacia\/wp-json\/wp\/v2\/types\/post"}],"author":[{"embeddable":true,"href":"https:\/\/agora.xtec.cat\/iesfrancescmacia\/wp-json\/wp\/v2\/users\/7"}],"replies":[{"embeddable":true,"href":"https:\/\/agora.xtec.cat\/iesfrancescmacia\/wp-json\/wp\/v2\/comments?post=721"}],"version-history":[{"count":2,"href":"https:\/\/agora.xtec.cat\/iesfrancescmacia\/wp-json\/wp\/v2\/posts\/721\/revisions"}],"predecessor-version":[{"id":747,"href":"https:\/\/agora.xtec.cat\/iesfrancescmacia\/wp-json\/wp\/v2\/posts\/721\/revisions\/747"}],"wp:featuredmedia":[{"embeddable":true,"href":"https:\/\/agora.xtec.cat\/iesfrancescmacia\/wp-json\/wp\/v2\/media\/722"}],"wp:attachment":[{"href":"https:\/\/agora.xtec.cat\/iesfrancescmacia\/wp-json\/wp\/v2\/media?parent=721"}],"wp:term":[{"taxonomy":"category","embeddable":true,"href":"https:\/\/agora.xtec.cat\/iesfrancescmacia\/wp-json\/wp\/v2\/categories?post=721"},{"taxonomy":"post_tag","embeddable":true,"href":"https:\/\/agora.xtec.cat\/iesfrancescmacia\/wp-json\/wp\/v2\/tags?post=721"}],"curies":[{"name":"wp","href":"https:\/\/api.w.org\/{rel}","templated":true}]}}