{"id":7200,"date":"2026-01-08T17:32:58","date_gmt":"2026-01-08T16:32:58","guid":{"rendered":"https:\/\/agora.xtec.cat\/iesfrancescmacia\/?p=7200"},"modified":"2026-01-08T17:33:35","modified_gmt":"2026-01-08T16:33:35","slug":"preinscripcio-curs-26-27-eso-i-batxillerat","status":"publish","type":"post","link":"https:\/\/agora.xtec.cat\/iesfrancescmacia\/eso\/preinscripcio-curs-26-27-eso-i-batxillerat\/","title":{"rendered":"PREINSCRIPCI\u00d3 CURS 26\/27 ESO I BATXILLERAT"},"content":{"rendered":"\n<p>A continuaci\u00f3 us informem de les dates del per\u00edode de preinscripci\u00f3 al centre:<\/p>\n\n\n\n<p><strong>Preinscripci\u00f3 ESO (1r a 4t d&#8217;ESO): <\/strong>del dia 6 al 18 de mar\u00e7 de 2026.<\/p>\n\n\n\n<p><strong>Preinscripci\u00f3 Batxillerat: <\/strong>del dia 9 al 16 d&#8217;abril de 2026.<\/p>\n","protected":false},"excerpt":{"rendered":"<p>A continuaci\u00f3 us informem de les dates del per\u00edode de preinscripci\u00f3 al centre:<\/p>\n<p>Preinscripci\u00f3 ESO (1r a 4t d&#8217;ESO): del dia 6 al 18 de mar\u00e7 de 2026.<\/p>\n<p>Preinscripci\u00f3 Batxillerat: del dia 9 al 16 d&#8217;abril de 2026.<\/p>\n","protected":false},"author":12,"featured_media":3408,"comment_status":"closed","ping_status":"open","sticky":false,"template":"","format":"standard","meta":{"_bbp_topic_count":0,"_bbp_reply_count":0,"_bbp_total_topic_count":0,"_bbp_total_reply_count":0,"_bbp_voice_count":0,"_bbp_anonymous_reply_count":0,"_bbp_topic_count_hidden":0,"_bbp_reply_count_hidden":0,"_bbp_forum_subforum_count":0,"footnotes":""},"categories":[8,103,104,3,4,5,6,7,29],"tags":[566],"class_list":["post-7200","post","type-post","status-publish","format-standard","has-post-thumbnail","hentry","category-batxillerat","category-batx-1","category-batx-2","category-eso","category-eso-1","category-eso-2","category-eso-3","category-eso-4","category-portada","tag-secretaria"],"post_mailing_queue_ids":[],"_links":{"self":[{"href":"https:\/\/agora.xtec.cat\/iesfrancescmacia\/wp-json\/wp\/v2\/posts\/7200","targetHints":{"allow":["GET"]}}],"collection":[{"href":"https:\/\/agora.xtec.cat\/iesfrancescmacia\/wp-json\/wp\/v2\/posts"}],"about":[{"href":"https:\/\/agora.xtec.cat\/iesfrancescmacia\/wp-json\/wp\/v2\/types\/post"}],"author":[{"embeddable":true,"href":"https:\/\/agora.xtec.cat\/iesfrancescmacia\/wp-json\/wp\/v2\/users\/12"}],"replies":[{"embeddable":true,"href":"https:\/\/agora.xtec.cat\/iesfrancescmacia\/wp-json\/wp\/v2\/comments?post=7200"}],"version-history":[{"count":1,"href":"https:\/\/agora.xtec.cat\/iesfrancescmacia\/wp-json\/wp\/v2\/posts\/7200\/revisions"}],"predecessor-version":[{"id":7201,"href":"https:\/\/agora.xtec.cat\/iesfrancescmacia\/wp-json\/wp\/v2\/posts\/7200\/revisions\/7201"}],"wp:featuredmedia":[{"embeddable":true,"href":"https:\/\/agora.xtec.cat\/iesfrancescmacia\/wp-json\/wp\/v2\/media\/3408"}],"wp:attachment":[{"href":"https:\/\/agora.xtec.cat\/iesfrancescmacia\/wp-json\/wp\/v2\/media?parent=7200"}],"wp:term":[{"taxonomy":"category","embeddable":true,"href":"https:\/\/agora.xtec.cat\/iesfrancescmacia\/wp-json\/wp\/v2\/categories?post=7200"},{"taxonomy":"post_tag","embeddable":true,"href":"https:\/\/agora.xtec.cat\/iesfrancescmacia\/wp-json\/wp\/v2\/tags?post=7200"}],"curies":[{"name":"wp","href":"https:\/\/api.w.org\/{rel}","templated":true}]}}