{"id":7172,"date":"2025-12-15T20:01:09","date_gmt":"2025-12-15T19:01:09","guid":{"rendered":"https:\/\/agora.xtec.cat\/iesfrancescmacia\/?p=7172"},"modified":"2025-12-15T20:01:10","modified_gmt":"2025-12-15T19:01:10","slug":"els-guanyadors-de-cornella-valors-convidats-a-lespanyol","status":"publish","type":"post","link":"https:\/\/agora.xtec.cat\/iesfrancescmacia\/general\/els-guanyadors-de-cornella-valors-convidats-a-lespanyol\/","title":{"rendered":"Els guanyadors de Cornell\u00e0 Valors, convidats a l\u2019Espanyol"},"content":{"rendered":"\n<p>El passat dia 7 de desembre de 2025, els guanyadors dels premis de microrrelat\u00a0organitzats per\u00a0<strong>Cornell\u00e0 Valors<\/strong>, van assistir\u00a0al partit Espanyol-Rayo Vallecano. Que s&#8217;ho van passar d&#8217;all\u00f2 m\u00e9s b\u00e9, ho confirma aquesta fotografia amb la directiva del\u00a0<strong>RCD Espanyol<\/strong>. Entre els guanyadors l&#8217;alumna de 2n d&#8217;ESO de l&#8217;INS Francesc Maci\u00e0, LFF. Moltes felicitats!<\/p>\n\n\n\n<figure class=\"wp-block-image size-large\"><a href=\"https:\/\/agora.xtec.cat\/iesfrancescmacia\/wp-content\/uploads\/usu1660\/2025\/12\/FOTOGRAFIA-PARTIT-FUTBOL-NOVEMBRE-2025.msg_.jpg\"><img loading=\"lazy\" decoding=\"async\" width=\"1024\" height=\"683\" src=\"https:\/\/agora.xtec.cat\/iesfrancescmacia\/wp-content\/uploads\/usu1660\/2025\/12\/FOTOGRAFIA-PARTIT-FUTBOL-NOVEMBRE-2025.msg_-1024x683.jpg\" alt=\"\" class=\"wp-image-7173\" srcset=\"https:\/\/agora.xtec.cat\/iesfrancescmacia\/wp-content\/uploads\/usu1660\/2025\/12\/FOTOGRAFIA-PARTIT-FUTBOL-NOVEMBRE-2025.msg_-1024x683.jpg 1024w, https:\/\/agora.xtec.cat\/iesfrancescmacia\/wp-content\/uploads\/usu1660\/2025\/12\/FOTOGRAFIA-PARTIT-FUTBOL-NOVEMBRE-2025.msg_-300x200.jpg 300w, https:\/\/agora.xtec.cat\/iesfrancescmacia\/wp-content\/uploads\/usu1660\/2025\/12\/FOTOGRAFIA-PARTIT-FUTBOL-NOVEMBRE-2025.msg_-768x512.jpg 768w, https:\/\/agora.xtec.cat\/iesfrancescmacia\/wp-content\/uploads\/usu1660\/2025\/12\/FOTOGRAFIA-PARTIT-FUTBOL-NOVEMBRE-2025.msg_-1536x1024.jpg 1536w, https:\/\/agora.xtec.cat\/iesfrancescmacia\/wp-content\/uploads\/usu1660\/2025\/12\/FOTOGRAFIA-PARTIT-FUTBOL-NOVEMBRE-2025.msg_-2048x1366.jpg 2048w\" sizes=\"auto, (max-width: 1024px) 100vw, 1024px\" \/><\/a><\/figure>\n","protected":false},"excerpt":{"rendered":"<p>El passat dia 7 de desembre de 2025, els guanyadors dels premis de microrrelat\u00a0organitzats per\u00a0Cornell\u00e0 Valors, van assistir\u00a0al partit Espanyol-Rayo Vallecano. Que s&#8217;ho van passar d&#8217;all\u00f2 m\u00e9s b\u00e9, ho confirma aquesta fotografia amb la directiva del\u00a0RCD Espanyol. Entre els guanyadors l&#8217;alumna de 2n d&#8217;ESO de&hellip;  <a href=\"https:\/\/agora.xtec.cat\/iesfrancescmacia\/general\/els-guanyadors-de-cornella-valors-convidats-a-lespanyol\/\" title=\"Read Els guanyadors de Cornell\u00e0 Valors, convidats a l\u2019Espanyol\">Llegeix m\u00e9s\u00bb<\/a><\/p>\n","protected":false},"author":12,"featured_media":7173,"comment_status":"closed","ping_status":"open","sticky":false,"template":"","format":"standard","meta":{"_bbp_topic_count":0,"_bbp_reply_count":0,"_bbp_total_topic_count":0,"_bbp_total_reply_count":0,"_bbp_voice_count":0,"_bbp_anonymous_reply_count":0,"_bbp_topic_count_hidden":0,"_bbp_reply_count_hidden":0,"_bbp_forum_subforum_count":0,"footnotes":""},"categories":[8,103,104,191,3,4,5,6,7,1,29,146,145],"tags":[],"class_list":["post-7172","post","type-post","status-publish","format-standard","has-post-thumbnail","hentry","category-batxillerat","category-batx-1","category-batx-2","category-biblioteca","category-eso","category-eso-1","category-eso-2","category-eso-3","category-eso-4","category-general","category-portada","category-projectes","category-sortides"],"post_mailing_queue_ids":[],"_links":{"self":[{"href":"https:\/\/agora.xtec.cat\/iesfrancescmacia\/wp-json\/wp\/v2\/posts\/7172","targetHints":{"allow":["GET"]}}],"collection":[{"href":"https:\/\/agora.xtec.cat\/iesfrancescmacia\/wp-json\/wp\/v2\/posts"}],"about":[{"href":"https:\/\/agora.xtec.cat\/iesfrancescmacia\/wp-json\/wp\/v2\/types\/post"}],"author":[{"embeddable":true,"href":"https:\/\/agora.xtec.cat\/iesfrancescmacia\/wp-json\/wp\/v2\/users\/12"}],"replies":[{"embeddable":true,"href":"https:\/\/agora.xtec.cat\/iesfrancescmacia\/wp-json\/wp\/v2\/comments?post=7172"}],"version-history":[{"count":1,"href":"https:\/\/agora.xtec.cat\/iesfrancescmacia\/wp-json\/wp\/v2\/posts\/7172\/revisions"}],"predecessor-version":[{"id":7174,"href":"https:\/\/agora.xtec.cat\/iesfrancescmacia\/wp-json\/wp\/v2\/posts\/7172\/revisions\/7174"}],"wp:featuredmedia":[{"embeddable":true,"href":"https:\/\/agora.xtec.cat\/iesfrancescmacia\/wp-json\/wp\/v2\/media\/7173"}],"wp:attachment":[{"href":"https:\/\/agora.xtec.cat\/iesfrancescmacia\/wp-json\/wp\/v2\/media?parent=7172"}],"wp:term":[{"taxonomy":"category","embeddable":true,"href":"https:\/\/agora.xtec.cat\/iesfrancescmacia\/wp-json\/wp\/v2\/categories?post=7172"},{"taxonomy":"post_tag","embeddable":true,"href":"https:\/\/agora.xtec.cat\/iesfrancescmacia\/wp-json\/wp\/v2\/tags?post=7172"}],"curies":[{"name":"wp","href":"https:\/\/api.w.org\/{rel}","templated":true}]}}