{"id":7036,"date":"2025-09-10T16:18:47","date_gmt":"2025-09-10T14:18:47","guid":{"rendered":"https:\/\/agora.xtec.cat\/iesfrancescmacia\/?p=7036"},"modified":"2025-09-10T16:21:06","modified_gmt":"2025-09-10T14:21:06","slug":"primers-dies-de-1r-deso-benvinguda-i-sortida-de-convivencia","status":"publish","type":"post","link":"https:\/\/agora.xtec.cat\/iesfrancescmacia\/general\/primers-dies-de-1r-deso-benvinguda-i-sortida-de-convivencia\/","title":{"rendered":"Primers dies de 1r d\u2019ESO: benvinguda i sortida de conviv\u00e8ncia"},"content":{"rendered":"\n<p>El passat <strong>8 de setembre de 2025<\/strong> vam donar la <strong>benvinguda als alumnes de 1r d\u2019ESO<\/strong> amb una jornada pensada per con\u00e8ixer el centre, els tutors i els companys de curs. Va ser un primer contacte que va permetre trencar el gel i iniciar aquesta nova etapa amb il\u00b7lusi\u00f3 i confian\u00e7a.<\/p>\n\n\n\n<p>L\u2019endem\u00e0, <strong>9 de setembre<\/strong>, els nois i noies van participar dins del  <strong>Pla d\u2019Acollida de 1r d\u2019ESO<\/strong> amb una sortida al <strong>Museu de les Matem\u00e0tiques de Catalunya<\/strong> i al <strong>parc de Can Mercader<\/strong>. All\u00e0 van poder gaudir d\u2019activitats educatives i de conviv\u00e8ncia que van afavorir el treball en equip, la cooperaci\u00f3 i la cohesi\u00f3 del grup.<\/p>\n\n\n\n<p>Amb aquestes primeres experi\u00e8ncies, iniciem el curs desitjant a tot l\u2019alumnat de 1r d\u2019ESO un <strong>bon cam\u00ed ple d\u2019aprenentatges i viv\u00e8ncies compartides<\/strong>.<\/p>\n\n\n\n<figure class=\"wp-block-image size-large\"><a href=\"https:\/\/agora.xtec.cat\/iesfrancescmacia\/wp-content\/uploads\/usu1660\/2025\/09\/20250909_115224-min-scaled.jpg\"><img loading=\"lazy\" decoding=\"async\" width=\"1024\" height=\"768\" src=\"https:\/\/agora.xtec.cat\/iesfrancescmacia\/wp-content\/uploads\/usu1660\/2025\/09\/20250909_115224-min-1024x768.jpg\" alt=\"\" class=\"wp-image-7037\" srcset=\"https:\/\/agora.xtec.cat\/iesfrancescmacia\/wp-content\/uploads\/usu1660\/2025\/09\/20250909_115224-min-1024x768.jpg 1024w, https:\/\/agora.xtec.cat\/iesfrancescmacia\/wp-content\/uploads\/usu1660\/2025\/09\/20250909_115224-min-300x225.jpg 300w, https:\/\/agora.xtec.cat\/iesfrancescmacia\/wp-content\/uploads\/usu1660\/2025\/09\/20250909_115224-min-768x576.jpg 768w, https:\/\/agora.xtec.cat\/iesfrancescmacia\/wp-content\/uploads\/usu1660\/2025\/09\/20250909_115224-min-1536x1152.jpg 1536w, https:\/\/agora.xtec.cat\/iesfrancescmacia\/wp-content\/uploads\/usu1660\/2025\/09\/20250909_115224-min-2048x1536.jpg 2048w, https:\/\/agora.xtec.cat\/iesfrancescmacia\/wp-content\/uploads\/usu1660\/2025\/09\/20250909_115224-min-200x150.jpg 200w\" sizes=\"auto, (max-width: 1024px) 100vw, 1024px\" \/><\/a><\/figure>\n\n\n\n<figure class=\"wp-block-image size-large\"><a href=\"https:\/\/agora.xtec.cat\/iesfrancescmacia\/wp-content\/uploads\/usu1660\/2025\/09\/20250909_122554-min-scaled.jpg\"><img loading=\"lazy\" decoding=\"async\" width=\"1024\" height=\"768\" src=\"https:\/\/agora.xtec.cat\/iesfrancescmacia\/wp-content\/uploads\/usu1660\/2025\/09\/20250909_122554-min-1024x768.jpg\" alt=\"\" class=\"wp-image-7038\" srcset=\"https:\/\/agora.xtec.cat\/iesfrancescmacia\/wp-content\/uploads\/usu1660\/2025\/09\/20250909_122554-min-1024x768.jpg 1024w, https:\/\/agora.xtec.cat\/iesfrancescmacia\/wp-content\/uploads\/usu1660\/2025\/09\/20250909_122554-min-300x225.jpg 300w, https:\/\/agora.xtec.cat\/iesfrancescmacia\/wp-content\/uploads\/usu1660\/2025\/09\/20250909_122554-min-768x576.jpg 768w, https:\/\/agora.xtec.cat\/iesfrancescmacia\/wp-content\/uploads\/usu1660\/2025\/09\/20250909_122554-min-1536x1152.jpg 1536w, https:\/\/agora.xtec.cat\/iesfrancescmacia\/wp-content\/uploads\/usu1660\/2025\/09\/20250909_122554-min-2048x1536.jpg 2048w, https:\/\/agora.xtec.cat\/iesfrancescmacia\/wp-content\/uploads\/usu1660\/2025\/09\/20250909_122554-min-200x150.jpg 200w\" sizes=\"auto, (max-width: 1024px) 100vw, 1024px\" \/><\/a><\/figure>\n\n\n\n<figure class=\"wp-block-image size-large\"><a href=\"https:\/\/agora.xtec.cat\/iesfrancescmacia\/wp-content\/uploads\/usu1660\/2025\/09\/20250909_123211-min-scaled.jpg\"><img loading=\"lazy\" decoding=\"async\" width=\"1024\" height=\"768\" src=\"https:\/\/agora.xtec.cat\/iesfrancescmacia\/wp-content\/uploads\/usu1660\/2025\/09\/20250909_123211-min-1024x768.jpg\" alt=\"\" class=\"wp-image-7039\" srcset=\"https:\/\/agora.xtec.cat\/iesfrancescmacia\/wp-content\/uploads\/usu1660\/2025\/09\/20250909_123211-min-1024x768.jpg 1024w, https:\/\/agora.xtec.cat\/iesfrancescmacia\/wp-content\/uploads\/usu1660\/2025\/09\/20250909_123211-min-300x225.jpg 300w, https:\/\/agora.xtec.cat\/iesfrancescmacia\/wp-content\/uploads\/usu1660\/2025\/09\/20250909_123211-min-768x576.jpg 768w, https:\/\/agora.xtec.cat\/iesfrancescmacia\/wp-content\/uploads\/usu1660\/2025\/09\/20250909_123211-min-1536x1152.jpg 1536w, https:\/\/agora.xtec.cat\/iesfrancescmacia\/wp-content\/uploads\/usu1660\/2025\/09\/20250909_123211-min-2048x1536.jpg 2048w, https:\/\/agora.xtec.cat\/iesfrancescmacia\/wp-content\/uploads\/usu1660\/2025\/09\/20250909_123211-min-200x150.jpg 200w\" sizes=\"auto, (max-width: 1024px) 100vw, 1024px\" \/><\/a><\/figure>\n","protected":false},"excerpt":{"rendered":"<p>El passat 8 de setembre de 2025 vam donar la benvinguda als alumnes de 1r d\u2019ESO amb una jornada pensada per con\u00e8ixer el centre, els tutors i els companys de curs. Va ser un primer contacte que va permetre trencar el gel i iniciar aquesta&hellip;  <a href=\"https:\/\/agora.xtec.cat\/iesfrancescmacia\/general\/primers-dies-de-1r-deso-benvinguda-i-sortida-de-convivencia\/\" title=\"Read Primers dies de 1r d\u2019ESO: benvinguda i sortida de conviv\u00e8ncia\">Llegeix m\u00e9s\u00bb<\/a><\/p>\n","protected":false},"author":7,"featured_media":7037,"comment_status":"closed","ping_status":"open","sticky":false,"template":"","format":"standard","meta":{"_bbp_topic_count":0,"_bbp_reply_count":0,"_bbp_total_topic_count":0,"_bbp_total_reply_count":0,"_bbp_voice_count":0,"_bbp_anonymous_reply_count":0,"_bbp_topic_count_hidden":0,"_bbp_reply_count_hidden":0,"_bbp_forum_subforum_count":0,"footnotes":""},"categories":[8,103,104,191,3,4,5,6,7,1,29,146,145],"tags":[],"class_list":["post-7036","post","type-post","status-publish","format-standard","has-post-thumbnail","hentry","category-batxillerat","category-batx-1","category-batx-2","category-biblioteca","category-eso","category-eso-1","category-eso-2","category-eso-3","category-eso-4","category-general","category-portada","category-projectes","category-sortides"],"post_mailing_queue_ids":[],"_links":{"self":[{"href":"https:\/\/agora.xtec.cat\/iesfrancescmacia\/wp-json\/wp\/v2\/posts\/7036","targetHints":{"allow":["GET"]}}],"collection":[{"href":"https:\/\/agora.xtec.cat\/iesfrancescmacia\/wp-json\/wp\/v2\/posts"}],"about":[{"href":"https:\/\/agora.xtec.cat\/iesfrancescmacia\/wp-json\/wp\/v2\/types\/post"}],"author":[{"embeddable":true,"href":"https:\/\/agora.xtec.cat\/iesfrancescmacia\/wp-json\/wp\/v2\/users\/7"}],"replies":[{"embeddable":true,"href":"https:\/\/agora.xtec.cat\/iesfrancescmacia\/wp-json\/wp\/v2\/comments?post=7036"}],"version-history":[{"count":1,"href":"https:\/\/agora.xtec.cat\/iesfrancescmacia\/wp-json\/wp\/v2\/posts\/7036\/revisions"}],"predecessor-version":[{"id":7040,"href":"https:\/\/agora.xtec.cat\/iesfrancescmacia\/wp-json\/wp\/v2\/posts\/7036\/revisions\/7040"}],"wp:featuredmedia":[{"embeddable":true,"href":"https:\/\/agora.xtec.cat\/iesfrancescmacia\/wp-json\/wp\/v2\/media\/7037"}],"wp:attachment":[{"href":"https:\/\/agora.xtec.cat\/iesfrancescmacia\/wp-json\/wp\/v2\/media?parent=7036"}],"wp:term":[{"taxonomy":"category","embeddable":true,"href":"https:\/\/agora.xtec.cat\/iesfrancescmacia\/wp-json\/wp\/v2\/categories?post=7036"},{"taxonomy":"post_tag","embeddable":true,"href":"https:\/\/agora.xtec.cat\/iesfrancescmacia\/wp-json\/wp\/v2\/tags?post=7036"}],"curies":[{"name":"wp","href":"https:\/\/api.w.org\/{rel}","templated":true}]}}