{"id":6835,"date":"2025-04-02T08:46:38","date_gmt":"2025-04-02T06:46:38","guid":{"rendered":"https:\/\/agora.xtec.cat\/iesfrancescmacia\/?p=6835"},"modified":"2025-04-02T08:46:39","modified_gmt":"2025-04-02T06:46:39","slug":"alumnes-de-linstitut-francesc-macia-a-alexandropolis-dins-del-projecte-erasmus","status":"publish","type":"post","link":"https:\/\/agora.xtec.cat\/iesfrancescmacia\/general\/alumnes-de-linstitut-francesc-macia-a-alexandropolis-dins-del-projecte-erasmus\/","title":{"rendered":"Alumnes de l\u2019Institut Francesc Maci\u00e0 a Alexandr\u00f2polis dins del Projecte Erasmus+"},"content":{"rendered":"\n<p>Un grup d\u2019alumnes de l\u2019Institut Francesc Maci\u00e0 ha viatjat a Alexandr\u00f2polis, Gr\u00e8cia, en el marc del projecte Erasmus+, un programa que fomenta la mobilitat i l\u2019intercanvi cultural entre estudiants europeus.<\/p>\n\n\n\n<figure class=\"wp-block-image size-large is-resized\"><a href=\"https:\/\/agora.xtec.cat\/iesfrancescmacia\/wp-content\/uploads\/usu1660\/2025\/04\/WhatsApp-Image-2025-03-28-at-14.54.17.jpeg\"><img loading=\"lazy\" decoding=\"async\" width=\"1024\" height=\"771\" src=\"https:\/\/agora.xtec.cat\/iesfrancescmacia\/wp-content\/uploads\/usu1660\/2025\/04\/WhatsApp-Image-2025-03-28-at-14.54.17-1024x771.jpeg\" alt=\"\" class=\"wp-image-6840\" style=\"width:418px;height:auto\"\/><\/a><\/figure>\n\n\n\n<p>Durant l\u2019estada, han fet presentacions a l\u2019institut d\u2019Alexandr\u00f2polis per donar a con\u00e8ixer la cultura catalana. Han explicat tradicions com la Diada, els castellers, les festes populars i la gastronomia, aix\u00ed com la import\u00e0ncia de la llengua catalana. Aquestes activitats han perm\u00e8s als estudiants grecs descobrir les arrels i la identitat de Catalunya, fomentant l\u2019intercanvi cultural.<\/p>\n\n\n\n<figure class=\"wp-block-image size-large is-resized\"><a href=\"https:\/\/agora.xtec.cat\/iesfrancescmacia\/wp-content\/uploads\/usu1660\/2025\/04\/WhatsApp-Image-2025-03-27-at-08.18.17.jpeg\"><img loading=\"lazy\" decoding=\"async\" width=\"1024\" height=\"771\" src=\"https:\/\/agora.xtec.cat\/iesfrancescmacia\/wp-content\/uploads\/usu1660\/2025\/04\/WhatsApp-Image-2025-03-27-at-08.18.17-1024x771.jpeg\" alt=\"\" class=\"wp-image-6839\" style=\"width:414px;height:auto\" srcset=\"https:\/\/agora.xtec.cat\/iesfrancescmacia\/wp-content\/uploads\/usu1660\/2025\/04\/WhatsApp-Image-2025-03-27-at-08.18.17-1024x771.jpeg 1024w, https:\/\/agora.xtec.cat\/iesfrancescmacia\/wp-content\/uploads\/usu1660\/2025\/04\/WhatsApp-Image-2025-03-27-at-08.18.17-300x226.jpeg 300w, https:\/\/agora.xtec.cat\/iesfrancescmacia\/wp-content\/uploads\/usu1660\/2025\/04\/WhatsApp-Image-2025-03-27-at-08.18.17-768x578.jpeg 768w, https:\/\/agora.xtec.cat\/iesfrancescmacia\/wp-content\/uploads\/usu1660\/2025\/04\/WhatsApp-Image-2025-03-27-at-08.18.17-1536x1156.jpeg 1536w, https:\/\/agora.xtec.cat\/iesfrancescmacia\/wp-content\/uploads\/usu1660\/2025\/04\/WhatsApp-Image-2025-03-27-at-08.18.17-200x150.jpeg 200w, https:\/\/agora.xtec.cat\/iesfrancescmacia\/wp-content\/uploads\/usu1660\/2025\/04\/WhatsApp-Image-2025-03-27-at-08.18.17.jpeg 1600w\" sizes=\"auto, (max-width: 1024px) 100vw, 1024px\" \/><\/a><\/figure>\n\n\n\n<p>Els alumnes tamb\u00e9 han estat rebuts per l\u2019alcalde de la ciutat, qui ha destacat la import\u00e0ncia d\u2019aquest tipus d\u2019iniciatives per enfortir els vincles entre diferents cultures.<\/p>\n\n\n\n<p>Aquest intercanvi ha estat una experi\u00e8ncia enriquidora que ha perm\u00e8s als alumnes aprendre, compartir i cr\u00e9ixer en un context internacional. L\u2019Institut Francesc Maci\u00e0 continuar\u00e0 promovent projectes Erasmus+.<\/p>\n\n\n\n<figure class=\"wp-block-image size-large is-resized\"><a href=\"https:\/\/agora.xtec.cat\/iesfrancescmacia\/wp-content\/uploads\/usu1660\/2025\/04\/WhatsApp-Image-2025-04-01-at-14.20.01-1.jpeg\"><img loading=\"lazy\" decoding=\"async\" width=\"1024\" height=\"769\" src=\"https:\/\/agora.xtec.cat\/iesfrancescmacia\/wp-content\/uploads\/usu1660\/2025\/04\/WhatsApp-Image-2025-04-01-at-14.20.01-1-1024x769.jpeg\" alt=\"\" class=\"wp-image-6836\" style=\"width:401px;height:auto\" srcset=\"https:\/\/agora.xtec.cat\/iesfrancescmacia\/wp-content\/uploads\/usu1660\/2025\/04\/WhatsApp-Image-2025-04-01-at-14.20.01-1-1024x769.jpeg 1024w, https:\/\/agora.xtec.cat\/iesfrancescmacia\/wp-content\/uploads\/usu1660\/2025\/04\/WhatsApp-Image-2025-04-01-at-14.20.01-1-300x225.jpeg 300w, https:\/\/agora.xtec.cat\/iesfrancescmacia\/wp-content\/uploads\/usu1660\/2025\/04\/WhatsApp-Image-2025-04-01-at-14.20.01-1-768x576.jpeg 768w, https:\/\/agora.xtec.cat\/iesfrancescmacia\/wp-content\/uploads\/usu1660\/2025\/04\/WhatsApp-Image-2025-04-01-at-14.20.01-1-1536x1153.jpeg 1536w, https:\/\/agora.xtec.cat\/iesfrancescmacia\/wp-content\/uploads\/usu1660\/2025\/04\/WhatsApp-Image-2025-04-01-at-14.20.01-1-200x150.jpeg 200w, https:\/\/agora.xtec.cat\/iesfrancescmacia\/wp-content\/uploads\/usu1660\/2025\/04\/WhatsApp-Image-2025-04-01-at-14.20.01-1.jpeg 1600w\" sizes=\"auto, (max-width: 1024px) 100vw, 1024px\" \/><\/a><\/figure>\n\n\n\n<figure class=\"wp-block-image size-large is-resized\"><a href=\"https:\/\/agora.xtec.cat\/iesfrancescmacia\/wp-content\/uploads\/usu1660\/2025\/04\/WhatsApp-Image-2025-04-01-at-14.20.01.jpeg\"><img loading=\"lazy\" decoding=\"async\" width=\"1024\" height=\"771\" src=\"https:\/\/agora.xtec.cat\/iesfrancescmacia\/wp-content\/uploads\/usu1660\/2025\/04\/WhatsApp-Image-2025-04-01-at-14.20.01-1024x771.jpeg\" alt=\"\" class=\"wp-image-6837\" style=\"width:401px;height:auto\" srcset=\"https:\/\/agora.xtec.cat\/iesfrancescmacia\/wp-content\/uploads\/usu1660\/2025\/04\/WhatsApp-Image-2025-04-01-at-14.20.01-1024x771.jpeg 1024w, https:\/\/agora.xtec.cat\/iesfrancescmacia\/wp-content\/uploads\/usu1660\/2025\/04\/WhatsApp-Image-2025-04-01-at-14.20.01-300x226.jpeg 300w, https:\/\/agora.xtec.cat\/iesfrancescmacia\/wp-content\/uploads\/usu1660\/2025\/04\/WhatsApp-Image-2025-04-01-at-14.20.01-768x578.jpeg 768w, https:\/\/agora.xtec.cat\/iesfrancescmacia\/wp-content\/uploads\/usu1660\/2025\/04\/WhatsApp-Image-2025-04-01-at-14.20.01-1536x1156.jpeg 1536w, https:\/\/agora.xtec.cat\/iesfrancescmacia\/wp-content\/uploads\/usu1660\/2025\/04\/WhatsApp-Image-2025-04-01-at-14.20.01-200x150.jpeg 200w, https:\/\/agora.xtec.cat\/iesfrancescmacia\/wp-content\/uploads\/usu1660\/2025\/04\/WhatsApp-Image-2025-04-01-at-14.20.01.jpeg 1600w\" sizes=\"auto, (max-width: 1024px) 100vw, 1024px\" \/><\/a><\/figure>\n\n\n\n<figure class=\"wp-block-image size-large is-resized\"><a href=\"https:\/\/agora.xtec.cat\/iesfrancescmacia\/wp-content\/uploads\/usu1660\/2025\/04\/WhatsApp-Image-2025-03-27-at-08.18.10.jpeg\"><img loading=\"lazy\" decoding=\"async\" width=\"1024\" height=\"576\" src=\"https:\/\/agora.xtec.cat\/iesfrancescmacia\/wp-content\/uploads\/usu1660\/2025\/04\/WhatsApp-Image-2025-03-27-at-08.18.10-1024x576.jpeg\" alt=\"\" class=\"wp-image-6838\" style=\"width:405px;height:auto\" srcset=\"https:\/\/agora.xtec.cat\/iesfrancescmacia\/wp-content\/uploads\/usu1660\/2025\/04\/WhatsApp-Image-2025-03-27-at-08.18.10-1024x576.jpeg 1024w, https:\/\/agora.xtec.cat\/iesfrancescmacia\/wp-content\/uploads\/usu1660\/2025\/04\/WhatsApp-Image-2025-03-27-at-08.18.10-300x169.jpeg 300w, https:\/\/agora.xtec.cat\/iesfrancescmacia\/wp-content\/uploads\/usu1660\/2025\/04\/WhatsApp-Image-2025-03-27-at-08.18.10-768x432.jpeg 768w, https:\/\/agora.xtec.cat\/iesfrancescmacia\/wp-content\/uploads\/usu1660\/2025\/04\/WhatsApp-Image-2025-03-27-at-08.18.10-1536x864.jpeg 1536w, https:\/\/agora.xtec.cat\/iesfrancescmacia\/wp-content\/uploads\/usu1660\/2025\/04\/WhatsApp-Image-2025-03-27-at-08.18.10.jpeg 1599w\" sizes=\"auto, (max-width: 1024px) 100vw, 1024px\" \/><\/a><\/figure>\n","protected":false},"excerpt":{"rendered":"<p>Un grup d\u2019alumnes de l\u2019Institut Francesc Maci\u00e0 ha viatjat a Alexandr\u00f2polis, Gr\u00e8cia, en el marc del projecte Erasmus+, un programa que fomenta la mobilitat i l\u2019intercanvi cultural entre estudiants europeus.<\/p>\n<p><a href=\"https:\/\/agora.xtec.cat\/iesfrancescmacia\/wp-content\/uploads\/usu1660\/2025\/04\/WhatsApp-Image-2025-03-28-at-14.54.17.jpeg\"><\/a><\/p>\n<p>Durant l\u2019estada, han fet presentacions a l\u2019institut d\u2019Alexandr\u00f2polis per donar a con\u00e8ixer la cultura catalana.&hellip;  <a href=\"https:\/\/agora.xtec.cat\/iesfrancescmacia\/general\/alumnes-de-linstitut-francesc-macia-a-alexandropolis-dins-del-projecte-erasmus\/\" title=\"Read Alumnes de l\u2019Institut Francesc Maci\u00e0 a Alexandr\u00f2polis dins del Projecte Erasmus+\">Llegeix m\u00e9s\u00bb<\/a><\/p>\n","protected":false},"author":10,"featured_media":6840,"comment_status":"closed","ping_status":"open","sticky":false,"template":"","format":"standard","meta":{"_bbp_topic_count":0,"_bbp_reply_count":0,"_bbp_total_topic_count":0,"_bbp_total_reply_count":0,"_bbp_voice_count":0,"_bbp_anonymous_reply_count":0,"_bbp_topic_count_hidden":0,"_bbp_reply_count_hidden":0,"_bbp_forum_subforum_count":0,"footnotes":""},"categories":[8,103,104,191,3,4,5,6,7,1,29],"tags":[],"class_list":["post-6835","post","type-post","status-publish","format-standard","has-post-thumbnail","hentry","category-batxillerat","category-batx-1","category-batx-2","category-biblioteca","category-eso","category-eso-1","category-eso-2","category-eso-3","category-eso-4","category-general","category-portada"],"post_mailing_queue_ids":[],"_links":{"self":[{"href":"https:\/\/agora.xtec.cat\/iesfrancescmacia\/wp-json\/wp\/v2\/posts\/6835","targetHints":{"allow":["GET"]}}],"collection":[{"href":"https:\/\/agora.xtec.cat\/iesfrancescmacia\/wp-json\/wp\/v2\/posts"}],"about":[{"href":"https:\/\/agora.xtec.cat\/iesfrancescmacia\/wp-json\/wp\/v2\/types\/post"}],"author":[{"embeddable":true,"href":"https:\/\/agora.xtec.cat\/iesfrancescmacia\/wp-json\/wp\/v2\/users\/10"}],"replies":[{"embeddable":true,"href":"https:\/\/agora.xtec.cat\/iesfrancescmacia\/wp-json\/wp\/v2\/comments?post=6835"}],"version-history":[{"count":1,"href":"https:\/\/agora.xtec.cat\/iesfrancescmacia\/wp-json\/wp\/v2\/posts\/6835\/revisions"}],"predecessor-version":[{"id":6841,"href":"https:\/\/agora.xtec.cat\/iesfrancescmacia\/wp-json\/wp\/v2\/posts\/6835\/revisions\/6841"}],"wp:featuredmedia":[{"embeddable":true,"href":"https:\/\/agora.xtec.cat\/iesfrancescmacia\/wp-json\/wp\/v2\/media\/6840"}],"wp:attachment":[{"href":"https:\/\/agora.xtec.cat\/iesfrancescmacia\/wp-json\/wp\/v2\/media?parent=6835"}],"wp:term":[{"taxonomy":"category","embeddable":true,"href":"https:\/\/agora.xtec.cat\/iesfrancescmacia\/wp-json\/wp\/v2\/categories?post=6835"},{"taxonomy":"post_tag","embeddable":true,"href":"https:\/\/agora.xtec.cat\/iesfrancescmacia\/wp-json\/wp\/v2\/tags?post=6835"}],"curies":[{"name":"wp","href":"https:\/\/api.w.org\/{rel}","templated":true}]}}