{"id":6697,"date":"2025-01-31T16:25:43","date_gmt":"2025-01-31T15:25:43","guid":{"rendered":"https:\/\/agora.xtec.cat\/iesfrancescmacia\/?p=6697"},"modified":"2025-02-03T12:21:20","modified_gmt":"2025-02-03T11:21:20","slug":"un-grup-dinstituts-de-turquia-visita-el-nostre-centre","status":"publish","type":"post","link":"https:\/\/agora.xtec.cat\/iesfrancescmacia\/general\/un-grup-dinstituts-de-turquia-visita-el-nostre-centre\/","title":{"rendered":"Un grup d\u2019instituts de Turquia visita el nostre centre"},"content":{"rendered":"\n<p>Avui hem tingut el plaer de rebre la visita d\u2019un grup de docents procedents de tres instituts de la regi\u00f3 d\u2019Anat\u00f2lia, a Turquia. Aquesta trobada s\u2019emmarca dins d\u2019un programa d\u2019intercanvi educatiu que t\u00e9 com a objectiu fomentar la cooperaci\u00f3 internacional i l\u2019enriquiment cultural entre professionals de l\u2019educaci\u00f3 de diferents pa\u00efsos.<\/p>\n\n\n\n<p>Durant la jornada, els visitants han pogut con\u00e8ixer de primera m\u00e0 les instal\u00b7lacions del nostre centre, assistir a diverses classes i participar en activitats culturals i educatives conjuntes amb el nostre professorat. A m\u00e9s, s\u2019ha organitzat una taula rodona on s\u2019han intercanviat experi\u00e8ncies i metodologies pedag\u00f2giques entre els docents dels diferents centres participants.<\/p>\n\n\n\n<p>Els professors turcs han destacat la seva satisfacci\u00f3 per l\u2019acollida rebuda i han expressat el seu inter\u00e8s per continuar col\u00b7laborant en futurs projectes educatius. Per la seva banda, el nostre equip docent ha valorat molt positivament aquesta experi\u00e8ncia, ja que els ha perm\u00e8s con\u00e8ixer noves perspectives educatives i establir vincles amb professionals d\u2019un altre pa\u00eds.<\/p>\n\n\n\n<p>Aquesta iniciativa representa una gran oportunitat per al nostre centre, ja que refor\u00e7a el nostre comprom\u00eds amb la internacionalitzaci\u00f3 de l&#8217;educaci\u00f3 i afavoreix la comprensi\u00f3 i el respecte entre diferents cultures. Esperem que aquest intercanvi sigui nom\u00e9s el primer pas d&#8217;una col\u00b7laboraci\u00f3 m\u00e9s \u00e0mplia en el futur.<\/p>\n\n\n\n<figure class=\"wp-block-image is-resized\"><img loading=\"lazy\" decoding=\"async\" width=\"1915\" height=\"2560\" src=\"https:\/\/agora.xtec.cat\/iesfrancescmacia\/wp-content\/uploads\/usu1660\/2025\/01\/20250128_094504-min-scaled.jpg\" alt=\"\" class=\"wp-image-6698\" style=\"width:300px\" srcset=\"https:\/\/agora.xtec.cat\/iesfrancescmacia\/wp-content\/uploads\/usu1660\/2025\/01\/20250128_094504-min-scaled.jpg 1915w, https:\/\/agora.xtec.cat\/iesfrancescmacia\/wp-content\/uploads\/usu1660\/2025\/01\/20250128_094504-min-224x300.jpg 224w, https:\/\/agora.xtec.cat\/iesfrancescmacia\/wp-content\/uploads\/usu1660\/2025\/01\/20250128_094504-min-766x1024.jpg 766w, https:\/\/agora.xtec.cat\/iesfrancescmacia\/wp-content\/uploads\/usu1660\/2025\/01\/20250128_094504-min-768x1027.jpg 768w, https:\/\/agora.xtec.cat\/iesfrancescmacia\/wp-content\/uploads\/usu1660\/2025\/01\/20250128_094504-min-1149x1536.jpg 1149w, https:\/\/agora.xtec.cat\/iesfrancescmacia\/wp-content\/uploads\/usu1660\/2025\/01\/20250128_094504-min-1532x2048.jpg 1532w\" sizes=\"auto, (max-width: 1915px) 100vw, 1915px\" \/><\/figure>\n\n\n\n<figure class=\"wp-block-image size-large is-resized\"><a href=\"https:\/\/agora.xtec.cat\/iesfrancescmacia\/wp-content\/uploads\/usu1660\/2025\/01\/20250128_101636-min-scaled.jpg\"><img loading=\"lazy\" decoding=\"async\" width=\"1024\" height=\"768\" src=\"https:\/\/agora.xtec.cat\/iesfrancescmacia\/wp-content\/uploads\/usu1660\/2025\/01\/20250128_101636-min-1024x768.jpg\" alt=\"\" class=\"wp-image-6702\" style=\"width:300px\" srcset=\"https:\/\/agora.xtec.cat\/iesfrancescmacia\/wp-content\/uploads\/usu1660\/2025\/01\/20250128_101636-min-1024x768.jpg 1024w, https:\/\/agora.xtec.cat\/iesfrancescmacia\/wp-content\/uploads\/usu1660\/2025\/01\/20250128_101636-min-300x225.jpg 300w, https:\/\/agora.xtec.cat\/iesfrancescmacia\/wp-content\/uploads\/usu1660\/2025\/01\/20250128_101636-min-768x576.jpg 768w, https:\/\/agora.xtec.cat\/iesfrancescmacia\/wp-content\/uploads\/usu1660\/2025\/01\/20250128_101636-min-1536x1152.jpg 1536w, https:\/\/agora.xtec.cat\/iesfrancescmacia\/wp-content\/uploads\/usu1660\/2025\/01\/20250128_101636-min-2048x1536.jpg 2048w, https:\/\/agora.xtec.cat\/iesfrancescmacia\/wp-content\/uploads\/usu1660\/2025\/01\/20250128_101636-min-200x150.jpg 200w\" sizes=\"auto, (max-width: 1024px) 100vw, 1024px\" \/><\/a><\/figure>\n\n\n\n<figure class=\"wp-block-image size-large is-resized\"><a href=\"https:\/\/agora.xtec.cat\/iesfrancescmacia\/wp-content\/uploads\/usu1660\/2025\/01\/20250128_122622-min-scaled.jpg\"><img loading=\"lazy\" decoding=\"async\" width=\"1024\" height=\"768\" src=\"https:\/\/agora.xtec.cat\/iesfrancescmacia\/wp-content\/uploads\/usu1660\/2025\/01\/20250128_122622-min-1024x768.jpg\" alt=\"\" class=\"wp-image-6699\" style=\"width:300px\" srcset=\"https:\/\/agora.xtec.cat\/iesfrancescmacia\/wp-content\/uploads\/usu1660\/2025\/01\/20250128_122622-min-1024x768.jpg 1024w, https:\/\/agora.xtec.cat\/iesfrancescmacia\/wp-content\/uploads\/usu1660\/2025\/01\/20250128_122622-min-300x225.jpg 300w, https:\/\/agora.xtec.cat\/iesfrancescmacia\/wp-content\/uploads\/usu1660\/2025\/01\/20250128_122622-min-768x576.jpg 768w, https:\/\/agora.xtec.cat\/iesfrancescmacia\/wp-content\/uploads\/usu1660\/2025\/01\/20250128_122622-min-1536x1152.jpg 1536w, https:\/\/agora.xtec.cat\/iesfrancescmacia\/wp-content\/uploads\/usu1660\/2025\/01\/20250128_122622-min-2048x1536.jpg 2048w, https:\/\/agora.xtec.cat\/iesfrancescmacia\/wp-content\/uploads\/usu1660\/2025\/01\/20250128_122622-min-200x150.jpg 200w\" sizes=\"auto, (max-width: 1024px) 100vw, 1024px\" \/><\/a><\/figure>\n","protected":false},"excerpt":{"rendered":"<p>Avui hem tingut el plaer de rebre la visita d\u2019un grup de docents procedents de tres instituts de la regi\u00f3 d\u2019Anat\u00f2lia, a Turquia. Aquesta trobada s\u2019emmarca dins d\u2019un programa d\u2019intercanvi educatiu que t\u00e9 com a objectiu fomentar la cooperaci\u00f3 internacional i l\u2019enriquiment cultural entre professionals&hellip;  <a href=\"https:\/\/agora.xtec.cat\/iesfrancescmacia\/general\/un-grup-dinstituts-de-turquia-visita-el-nostre-centre\/\" title=\"Read Un grup d\u2019instituts de Turquia visita el nostre centre\">Llegeix m\u00e9s\u00bb<\/a><\/p>\n","protected":false},"author":10,"featured_media":6701,"comment_status":"closed","ping_status":"open","sticky":false,"template":"","format":"standard","meta":{"_bbp_topic_count":0,"_bbp_reply_count":0,"_bbp_total_topic_count":0,"_bbp_total_reply_count":0,"_bbp_voice_count":0,"_bbp_anonymous_reply_count":0,"_bbp_topic_count_hidden":0,"_bbp_reply_count_hidden":0,"_bbp_forum_subforum_count":0,"footnotes":""},"categories":[8,103,191,3,4,5,6,7,1,29,146,145],"tags":[],"class_list":["post-6697","post","type-post","status-publish","format-standard","has-post-thumbnail","hentry","category-batxillerat","category-batx-1","category-biblioteca","category-eso","category-eso-1","category-eso-2","category-eso-3","category-eso-4","category-general","category-portada","category-projectes","category-sortides"],"post_mailing_queue_ids":[],"_links":{"self":[{"href":"https:\/\/agora.xtec.cat\/iesfrancescmacia\/wp-json\/wp\/v2\/posts\/6697","targetHints":{"allow":["GET"]}}],"collection":[{"href":"https:\/\/agora.xtec.cat\/iesfrancescmacia\/wp-json\/wp\/v2\/posts"}],"about":[{"href":"https:\/\/agora.xtec.cat\/iesfrancescmacia\/wp-json\/wp\/v2\/types\/post"}],"author":[{"embeddable":true,"href":"https:\/\/agora.xtec.cat\/iesfrancescmacia\/wp-json\/wp\/v2\/users\/10"}],"replies":[{"embeddable":true,"href":"https:\/\/agora.xtec.cat\/iesfrancescmacia\/wp-json\/wp\/v2\/comments?post=6697"}],"version-history":[{"count":5,"href":"https:\/\/agora.xtec.cat\/iesfrancescmacia\/wp-json\/wp\/v2\/posts\/6697\/revisions"}],"predecessor-version":[{"id":6708,"href":"https:\/\/agora.xtec.cat\/iesfrancescmacia\/wp-json\/wp\/v2\/posts\/6697\/revisions\/6708"}],"wp:featuredmedia":[{"embeddable":true,"href":"https:\/\/agora.xtec.cat\/iesfrancescmacia\/wp-json\/wp\/v2\/media\/6701"}],"wp:attachment":[{"href":"https:\/\/agora.xtec.cat\/iesfrancescmacia\/wp-json\/wp\/v2\/media?parent=6697"}],"wp:term":[{"taxonomy":"category","embeddable":true,"href":"https:\/\/agora.xtec.cat\/iesfrancescmacia\/wp-json\/wp\/v2\/categories?post=6697"},{"taxonomy":"post_tag","embeddable":true,"href":"https:\/\/agora.xtec.cat\/iesfrancescmacia\/wp-json\/wp\/v2\/tags?post=6697"}],"curies":[{"name":"wp","href":"https:\/\/api.w.org\/{rel}","templated":true}]}}