{"id":6046,"date":"2023-05-31T08:53:06","date_gmt":"2023-05-31T06:53:06","guid":{"rendered":"https:\/\/agora.xtec.cat\/iesfrancescmacia\/?p=6046"},"modified":"2023-05-31T08:53:06","modified_gmt":"2023-05-31T06:53:06","slug":"campanya-de-reciclatge-drastics-amb-els-plastics","status":"publish","type":"post","link":"https:\/\/agora.xtec.cat\/iesfrancescmacia\/general\/campanya-de-reciclatge-drastics-amb-els-plastics\/","title":{"rendered":"Campanya de reciclatge &#8220;Dr\u00e0stics amb els pl\u00e0stics&#8221;"},"content":{"rendered":"<p>El grup de 4t d&#8217;ESO B ha desenvolupat en els darrers mesos la campanya de reciclatge &#8220;Dr\u00e0stics amb els Pl\u00e0stics&#8221;, dins del projecte d&#8217;Aprenentatge Servei de <a href=\"https:\/\/www.amb.cat\/s\/web\/ecologia\/sostenibilitat\/educacio-ambiental.html\">l&#8217;AMB<\/a>.\u00a0Durant el desenvolupament del projecte, l&#8217;alumnat ha adquirit els coneixements b\u00e0sics per entendre els processos de fabricaci\u00f3 dels pl\u00e0stics m\u00e9s habituals, aix\u00ed com l&#8217;\u00fas que en fem, la gesti\u00f3 que se&#8217;n fa un cop s&#8217;han convertit en residus i els impactes ambientals que provoquen per culpa d&#8217;aquesta gesti\u00f3 incorrecta i, sobretot, a la gran quantitat de pl\u00e0stics que utilitzem en el nostre dia a dia.<\/p>\n<p>Un cop adquirits aquests coneixements, s&#8217;ha creat aquest v\u00eddeo stop-motion en qu\u00e8 els personatges estan fabricats amb pl\u00e0stics recollits al centre educatiu o a casa dels participants. A m\u00e9s, s&#8217;han distribu\u00eft diferents contenidors pel centre per conscienciar sobre la import\u00e0ncia del reciclatge en qualsevol context.<\/p>\n<p><iframe loading=\"lazy\" src=\"https:\/\/drive.google.com\/file\/d\/1hgXIVw37aOQ9davyrBrai-HUgEaj2kZI\/preview\" width=\"100%\" height=\"580\"><span data-mce-type=\"bookmark\" style=\"display: inline-block; width: 0px; overflow: hidden; line-height: 0;\" class=\"mce_SELRES_start\">\ufeff<\/span><\/iframe><\/p>\n<p>&nbsp;<\/p>\n","protected":false},"excerpt":{"rendered":"<p>El grup de 4t d&#8217;ESO B ha desenvolupat en els darrers mesos la campanya de reciclatge &#8220;Dr\u00e0stics amb els Pl\u00e0stics&#8221;, dins del projecte d&#8217;Aprenentatge Servei de <a href=\"https:\/\/www.amb.cat\/s\/web\/ecologia\/sostenibilitat\/educacio-ambiental.html\">l&#8217;AMB<\/a>.\u00a0Durant el desenvolupament del projecte, l&#8217;alumnat ha adquirit els coneixements b\u00e0sics per entendre els processos de fabricaci\u00f3 dels&hellip;  <a href=\"https:\/\/agora.xtec.cat\/iesfrancescmacia\/general\/campanya-de-reciclatge-drastics-amb-els-plastics\/\" title=\"Read Campanya de reciclatge &#8220;Dr\u00e0stics amb els pl\u00e0stics&#8221;\">Llegeix m\u00e9s\u00bb<\/a><\/p>\n","protected":false},"author":7,"featured_media":6047,"comment_status":"closed","ping_status":"closed","sticky":false,"template":"","format":"standard","meta":{"_bbp_topic_count":0,"_bbp_reply_count":0,"_bbp_total_topic_count":0,"_bbp_total_reply_count":0,"_bbp_voice_count":0,"_bbp_anonymous_reply_count":0,"_bbp_topic_count_hidden":0,"_bbp_reply_count_hidden":0,"_bbp_forum_subforum_count":0,"footnotes":""},"categories":[7,1,29,146],"tags":[277,314],"class_list":["post-6046","post","type-post","status-publish","format-standard","has-post-thumbnail","hentry","category-eso-4","category-general","category-portada","category-projectes","tag-reciclatge","tag-stop-motion"],"post_mailing_queue_ids":[],"_links":{"self":[{"href":"https:\/\/agora.xtec.cat\/iesfrancescmacia\/wp-json\/wp\/v2\/posts\/6046","targetHints":{"allow":["GET"]}}],"collection":[{"href":"https:\/\/agora.xtec.cat\/iesfrancescmacia\/wp-json\/wp\/v2\/posts"}],"about":[{"href":"https:\/\/agora.xtec.cat\/iesfrancescmacia\/wp-json\/wp\/v2\/types\/post"}],"author":[{"embeddable":true,"href":"https:\/\/agora.xtec.cat\/iesfrancescmacia\/wp-json\/wp\/v2\/users\/7"}],"replies":[{"embeddable":true,"href":"https:\/\/agora.xtec.cat\/iesfrancescmacia\/wp-json\/wp\/v2\/comments?post=6046"}],"version-history":[{"count":3,"href":"https:\/\/agora.xtec.cat\/iesfrancescmacia\/wp-json\/wp\/v2\/posts\/6046\/revisions"}],"predecessor-version":[{"id":6050,"href":"https:\/\/agora.xtec.cat\/iesfrancescmacia\/wp-json\/wp\/v2\/posts\/6046\/revisions\/6050"}],"wp:featuredmedia":[{"embeddable":true,"href":"https:\/\/agora.xtec.cat\/iesfrancescmacia\/wp-json\/wp\/v2\/media\/6047"}],"wp:attachment":[{"href":"https:\/\/agora.xtec.cat\/iesfrancescmacia\/wp-json\/wp\/v2\/media?parent=6046"}],"wp:term":[{"taxonomy":"category","embeddable":true,"href":"https:\/\/agora.xtec.cat\/iesfrancescmacia\/wp-json\/wp\/v2\/categories?post=6046"},{"taxonomy":"post_tag","embeddable":true,"href":"https:\/\/agora.xtec.cat\/iesfrancescmacia\/wp-json\/wp\/v2\/tags?post=6046"}],"curies":[{"name":"wp","href":"https:\/\/api.w.org\/{rel}","templated":true}]}}