{"id":5726,"date":"2023-03-01T08:34:14","date_gmt":"2023-03-01T07:34:14","guid":{"rendered":"https:\/\/agora.xtec.cat\/iesfrancescmacia\/?p=5726"},"modified":"2023-03-01T08:34:14","modified_gmt":"2023-03-01T07:34:14","slug":"iniciem-la-segona-part-del-projecte-intergeneracional-crenco","status":"publish","type":"post","link":"https:\/\/agora.xtec.cat\/iesfrancescmacia\/general\/iniciem-la-segona-part-del-projecte-intergeneracional-crenco\/","title":{"rendered":"Iniciem la segona part del projecte intergeneracional CRENCO"},"content":{"rendered":"<p>El projecte intergeneracional CRENCO (Cr\u00e9ixer, envellir, compartir), en el qual participa l&#8217;alumnat de 4t d&#8217;ESO, comen\u00e7a la seva segona fase. Despr\u00e9s d&#8217;una primera part centrada en la m\u00fasica i les emocions, ara els protagonistes s\u00f3n els gossos d&#8217;intervenci\u00f3, i per descomptat, la gent gran de la Resid\u00e8ncia Can Rovira de Cornell\u00e0 i l&#8217;alumnat de 4t A.<\/p>\n<p>El programa compta amb la participaci\u00f3 de les guies canines de <a href=\"https:\/\/www.perruneando.com\/\">Perruneando<\/a>, especialistes en intervenci\u00f3 assistida amb gossos. Al llarg de nou sessions, els participants prendran consci\u00e8ncia sobre la import\u00e0ncia de tenir cura del medi ambient i del retorn, tant a generacions anteriors que ens han cuidat i ensenyat, com a la terra, el nostre entorn que ens ofereix on viure i de qu\u00e8 alimentar-nos. El fil conductor ser\u00e0 la feina que fan els gossos d\u2019intervenci\u00f3 i com s\u2019han d\u2019educar i cuidar aquests animals. En la part pr\u00e0ctica, podran treballar amb els gossos i dissenyar i elaborar material tant per les mateixes sessions com per al lleure i gaudi dels animals, imprescindibles per al seu equilibri. I naturalment, gaudiran de moments inoblidables amb la gent gran de la resid\u00e8ncia.<\/p>\n<p>Recordem que <a href=\"https:\/\/crenco.org\/\">CRENCO<\/a> vol contribuir, a trav\u00e9s de l&#8217;educaci\u00f3 i de les diverses accions comunit\u00e0ries, en la millora de la qualitat de vida de les persones, evitant l&#8217;a\u00efllament i la solitud de gent gran i joves.<\/p>\n\n\t\t<style type=\"text\/css\">\n\t\t\t#gallery-1 {\n\t\t\t\tmargin: auto;\n\t\t\t}\n\t\t\t#gallery-1 .gallery-item {\n\t\t\t\tfloat: left;\n\t\t\t\tmargin-top: 10px;\n\t\t\t\ttext-align: center;\n\t\t\t\twidth: 50%;\n\t\t\t}\n\t\t\t#gallery-1 img {\n\t\t\t\tborder: 2px solid #cfcfcf;\n\t\t\t}\n\t\t\t#gallery-1 .gallery-caption {\n\t\t\t\tmargin-left: 0;\n\t\t\t}\n\t\t\t\/* see gallery_shortcode() in wp-includes\/media.php *\/\n\t\t<\/style>\n\t\t<div id='gallery-1' class='gallery galleryid-5726 gallery-columns-2 gallery-size-large'><dl class='gallery-item'>\n\t\t\t<dt class='gallery-icon landscape'>\n\t\t\t\t<a href='https:\/\/agora.xtec.cat\/iesfrancescmacia\/wp-content\/uploads\/usu1660\/2023\/03\/Iniciem-la-segona-part-del-projecte-intergeneracional-CRENCO-5-min.jpg'><img loading=\"lazy\" decoding=\"async\" width=\"1024\" height=\"576\" src=\"https:\/\/agora.xtec.cat\/iesfrancescmacia\/wp-content\/uploads\/usu1660\/2023\/03\/Iniciem-la-segona-part-del-projecte-intergeneracional-CRENCO-5-min-1024x576.jpg\" class=\"attachment-large size-large\" alt=\"\" srcset=\"https:\/\/agora.xtec.cat\/iesfrancescmacia\/wp-content\/uploads\/usu1660\/2023\/03\/Iniciem-la-segona-part-del-projecte-intergeneracional-CRENCO-5-min-1024x576.jpg 1024w, https:\/\/agora.xtec.cat\/iesfrancescmacia\/wp-content\/uploads\/usu1660\/2023\/03\/Iniciem-la-segona-part-del-projecte-intergeneracional-CRENCO-5-min-300x169.jpg 300w, https:\/\/agora.xtec.cat\/iesfrancescmacia\/wp-content\/uploads\/usu1660\/2023\/03\/Iniciem-la-segona-part-del-projecte-intergeneracional-CRENCO-5-min-768x432.jpg 768w, https:\/\/agora.xtec.cat\/iesfrancescmacia\/wp-content\/uploads\/usu1660\/2023\/03\/Iniciem-la-segona-part-del-projecte-intergeneracional-CRENCO-5-min-1536x864.jpg 1536w, https:\/\/agora.xtec.cat\/iesfrancescmacia\/wp-content\/uploads\/usu1660\/2023\/03\/Iniciem-la-segona-part-del-projecte-intergeneracional-CRENCO-5-min-2048x1152.jpg 2048w\" sizes=\"auto, (max-width: 1024px) 100vw, 1024px\" \/><\/a>\n\t\t\t<\/dt><\/dl><dl class='gallery-item'>\n\t\t\t<dt class='gallery-icon landscape'>\n\t\t\t\t<a href='https:\/\/agora.xtec.cat\/iesfrancescmacia\/wp-content\/uploads\/usu1660\/2023\/03\/Iniciem-la-segona-part-del-projecte-intergeneracional-CRENCO-4-min.jpg'><img loading=\"lazy\" decoding=\"async\" width=\"1024\" height=\"576\" src=\"https:\/\/agora.xtec.cat\/iesfrancescmacia\/wp-content\/uploads\/usu1660\/2023\/03\/Iniciem-la-segona-part-del-projecte-intergeneracional-CRENCO-4-min-1024x576.jpg\" class=\"attachment-large size-large\" alt=\"\" srcset=\"https:\/\/agora.xtec.cat\/iesfrancescmacia\/wp-content\/uploads\/usu1660\/2023\/03\/Iniciem-la-segona-part-del-projecte-intergeneracional-CRENCO-4-min-1024x576.jpg 1024w, https:\/\/agora.xtec.cat\/iesfrancescmacia\/wp-content\/uploads\/usu1660\/2023\/03\/Iniciem-la-segona-part-del-projecte-intergeneracional-CRENCO-4-min-300x169.jpg 300w, https:\/\/agora.xtec.cat\/iesfrancescmacia\/wp-content\/uploads\/usu1660\/2023\/03\/Iniciem-la-segona-part-del-projecte-intergeneracional-CRENCO-4-min-768x432.jpg 768w, https:\/\/agora.xtec.cat\/iesfrancescmacia\/wp-content\/uploads\/usu1660\/2023\/03\/Iniciem-la-segona-part-del-projecte-intergeneracional-CRENCO-4-min-1536x864.jpg 1536w, https:\/\/agora.xtec.cat\/iesfrancescmacia\/wp-content\/uploads\/usu1660\/2023\/03\/Iniciem-la-segona-part-del-projecte-intergeneracional-CRENCO-4-min-2048x1152.jpg 2048w\" sizes=\"auto, (max-width: 1024px) 100vw, 1024px\" \/><\/a>\n\t\t\t<\/dt><\/dl><br style=\"clear: both\" \/><dl class='gallery-item'>\n\t\t\t<dt class='gallery-icon landscape'>\n\t\t\t\t<a href='https:\/\/agora.xtec.cat\/iesfrancescmacia\/wp-content\/uploads\/usu1660\/2023\/03\/Iniciem-la-segona-part-del-projecte-intergeneracional-CRENCO-3-min.jpg'><img loading=\"lazy\" decoding=\"async\" width=\"1024\" height=\"576\" src=\"https:\/\/agora.xtec.cat\/iesfrancescmacia\/wp-content\/uploads\/usu1660\/2023\/03\/Iniciem-la-segona-part-del-projecte-intergeneracional-CRENCO-3-min-1024x576.jpg\" class=\"attachment-large size-large\" alt=\"\" srcset=\"https:\/\/agora.xtec.cat\/iesfrancescmacia\/wp-content\/uploads\/usu1660\/2023\/03\/Iniciem-la-segona-part-del-projecte-intergeneracional-CRENCO-3-min-1024x576.jpg 1024w, https:\/\/agora.xtec.cat\/iesfrancescmacia\/wp-content\/uploads\/usu1660\/2023\/03\/Iniciem-la-segona-part-del-projecte-intergeneracional-CRENCO-3-min-300x169.jpg 300w, https:\/\/agora.xtec.cat\/iesfrancescmacia\/wp-content\/uploads\/usu1660\/2023\/03\/Iniciem-la-segona-part-del-projecte-intergeneracional-CRENCO-3-min-768x432.jpg 768w, https:\/\/agora.xtec.cat\/iesfrancescmacia\/wp-content\/uploads\/usu1660\/2023\/03\/Iniciem-la-segona-part-del-projecte-intergeneracional-CRENCO-3-min-1536x864.jpg 1536w, https:\/\/agora.xtec.cat\/iesfrancescmacia\/wp-content\/uploads\/usu1660\/2023\/03\/Iniciem-la-segona-part-del-projecte-intergeneracional-CRENCO-3-min-2048x1152.jpg 2048w\" sizes=\"auto, (max-width: 1024px) 100vw, 1024px\" \/><\/a>\n\t\t\t<\/dt><\/dl><dl class='gallery-item'>\n\t\t\t<dt class='gallery-icon landscape'>\n\t\t\t\t<a href='https:\/\/agora.xtec.cat\/iesfrancescmacia\/wp-content\/uploads\/usu1660\/2023\/03\/Iniciem-la-segona-part-del-projecte-intergeneracional-CRENCO-2-min.jpg'><img loading=\"lazy\" decoding=\"async\" width=\"1024\" height=\"576\" src=\"https:\/\/agora.xtec.cat\/iesfrancescmacia\/wp-content\/uploads\/usu1660\/2023\/03\/Iniciem-la-segona-part-del-projecte-intergeneracional-CRENCO-2-min-1024x576.jpg\" class=\"attachment-large size-large\" alt=\"\" srcset=\"https:\/\/agora.xtec.cat\/iesfrancescmacia\/wp-content\/uploads\/usu1660\/2023\/03\/Iniciem-la-segona-part-del-projecte-intergeneracional-CRENCO-2-min-1024x576.jpg 1024w, https:\/\/agora.xtec.cat\/iesfrancescmacia\/wp-content\/uploads\/usu1660\/2023\/03\/Iniciem-la-segona-part-del-projecte-intergeneracional-CRENCO-2-min-300x169.jpg 300w, https:\/\/agora.xtec.cat\/iesfrancescmacia\/wp-content\/uploads\/usu1660\/2023\/03\/Iniciem-la-segona-part-del-projecte-intergeneracional-CRENCO-2-min-768x432.jpg 768w, https:\/\/agora.xtec.cat\/iesfrancescmacia\/wp-content\/uploads\/usu1660\/2023\/03\/Iniciem-la-segona-part-del-projecte-intergeneracional-CRENCO-2-min-1536x864.jpg 1536w, https:\/\/agora.xtec.cat\/iesfrancescmacia\/wp-content\/uploads\/usu1660\/2023\/03\/Iniciem-la-segona-part-del-projecte-intergeneracional-CRENCO-2-min-2048x1152.jpg 2048w\" sizes=\"auto, (max-width: 1024px) 100vw, 1024px\" \/><\/a>\n\t\t\t<\/dt><\/dl><br style=\"clear: both\" \/><dl class='gallery-item'>\n\t\t\t<dt class='gallery-icon landscape'>\n\t\t\t\t<a href='https:\/\/agora.xtec.cat\/iesfrancescmacia\/wp-content\/uploads\/usu1660\/2023\/03\/Iniciem-la-segona-part-del-projecte-intergeneracional-CRENCO-1-min.jpg'><img loading=\"lazy\" decoding=\"async\" width=\"1024\" height=\"576\" src=\"https:\/\/agora.xtec.cat\/iesfrancescmacia\/wp-content\/uploads\/usu1660\/2023\/03\/Iniciem-la-segona-part-del-projecte-intergeneracional-CRENCO-1-min-1024x576.jpg\" class=\"attachment-large size-large\" alt=\"\" srcset=\"https:\/\/agora.xtec.cat\/iesfrancescmacia\/wp-content\/uploads\/usu1660\/2023\/03\/Iniciem-la-segona-part-del-projecte-intergeneracional-CRENCO-1-min-1024x576.jpg 1024w, https:\/\/agora.xtec.cat\/iesfrancescmacia\/wp-content\/uploads\/usu1660\/2023\/03\/Iniciem-la-segona-part-del-projecte-intergeneracional-CRENCO-1-min-300x169.jpg 300w, https:\/\/agora.xtec.cat\/iesfrancescmacia\/wp-content\/uploads\/usu1660\/2023\/03\/Iniciem-la-segona-part-del-projecte-intergeneracional-CRENCO-1-min-768x432.jpg 768w, https:\/\/agora.xtec.cat\/iesfrancescmacia\/wp-content\/uploads\/usu1660\/2023\/03\/Iniciem-la-segona-part-del-projecte-intergeneracional-CRENCO-1-min-1536x864.jpg 1536w, https:\/\/agora.xtec.cat\/iesfrancescmacia\/wp-content\/uploads\/usu1660\/2023\/03\/Iniciem-la-segona-part-del-projecte-intergeneracional-CRENCO-1-min-2048x1152.jpg 2048w\" sizes=\"auto, (max-width: 1024px) 100vw, 1024px\" \/><\/a>\n\t\t\t<\/dt><\/dl>\n\t\t\t<br style='clear: both' \/>\n\t\t<\/div>\n\n<p>&nbsp;<\/p>\n","protected":false},"excerpt":{"rendered":"<p>El projecte intergeneracional CRENCO (Cr\u00e9ixer, envellir, compartir), en el qual participa l&#8217;alumnat de 4t d&#8217;ESO, comen\u00e7a la seva segona fase. Despr\u00e9s d&#8217;una primera part centrada en la m\u00fasica i les emocions, ara els protagonistes s\u00f3n els gossos d&#8217;intervenci\u00f3, i per descomptat, la gent gran de&hellip;  <a href=\"https:\/\/agora.xtec.cat\/iesfrancescmacia\/general\/iniciem-la-segona-part-del-projecte-intergeneracional-crenco\/\" title=\"Read Iniciem la segona part del projecte intergeneracional CRENCO\">Llegeix m\u00e9s\u00bb<\/a><\/p>\n","protected":false},"author":7,"featured_media":5727,"comment_status":"closed","ping_status":"closed","sticky":false,"template":"","format":"standard","meta":{"_bbp_topic_count":0,"_bbp_reply_count":0,"_bbp_total_topic_count":0,"_bbp_total_reply_count":0,"_bbp_voice_count":0,"_bbp_anonymous_reply_count":0,"_bbp_topic_count_hidden":0,"_bbp_reply_count_hidden":0,"_bbp_forum_subforum_count":0,"footnotes":""},"categories":[7,1,29,146],"tags":[858,857,336,767],"class_list":["post-5726","post","type-post","status-publish","format-standard","has-post-thumbnail","hentry","category-eso-4","category-general","category-portada","category-projectes","tag-gossos-dintervencio","tag-perruneando","tag-projecte-crenco","tag-projecte-daprenentatge-servei"],"post_mailing_queue_ids":[],"_links":{"self":[{"href":"https:\/\/agora.xtec.cat\/iesfrancescmacia\/wp-json\/wp\/v2\/posts\/5726","targetHints":{"allow":["GET"]}}],"collection":[{"href":"https:\/\/agora.xtec.cat\/iesfrancescmacia\/wp-json\/wp\/v2\/posts"}],"about":[{"href":"https:\/\/agora.xtec.cat\/iesfrancescmacia\/wp-json\/wp\/v2\/types\/post"}],"author":[{"embeddable":true,"href":"https:\/\/agora.xtec.cat\/iesfrancescmacia\/wp-json\/wp\/v2\/users\/7"}],"replies":[{"embeddable":true,"href":"https:\/\/agora.xtec.cat\/iesfrancescmacia\/wp-json\/wp\/v2\/comments?post=5726"}],"version-history":[{"count":1,"href":"https:\/\/agora.xtec.cat\/iesfrancescmacia\/wp-json\/wp\/v2\/posts\/5726\/revisions"}],"predecessor-version":[{"id":5732,"href":"https:\/\/agora.xtec.cat\/iesfrancescmacia\/wp-json\/wp\/v2\/posts\/5726\/revisions\/5732"}],"wp:featuredmedia":[{"embeddable":true,"href":"https:\/\/agora.xtec.cat\/iesfrancescmacia\/wp-json\/wp\/v2\/media\/5727"}],"wp:attachment":[{"href":"https:\/\/agora.xtec.cat\/iesfrancescmacia\/wp-json\/wp\/v2\/media?parent=5726"}],"wp:term":[{"taxonomy":"category","embeddable":true,"href":"https:\/\/agora.xtec.cat\/iesfrancescmacia\/wp-json\/wp\/v2\/categories?post=5726"},{"taxonomy":"post_tag","embeddable":true,"href":"https:\/\/agora.xtec.cat\/iesfrancescmacia\/wp-json\/wp\/v2\/tags?post=5726"}],"curies":[{"name":"wp","href":"https:\/\/api.w.org\/{rel}","templated":true}]}}