{"id":5596,"date":"2023-01-29T11:29:28","date_gmt":"2023-01-29T10:29:28","guid":{"rendered":"https:\/\/agora.xtec.cat\/iesfrancescmacia\/?p=5596"},"modified":"2023-01-29T11:29:28","modified_gmt":"2023-01-29T10:29:28","slug":"escrivim-lletres-i-tot-seguit-paraules","status":"publish","type":"post","link":"https:\/\/agora.xtec.cat\/iesfrancescmacia\/general\/escrivim-lletres-i-tot-seguit-paraules\/","title":{"rendered":"Escrivim lletres i, tot seguit, paraules"},"content":{"rendered":"<p>Ara us explicarem com treballem a l&#8217;<strong>Institut Francesc Maci\u00e0 de Cornell\u00e0<\/strong> per tal de <strong>promoure la lectura<\/strong> al nostre centre.<\/p>\n<p>L&#8217;alumnat espera a l&#8217;aula la rebuda: DE QUI? <strong>LES MALETES VIATGERES<\/strong>.<\/p>\n<p>\u00c9s <strong>una activitat que promou el PLA LECTOR<\/strong>, que hem engegat aquest curs 2022-23.<\/p>\n<p>S\u00f3n unes maletes amb llibres que viatgen a l&#8217;aula.<\/p>\n<p><img loading=\"lazy\" decoding=\"async\" class=\"alignright  wp-image-5598\" src=\"https:\/\/agora.xtec.cat\/iesfrancescmacia\/wp-content\/uploads\/usu1660\/2023\/01\/La-Maleta-Viatgera-2.png\" alt=\"\" width=\"245\" height=\"242\" srcset=\"https:\/\/agora.xtec.cat\/iesfrancescmacia\/wp-content\/uploads\/usu1660\/2023\/01\/La-Maleta-Viatgera-2.png 820w, https:\/\/agora.xtec.cat\/iesfrancescmacia\/wp-content\/uploads\/usu1660\/2023\/01\/La-Maleta-Viatgera-2-300x296.png 300w, https:\/\/agora.xtec.cat\/iesfrancescmacia\/wp-content\/uploads\/usu1660\/2023\/01\/La-Maleta-Viatgera-2-768x759.png 768w\" sizes=\"auto, (max-width: 245px) 100vw, 245px\" \/><\/p>\n<p><strong>Activitats que realitzem amb una MALETA VIATGERA:<\/strong><\/p>\n<ul>\n<li>S&#8217;inventen hist\u00f2ries barrejant temes de diversos llibres.<\/li>\n<li>Elaboren di\u00e0legs per treballar la tipologia textual: TEXT CONVERSACIONAL.<\/li>\n<li>Fan CROMOS dels personatges per tal de jugar a endevinar-los.<\/li>\n<li>Realitzen JEROGL\u00cdFICS dels indrets que surten al llibre.<\/li>\n<\/ul>\n<p>A m\u00e9s d&#8217;adquirir <strong>l&#8217;h\u00e0bit lector<\/strong>, tamb\u00e9, es treballen els <strong>valors<\/strong> mentre van llegint llibres de diversa tem\u00e0tica.<\/p>\n<p>Aquesta \u00e9s una <strong>proposta de dinamitzaci\u00f3 lectora<\/strong> adre\u00e7ada a l&#8217;alumnat del nostre centre. Les maletes viatgeres contenen una selecci\u00f3 de literatura juvenil per a treballar a l&#8217;aula amb l&#8217;objectiu que els joves aprenguin a ser m\u00e9s cr\u00edtics i lliures a l&#8217;hora d&#8217;escollir les seves lectures.<\/p>\n<p>\u00c9s clau que hi hagi <strong>connexi\u00f3: LECTOR i LLIBRE.<\/strong><\/p>\n<p>Amb la lectura, treballem els valors de l&#8217;amistat, el respecte i la multiculturalitat.<\/p>\n<p>Afirmem: \u201cSi llegeixen molt, entendran b\u00e9 els textos i redactaran correctament\u201d.<\/p>\n<p>Sempre s&#8217;ha dit i ho afirmo: <strong>\u201cLa LECTURA i l&#8217;ESCRIPTURA estan lligades\u201d<\/strong>.<\/p>\n<p>A partir de la lectura de llibres es poden treballar les <strong>diferents TIPOLOGIES TEXTUALS<\/strong>.<\/p>\n<p>Per concloure, ens hem adonat que aquesta activitat ha refor\u00e7at el gust de la lectura. <strong>De quina manera?<\/strong> Llegint el que els agrada i fent la tria de la tem\u00e0tica del seu inter\u00e8s.<\/p>\n<p><img loading=\"lazy\" decoding=\"async\" class=\"aligncenter  wp-image-5597\" src=\"https:\/\/agora.xtec.cat\/iesfrancescmacia\/wp-content\/uploads\/usu1660\/2023\/01\/La-Maleta-Viatgera-1024x490.png\" alt=\"\" width=\"652\" height=\"312\" srcset=\"https:\/\/agora.xtec.cat\/iesfrancescmacia\/wp-content\/uploads\/usu1660\/2023\/01\/La-Maleta-Viatgera-1024x490.png 1024w, https:\/\/agora.xtec.cat\/iesfrancescmacia\/wp-content\/uploads\/usu1660\/2023\/01\/La-Maleta-Viatgera-300x144.png 300w, https:\/\/agora.xtec.cat\/iesfrancescmacia\/wp-content\/uploads\/usu1660\/2023\/01\/La-Maleta-Viatgera-768x368.png 768w, https:\/\/agora.xtec.cat\/iesfrancescmacia\/wp-content\/uploads\/usu1660\/2023\/01\/La-Maleta-Viatgera.png 1283w\" sizes=\"auto, (max-width: 652px) 100vw, 652px\" \/><\/p>\n<p><strong>M. Carmen Molines Camps<\/strong><\/p>\n<p>Responsable de la Biblioteca<\/p>\n","protected":false},"excerpt":{"rendered":"<p>Ara us explicarem com treballem a l&#8217;Institut Francesc Maci\u00e0 de Cornell\u00e0 per tal de promoure la lectura al nostre centre.<br \/>\nL&#8217;alumnat espera a l&#8217;aula la rebuda: DE QUI? LES MALETES VIATGERES.<br \/>\n\u00c9s una activitat que promou el PLA LECTOR, que hem engegat aquest curs 2022-23.<br \/>\nS\u00f3n unes maletes&hellip;  <a href=\"https:\/\/agora.xtec.cat\/iesfrancescmacia\/general\/escrivim-lletres-i-tot-seguit-paraules\/\" title=\"Read Escrivim lletres i, tot seguit, paraules\">Llegeix m\u00e9s\u00bb<\/a><\/p>\n","protected":false},"author":7,"featured_media":5597,"comment_status":"closed","ping_status":"closed","sticky":false,"template":"","format":"standard","meta":{"_bbp_topic_count":0,"_bbp_reply_count":0,"_bbp_total_topic_count":0,"_bbp_total_reply_count":0,"_bbp_voice_count":0,"_bbp_anonymous_reply_count":0,"_bbp_topic_count_hidden":0,"_bbp_reply_count_hidden":0,"_bbp_forum_subforum_count":0,"footnotes":""},"categories":[191,1,29],"tags":[514,353,174],"class_list":["post-5596","post","type-post","status-publish","format-standard","has-post-thumbnail","hentry","category-biblioteca","category-general","category-portada","tag-biblioteca","tag-lectura","tag-maletes-viatgeres"],"post_mailing_queue_ids":[],"_links":{"self":[{"href":"https:\/\/agora.xtec.cat\/iesfrancescmacia\/wp-json\/wp\/v2\/posts\/5596","targetHints":{"allow":["GET"]}}],"collection":[{"href":"https:\/\/agora.xtec.cat\/iesfrancescmacia\/wp-json\/wp\/v2\/posts"}],"about":[{"href":"https:\/\/agora.xtec.cat\/iesfrancescmacia\/wp-json\/wp\/v2\/types\/post"}],"author":[{"embeddable":true,"href":"https:\/\/agora.xtec.cat\/iesfrancescmacia\/wp-json\/wp\/v2\/users\/7"}],"replies":[{"embeddable":true,"href":"https:\/\/agora.xtec.cat\/iesfrancescmacia\/wp-json\/wp\/v2\/comments?post=5596"}],"version-history":[{"count":1,"href":"https:\/\/agora.xtec.cat\/iesfrancescmacia\/wp-json\/wp\/v2\/posts\/5596\/revisions"}],"predecessor-version":[{"id":5599,"href":"https:\/\/agora.xtec.cat\/iesfrancescmacia\/wp-json\/wp\/v2\/posts\/5596\/revisions\/5599"}],"wp:featuredmedia":[{"embeddable":true,"href":"https:\/\/agora.xtec.cat\/iesfrancescmacia\/wp-json\/wp\/v2\/media\/5597"}],"wp:attachment":[{"href":"https:\/\/agora.xtec.cat\/iesfrancescmacia\/wp-json\/wp\/v2\/media?parent=5596"}],"wp:term":[{"taxonomy":"category","embeddable":true,"href":"https:\/\/agora.xtec.cat\/iesfrancescmacia\/wp-json\/wp\/v2\/categories?post=5596"},{"taxonomy":"post_tag","embeddable":true,"href":"https:\/\/agora.xtec.cat\/iesfrancescmacia\/wp-json\/wp\/v2\/tags?post=5596"}],"curies":[{"name":"wp","href":"https:\/\/api.w.org\/{rel}","templated":true}]}}