{"id":5546,"date":"2023-01-12T09:15:46","date_gmt":"2023-01-12T08:15:46","guid":{"rendered":"https:\/\/agora.xtec.cat\/iesfrancescmacia\/?p=5546"},"modified":"2023-01-12T09:15:46","modified_gmt":"2023-01-12T08:15:46","slug":"visita-a-la-colonia-guell-amb-4t-deso","status":"publish","type":"post","link":"https:\/\/agora.xtec.cat\/iesfrancescmacia\/general\/visita-a-la-colonia-guell-amb-4t-deso\/","title":{"rendered":"Visita a la Col\u00f2nia G\u00fcell amb 4t d&#8217;ESO"},"content":{"rendered":"<p>Un curs m\u00e9s, l&#8217;alumnat de 4t d&#8217;ESO visita la <a href=\"http:\/\/gaudicoloniaguell.org\/ca\/\">Col\u00f2nia G\u00fcell<\/a>, un conjunt industrial d\u2019origen modernista que transmet l\u2019atmosfera del segle XIX, encara present en els seus carrers. A la Col\u00f2nia G\u00fcell s\u2019hi conserva un important patrimoni hist\u00f2ric i art\u00edstic, amb<span style=\"font-family: inherit; font-size: 1em;\"> edificis singulars i de gran bellesa creats pels arquitectes modernistes de l\u2019\u00e8poca, entre ells la Cripta Gaud\u00ed.<\/span><\/p>\n<p><!--more--><\/p>\n\n\t\t<style type=\"text\/css\">\n\t\t\t#gallery-1 {\n\t\t\t\tmargin: auto;\n\t\t\t}\n\t\t\t#gallery-1 .gallery-item {\n\t\t\t\tfloat: left;\n\t\t\t\tmargin-top: 10px;\n\t\t\t\ttext-align: center;\n\t\t\t\twidth: 33%;\n\t\t\t}\n\t\t\t#gallery-1 img {\n\t\t\t\tborder: 2px solid #cfcfcf;\n\t\t\t}\n\t\t\t#gallery-1 .gallery-caption {\n\t\t\t\tmargin-left: 0;\n\t\t\t}\n\t\t\t\/* see gallery_shortcode() in wp-includes\/media.php *\/\n\t\t<\/style>\n\t\t<div id='gallery-1' class='gallery galleryid-5546 gallery-columns-3 gallery-size-large'><dl class='gallery-item'>\n\t\t\t<dt class='gallery-icon portrait'>\n\t\t\t\t<a href='https:\/\/agora.xtec.cat\/iesfrancescmacia\/wp-content\/uploads\/usu1660\/2023\/01\/Visita-a-la-colo\u0300nia-Gu\u0308ell-2023-3-min-scaled.jpeg'><img loading=\"lazy\" decoding=\"async\" width=\"768\" height=\"1024\" src=\"https:\/\/agora.xtec.cat\/iesfrancescmacia\/wp-content\/uploads\/usu1660\/2023\/01\/Visita-a-la-colo\u0300nia-Gu\u0308ell-2023-3-min-768x1024.jpeg\" class=\"attachment-large size-large\" alt=\"\" srcset=\"https:\/\/agora.xtec.cat\/iesfrancescmacia\/wp-content\/uploads\/usu1660\/2023\/01\/Visita-a-la-colo\u0300nia-Gu\u0308ell-2023-3-min-768x1024.jpeg 768w, https:\/\/agora.xtec.cat\/iesfrancescmacia\/wp-content\/uploads\/usu1660\/2023\/01\/Visita-a-la-colo\u0300nia-Gu\u0308ell-2023-3-min-225x300.jpeg 225w, https:\/\/agora.xtec.cat\/iesfrancescmacia\/wp-content\/uploads\/usu1660\/2023\/01\/Visita-a-la-colo\u0300nia-Gu\u0308ell-2023-3-min-1152x1536.jpeg 1152w, https:\/\/agora.xtec.cat\/iesfrancescmacia\/wp-content\/uploads\/usu1660\/2023\/01\/Visita-a-la-colo\u0300nia-Gu\u0308ell-2023-3-min-1536x2048.jpeg 1536w, https:\/\/agora.xtec.cat\/iesfrancescmacia\/wp-content\/uploads\/usu1660\/2023\/01\/Visita-a-la-colo\u0300nia-Gu\u0308ell-2023-3-min-scaled.jpeg 1920w\" sizes=\"auto, (max-width: 768px) 100vw, 768px\" \/><\/a>\n\t\t\t<\/dt><\/dl><dl class='gallery-item'>\n\t\t\t<dt class='gallery-icon landscape'>\n\t\t\t\t<a href='https:\/\/agora.xtec.cat\/iesfrancescmacia\/wp-content\/uploads\/usu1660\/2023\/01\/Visita-a-la-colo\u0300nia-Gu\u0308ell-2023-min-scaled.jpeg'><img loading=\"lazy\" decoding=\"async\" width=\"1024\" height=\"768\" src=\"https:\/\/agora.xtec.cat\/iesfrancescmacia\/wp-content\/uploads\/usu1660\/2023\/01\/Visita-a-la-colo\u0300nia-Gu\u0308ell-2023-min-1024x768.jpeg\" class=\"attachment-large size-large\" alt=\"\" srcset=\"https:\/\/agora.xtec.cat\/iesfrancescmacia\/wp-content\/uploads\/usu1660\/2023\/01\/Visita-a-la-colo\u0300nia-Gu\u0308ell-2023-min-1024x768.jpeg 1024w, https:\/\/agora.xtec.cat\/iesfrancescmacia\/wp-content\/uploads\/usu1660\/2023\/01\/Visita-a-la-colo\u0300nia-Gu\u0308ell-2023-min-300x225.jpeg 300w, https:\/\/agora.xtec.cat\/iesfrancescmacia\/wp-content\/uploads\/usu1660\/2023\/01\/Visita-a-la-colo\u0300nia-Gu\u0308ell-2023-min-768x576.jpeg 768w, https:\/\/agora.xtec.cat\/iesfrancescmacia\/wp-content\/uploads\/usu1660\/2023\/01\/Visita-a-la-colo\u0300nia-Gu\u0308ell-2023-min-1536x1152.jpeg 1536w, https:\/\/agora.xtec.cat\/iesfrancescmacia\/wp-content\/uploads\/usu1660\/2023\/01\/Visita-a-la-colo\u0300nia-Gu\u0308ell-2023-min-2048x1536.jpeg 2048w, https:\/\/agora.xtec.cat\/iesfrancescmacia\/wp-content\/uploads\/usu1660\/2023\/01\/Visita-a-la-colo\u0300nia-Gu\u0308ell-2023-min-200x150.jpeg 200w\" sizes=\"auto, (max-width: 1024px) 100vw, 1024px\" \/><\/a>\n\t\t\t<\/dt><\/dl><dl class='gallery-item'>\n\t\t\t<dt class='gallery-icon landscape'>\n\t\t\t\t<a href='https:\/\/agora.xtec.cat\/iesfrancescmacia\/wp-content\/uploads\/usu1660\/2023\/01\/Visita-a-la-colo\u0300nia-Gu\u0308ell-2023-2-min-scaled.jpeg'><img loading=\"lazy\" decoding=\"async\" width=\"1024\" height=\"768\" src=\"https:\/\/agora.xtec.cat\/iesfrancescmacia\/wp-content\/uploads\/usu1660\/2023\/01\/Visita-a-la-colo\u0300nia-Gu\u0308ell-2023-2-min-1024x768.jpeg\" class=\"attachment-large size-large\" alt=\"\" srcset=\"https:\/\/agora.xtec.cat\/iesfrancescmacia\/wp-content\/uploads\/usu1660\/2023\/01\/Visita-a-la-colo\u0300nia-Gu\u0308ell-2023-2-min-1024x768.jpeg 1024w, https:\/\/agora.xtec.cat\/iesfrancescmacia\/wp-content\/uploads\/usu1660\/2023\/01\/Visita-a-la-colo\u0300nia-Gu\u0308ell-2023-2-min-300x225.jpeg 300w, https:\/\/agora.xtec.cat\/iesfrancescmacia\/wp-content\/uploads\/usu1660\/2023\/01\/Visita-a-la-colo\u0300nia-Gu\u0308ell-2023-2-min-768x576.jpeg 768w, https:\/\/agora.xtec.cat\/iesfrancescmacia\/wp-content\/uploads\/usu1660\/2023\/01\/Visita-a-la-colo\u0300nia-Gu\u0308ell-2023-2-min-1536x1152.jpeg 1536w, https:\/\/agora.xtec.cat\/iesfrancescmacia\/wp-content\/uploads\/usu1660\/2023\/01\/Visita-a-la-colo\u0300nia-Gu\u0308ell-2023-2-min-2048x1536.jpeg 2048w, https:\/\/agora.xtec.cat\/iesfrancescmacia\/wp-content\/uploads\/usu1660\/2023\/01\/Visita-a-la-colo\u0300nia-Gu\u0308ell-2023-2-min-200x150.jpeg 200w\" sizes=\"auto, (max-width: 1024px) 100vw, 1024px\" \/><\/a>\n\t\t\t<\/dt><\/dl><br style=\"clear: both\" \/>\n\t\t<\/div>\n\n<p>&nbsp;<\/p>\n<div id=\"gtx-trans\" style=\"position: absolute; left: 25px; top: 109.781px;\">\n<div class=\"gtx-trans-icon\"><\/div>\n<\/div>\n","protected":false},"excerpt":{"rendered":"<p>Un curs m\u00e9s, l&#8217;alumnat de 4t d&#8217;ESO visita la <a href=\"http:\/\/gaudicoloniaguell.org\/ca\/\">Col\u00f2nia G\u00fcell<\/a>, un conjunt industrial d\u2019origen modernista que transmet l\u2019atmosfera del segle XIX, encara present en els seus carrers. A la Col\u00f2nia G\u00fcell s\u2019hi conserva un important patrimoni hist\u00f2ric i art\u00edstic, amb edificis singulars i&hellip;  <a href=\"https:\/\/agora.xtec.cat\/iesfrancescmacia\/general\/visita-a-la-colonia-guell-amb-4t-deso\/\" title=\"Read Visita a la Col\u00f2nia G\u00fcell amb 4t d&#8217;ESO\">Llegeix m\u00e9s\u00bb<\/a><\/p>\n","protected":false},"author":7,"featured_media":5547,"comment_status":"closed","ping_status":"closed","sticky":false,"template":"","format":"standard","meta":{"_bbp_topic_count":0,"_bbp_reply_count":0,"_bbp_total_topic_count":0,"_bbp_total_reply_count":0,"_bbp_voice_count":0,"_bbp_anonymous_reply_count":0,"_bbp_topic_count_hidden":0,"_bbp_reply_count_hidden":0,"_bbp_forum_subforum_count":0,"footnotes":""},"categories":[7,1,29,145],"tags":[501,129],"class_list":["post-5546","post","type-post","status-publish","format-standard","has-post-thumbnail","hentry","category-eso-4","category-general","category-portada","category-sortides","tag-colonia-guell","tag-historia"],"post_mailing_queue_ids":[],"_links":{"self":[{"href":"https:\/\/agora.xtec.cat\/iesfrancescmacia\/wp-json\/wp\/v2\/posts\/5546","targetHints":{"allow":["GET"]}}],"collection":[{"href":"https:\/\/agora.xtec.cat\/iesfrancescmacia\/wp-json\/wp\/v2\/posts"}],"about":[{"href":"https:\/\/agora.xtec.cat\/iesfrancescmacia\/wp-json\/wp\/v2\/types\/post"}],"author":[{"embeddable":true,"href":"https:\/\/agora.xtec.cat\/iesfrancescmacia\/wp-json\/wp\/v2\/users\/7"}],"replies":[{"embeddable":true,"href":"https:\/\/agora.xtec.cat\/iesfrancescmacia\/wp-json\/wp\/v2\/comments?post=5546"}],"version-history":[{"count":2,"href":"https:\/\/agora.xtec.cat\/iesfrancescmacia\/wp-json\/wp\/v2\/posts\/5546\/revisions"}],"predecessor-version":[{"id":5551,"href":"https:\/\/agora.xtec.cat\/iesfrancescmacia\/wp-json\/wp\/v2\/posts\/5546\/revisions\/5551"}],"wp:featuredmedia":[{"embeddable":true,"href":"https:\/\/agora.xtec.cat\/iesfrancescmacia\/wp-json\/wp\/v2\/media\/5547"}],"wp:attachment":[{"href":"https:\/\/agora.xtec.cat\/iesfrancescmacia\/wp-json\/wp\/v2\/media?parent=5546"}],"wp:term":[{"taxonomy":"category","embeddable":true,"href":"https:\/\/agora.xtec.cat\/iesfrancescmacia\/wp-json\/wp\/v2\/categories?post=5546"},{"taxonomy":"post_tag","embeddable":true,"href":"https:\/\/agora.xtec.cat\/iesfrancescmacia\/wp-json\/wp\/v2\/tags?post=5546"}],"curies":[{"name":"wp","href":"https:\/\/api.w.org\/{rel}","templated":true}]}}