{"id":5087,"date":"2022-05-31T13:17:40","date_gmt":"2022-05-31T11:17:40","guid":{"rendered":"https:\/\/agora.xtec.cat\/iesfrancescmacia\/?p=5087"},"modified":"2022-05-31T13:17:40","modified_gmt":"2022-05-31T11:17:40","slug":"intercanvi-amb-lille-franca-dies-1-2-i-3","status":"publish","type":"post","link":"https:\/\/agora.xtec.cat\/iesfrancescmacia\/general\/intercanvi-amb-lille-franca-dies-1-2-i-3\/","title":{"rendered":"Intercanvi amb Lille (Fran\u00e7a): Dies 1, 2 i 3"},"content":{"rendered":"<p><strong>Samedi 28<\/strong><\/p>\n<p>Ce samedi 28 mai, nous, les \u00e9l\u00e8ves de fran\u00e7ais de 4r de l&#8221; ESO, sommes partis en voyage Erasmus dans une ville qui s&#8217;appelle Loos pr\u00e8s de Lille au nord de la France.<\/p>\n<p>Nous sommes arriv\u00e9s vers 16 h \u00e0 la gare de Lille o\u00f9 nous attendaient les familles. Cela a \u00e9t\u00e9 une grande joie de retrouver nos correspondants.<\/p>\n<p>C&#8217;est ainsi que notre exp\u00e9rience commence.<\/p>\n<p><strong>Dimanche 29<\/strong><\/p>\n<p>Dimanche, c&#8217;\u00e9tait la f\u00eate des m\u00e8res en France. Chaque \u00e9l\u00e8ve \u00e9tait avec sa famille pour le c\u00e9l\u00e9brer, nous avons go\u00fbt\u00e9 la nourriture typique et c&#8217;\u00e9tait tr\u00e8s bon. Certains ont visit\u00e9 Lille, d&#8217;autres sont all\u00e9s dans un mus\u00e9e et d&#8217;autres encore sont rest\u00e9s \u00e0 Loos. C&#8217;\u00e9tait une journ\u00e9e merveilleuse pour apprendre \u00e0 conna\u00eetre la ville et les familles.<\/p>\n<p><strong>Lundi 30<\/strong><\/p>\n<p>Le troisi\u00e8me jour, nous sommes partis \u00e0 8 h 30 du matin pour visiter l&#8217;\u00e9cole de nos partenaires. Nous avons vu la cantine et ensuite nous sommes all\u00e9s visiter le lyc\u00e9e international qui compte 2000 \u00e9l\u00e8ves!!! Au lyc\u00e9e, nous avons eu une le\u00e7on de litt\u00e9rature fran\u00e7aise et plus tard, nous avons eu une conversation sur les possibilit\u00e9s de mobilit\u00e9 avec les professeurs du baccalaur\u00e9at l\u00e0-bas. C&#8217;\u00e9tait tr\u00e8s int\u00e9ressant. \u00c0 midi, nous sommes retourn\u00e9s \u00e0 la cantine de l&#8217;\u00e9cole pour le d\u00e9jeuner. Le repas \u00e9tait bon Enfin, l&#8217;apr\u00e8s-midi, Julie, une professeure du Lyc\u00e9e, nous a donn\u00e9 un cours de Zumba, c&#8217;\u00e9tait g\u00e9nial, pui nous sommes all\u00e9s dans un centre social o\u00f9 nous avons pu faire diff\u00e9rentes activit\u00e9s et jouer \u00e0 diff\u00e9rents jeux : ping-pong, billard, etc.<\/p>\n<p>Nous avons pass\u00e9 une journ\u00e9e g\u00e9niale.<\/p>\n\n\t\t<style type=\"text\/css\">\n\t\t\t#gallery-1 {\n\t\t\t\tmargin: auto;\n\t\t\t}\n\t\t\t#gallery-1 .gallery-item {\n\t\t\t\tfloat: left;\n\t\t\t\tmargin-top: 10px;\n\t\t\t\ttext-align: center;\n\t\t\t\twidth: 33%;\n\t\t\t}\n\t\t\t#gallery-1 img {\n\t\t\t\tborder: 2px solid #cfcfcf;\n\t\t\t}\n\t\t\t#gallery-1 .gallery-caption {\n\t\t\t\tmargin-left: 0;\n\t\t\t}\n\t\t\t\/* see gallery_shortcode() in wp-includes\/media.php *\/\n\t\t<\/style>\n\t\t<div id='gallery-1' class='gallery galleryid-5087 gallery-columns-3 gallery-size-large'><dl class='gallery-item'>\n\t\t\t<dt class='gallery-icon portrait'>\n\t\t\t\t<a href='https:\/\/agora.xtec.cat\/iesfrancescmacia\/wp-content\/uploads\/usu1660\/2022\/05\/Intercanvi-amb-Lille-1.jpeg'><img loading=\"lazy\" decoding=\"async\" width=\"576\" height=\"1024\" src=\"https:\/\/agora.xtec.cat\/iesfrancescmacia\/wp-content\/uploads\/usu1660\/2022\/05\/Intercanvi-amb-Lille-1-576x1024.jpeg\" class=\"attachment-large size-large\" alt=\"\" srcset=\"https:\/\/agora.xtec.cat\/iesfrancescmacia\/wp-content\/uploads\/usu1660\/2022\/05\/Intercanvi-amb-Lille-1-576x1024.jpeg 576w, https:\/\/agora.xtec.cat\/iesfrancescmacia\/wp-content\/uploads\/usu1660\/2022\/05\/Intercanvi-amb-Lille-1-169x300.jpeg 169w, https:\/\/agora.xtec.cat\/iesfrancescmacia\/wp-content\/uploads\/usu1660\/2022\/05\/Intercanvi-amb-Lille-1-768x1365.jpeg 768w, https:\/\/agora.xtec.cat\/iesfrancescmacia\/wp-content\/uploads\/usu1660\/2022\/05\/Intercanvi-amb-Lille-1-864x1536.jpeg 864w, https:\/\/agora.xtec.cat\/iesfrancescmacia\/wp-content\/uploads\/usu1660\/2022\/05\/Intercanvi-amb-Lille-1.jpeg 1080w\" sizes=\"auto, (max-width: 576px) 100vw, 576px\" \/><\/a>\n\t\t\t<\/dt><\/dl><dl class='gallery-item'>\n\t\t\t<dt class='gallery-icon portrait'>\n\t\t\t\t<a href='https:\/\/agora.xtec.cat\/iesfrancescmacia\/wp-content\/uploads\/usu1660\/2022\/05\/Intercanvi-amb-Lille-2.jpeg'><img loading=\"lazy\" decoding=\"async\" width=\"768\" height=\"1024\" src=\"https:\/\/agora.xtec.cat\/iesfrancescmacia\/wp-content\/uploads\/usu1660\/2022\/05\/Intercanvi-amb-Lille-2-768x1024.jpeg\" class=\"attachment-large size-large\" alt=\"\" srcset=\"https:\/\/agora.xtec.cat\/iesfrancescmacia\/wp-content\/uploads\/usu1660\/2022\/05\/Intercanvi-amb-Lille-2-768x1024.jpeg 768w, https:\/\/agora.xtec.cat\/iesfrancescmacia\/wp-content\/uploads\/usu1660\/2022\/05\/Intercanvi-amb-Lille-2-225x300.jpeg 225w, https:\/\/agora.xtec.cat\/iesfrancescmacia\/wp-content\/uploads\/usu1660\/2022\/05\/Intercanvi-amb-Lille-2-1152x1536.jpeg 1152w, https:\/\/agora.xtec.cat\/iesfrancescmacia\/wp-content\/uploads\/usu1660\/2022\/05\/Intercanvi-amb-Lille-2.jpeg 1200w\" sizes=\"auto, (max-width: 768px) 100vw, 768px\" \/><\/a>\n\t\t\t<\/dt><\/dl><dl class='gallery-item'>\n\t\t\t<dt class='gallery-icon landscape'>\n\t\t\t\t<a href='https:\/\/agora.xtec.cat\/iesfrancescmacia\/wp-content\/uploads\/usu1660\/2022\/05\/Intercanvi-amb-Lille-3.jpeg'><img loading=\"lazy\" decoding=\"async\" width=\"1024\" height=\"768\" src=\"https:\/\/agora.xtec.cat\/iesfrancescmacia\/wp-content\/uploads\/usu1660\/2022\/05\/Intercanvi-amb-Lille-3.jpeg\" class=\"attachment-large size-large\" alt=\"\" srcset=\"https:\/\/agora.xtec.cat\/iesfrancescmacia\/wp-content\/uploads\/usu1660\/2022\/05\/Intercanvi-amb-Lille-3.jpeg 1024w, https:\/\/agora.xtec.cat\/iesfrancescmacia\/wp-content\/uploads\/usu1660\/2022\/05\/Intercanvi-amb-Lille-3-300x225.jpeg 300w, https:\/\/agora.xtec.cat\/iesfrancescmacia\/wp-content\/uploads\/usu1660\/2022\/05\/Intercanvi-amb-Lille-3-768x576.jpeg 768w, https:\/\/agora.xtec.cat\/iesfrancescmacia\/wp-content\/uploads\/usu1660\/2022\/05\/Intercanvi-amb-Lille-3-200x150.jpeg 200w\" sizes=\"auto, (max-width: 1024px) 100vw, 1024px\" \/><\/a>\n\t\t\t<\/dt><\/dl><br style=\"clear: both\" \/>\n\t\t<\/div>\n\n<p>&nbsp;<\/p>\n","protected":false},"excerpt":{"rendered":"<p>Samedi 28<br \/>\nCe samedi 28 mai, nous, les \u00e9l\u00e8ves de fran\u00e7ais de 4r de l&#8221; ESO, sommes partis en voyage Erasmus dans une ville qui s&#8217;appelle Loos pr\u00e8s de Lille au nord de la France.<br \/>\nNous sommes arriv\u00e9s vers 16 h \u00e0 la gare de Lille o\u00f9&hellip;  <a href=\"https:\/\/agora.xtec.cat\/iesfrancescmacia\/general\/intercanvi-amb-lille-franca-dies-1-2-i-3\/\" title=\"Read Intercanvi amb Lille (Fran\u00e7a): Dies 1, 2 i 3\">Llegeix m\u00e9s\u00bb<\/a><\/p>\n","protected":false},"author":7,"featured_media":5088,"comment_status":"closed","ping_status":"closed","sticky":false,"template":"","format":"standard","meta":{"_bbp_topic_count":0,"_bbp_reply_count":0,"_bbp_total_topic_count":0,"_bbp_total_reply_count":0,"_bbp_voice_count":0,"_bbp_anonymous_reply_count":0,"_bbp_topic_count_hidden":0,"_bbp_reply_count_hidden":0,"_bbp_forum_subforum_count":0,"footnotes":""},"categories":[7,1,29,146,145],"tags":[111,389,792],"class_list":["post-5087","post","type-post","status-publish","format-standard","has-post-thumbnail","hentry","category-eso-4","category-general","category-portada","category-projectes","category-sortides","tag-erasmus","tag-frances","tag-lille"],"post_mailing_queue_ids":[],"_links":{"self":[{"href":"https:\/\/agora.xtec.cat\/iesfrancescmacia\/wp-json\/wp\/v2\/posts\/5087","targetHints":{"allow":["GET"]}}],"collection":[{"href":"https:\/\/agora.xtec.cat\/iesfrancescmacia\/wp-json\/wp\/v2\/posts"}],"about":[{"href":"https:\/\/agora.xtec.cat\/iesfrancescmacia\/wp-json\/wp\/v2\/types\/post"}],"author":[{"embeddable":true,"href":"https:\/\/agora.xtec.cat\/iesfrancescmacia\/wp-json\/wp\/v2\/users\/7"}],"replies":[{"embeddable":true,"href":"https:\/\/agora.xtec.cat\/iesfrancescmacia\/wp-json\/wp\/v2\/comments?post=5087"}],"version-history":[{"count":1,"href":"https:\/\/agora.xtec.cat\/iesfrancescmacia\/wp-json\/wp\/v2\/posts\/5087\/revisions"}],"predecessor-version":[{"id":5091,"href":"https:\/\/agora.xtec.cat\/iesfrancescmacia\/wp-json\/wp\/v2\/posts\/5087\/revisions\/5091"}],"wp:featuredmedia":[{"embeddable":true,"href":"https:\/\/agora.xtec.cat\/iesfrancescmacia\/wp-json\/wp\/v2\/media\/5088"}],"wp:attachment":[{"href":"https:\/\/agora.xtec.cat\/iesfrancescmacia\/wp-json\/wp\/v2\/media?parent=5087"}],"wp:term":[{"taxonomy":"category","embeddable":true,"href":"https:\/\/agora.xtec.cat\/iesfrancescmacia\/wp-json\/wp\/v2\/categories?post=5087"},{"taxonomy":"post_tag","embeddable":true,"href":"https:\/\/agora.xtec.cat\/iesfrancescmacia\/wp-json\/wp\/v2\/tags?post=5087"}],"curies":[{"name":"wp","href":"https:\/\/api.w.org\/{rel}","templated":true}]}}