{"id":4652,"date":"2022-02-23T07:43:48","date_gmt":"2022-02-23T06:43:48","guid":{"rendered":"https:\/\/agora.xtec.cat\/iesfrancescmacia\/?p=4652"},"modified":"2022-02-23T07:43:48","modified_gmt":"2022-02-23T06:43:48","slug":"sortida-intergeneracional-visita-idaea-csic-cloenda-projectenano","status":"publish","type":"post","link":"https:\/\/agora.xtec.cat\/iesfrancescmacia\/general\/sortida-intergeneracional-visita-idaea-csic-cloenda-projectenano\/","title":{"rendered":"Sortida intergeneracional \u2013 Visita IDAEA-CSIC \u2013 Cloenda projectenano"},"content":{"rendered":"<p>Benvolgudes fam\u00edlies i amics!!<\/p>\n<p>Tal com us vam avan\u00e7ar la passada setmana i amb la pinzellada d\u2019aquest mat\u00ed a les xarxes, us explicarem una mica el que han fet aquest mat\u00ed i fins a les dues de la tarda aquest grup intergeneracional de l\u2019Institut Francesc Maci\u00e0 \u2013 Casal de gent gran Gavarra.<\/p>\n<p><strong>Sortida del intergeneracional \u2013 Visita IDAEA-CSIC<\/strong><\/p>\n<p>El centre acull dos instituts de recerca del CSIC: l\u2019Institut de Qu\u00edmica Avan\u00e7ada de Catalunya (IQAC-CSIC) i l\u2019Institut de Diagn\u00f2stic Ambiental i Estudis de l\u2019Aigua.<\/p>\n<p>Els visitants en arribar han acudit a la sala d\u2019actes on el director\/a dels instituts, IQAC i IDAEA, els han donat la benvinguda. Tot seguit s\u2019han fet 4 grups que han estat acompanyats cada d\u2019un per una\/un professional del centre i ens han portat a con\u00e8ixer com s\u00f3n i que treballen als seg\u00fcents espais els equips d\u2019investigaci\u00f3, grans equips que ens han fet sentir com a casa i ens han aportat molt\u00edssims coneixents.<\/p>\n<ul>\n<li>Visita al Laboratori de Nanobiotecnologia per al Diagn\u00f2stic \u2013 IQAC-CSIC.<\/li>\n<li>Visita al Laboratori de Biof\u00edsica de L\u00edpids i Interfases \u2013 IQAC-CSIC.<\/li>\n<li>Visita a la cabina de mesurament de contaminants atmosf\u00e8rics \u2013IDAEA-CSIC.<\/li>\n<li>Visita a l\u2019animalari.<\/li>\n<li>Art-Ambient \u2013 Art, ci\u00e8ncia i g\u00e8nere.<\/li>\n<\/ul>\n<p>En acabar la visita junts ens hem fet una foto de grup per recordar aquest fant\u00e0stic moment.<\/p>\n<p>Tot seguit el grup intergeneracional els tutor\/a del centre educatiu i la coordinadora hem anat a visitar els Jardins del Palacio Pedralbes i all\u00e0 hem fet una activitat de grup anomenada \u201cTeixim la xarxa\u201d. Alumnes , gent gran i professors havien de compartir una fortalesa i despr\u00e9s llen\u00e7a el fil a un altre company fins que al final s\u2019ha format una gran xarxa de fil groc (color que representa l\u2019amistat), en la que tot el grup ha quedat conectat.<\/p>\n<p>Un final de projecte que estem segurs que ens quedar\u00e0 al record.<\/p>\n<p>Des de CRENCO i en nom de totes les persones que avui us hem visitat, GR\u00c0CIES!! a tots els professionals del CSIC, IDAEA per la vostra dedicaci\u00f3, amabilitat i hospitalitat. Es increible tot el treball que feu!<\/p>\n\n\t\t<style type=\"text\/css\">\n\t\t\t#gallery-1 {\n\t\t\t\tmargin: auto;\n\t\t\t}\n\t\t\t#gallery-1 .gallery-item {\n\t\t\t\tfloat: left;\n\t\t\t\tmargin-top: 10px;\n\t\t\t\ttext-align: center;\n\t\t\t\twidth: 25%;\n\t\t\t}\n\t\t\t#gallery-1 img {\n\t\t\t\tborder: 2px solid #cfcfcf;\n\t\t\t}\n\t\t\t#gallery-1 .gallery-caption {\n\t\t\t\tmargin-left: 0;\n\t\t\t}\n\t\t\t\/* see gallery_shortcode() in wp-includes\/media.php *\/\n\t\t<\/style>\n\t\t<div id='gallery-1' class='gallery galleryid-4652 gallery-columns-4 gallery-size-large'><dl class='gallery-item'>\n\t\t\t<dt class='gallery-icon landscape'>\n\t\t\t\t<a href='https:\/\/agora.xtec.cat\/iesfrancescmacia\/wp-content\/uploads\/usu1660\/2022\/02\/CRENCO-2021-2022-8.jpg'><img loading=\"lazy\" decoding=\"async\" width=\"1024\" height=\"768\" src=\"https:\/\/agora.xtec.cat\/iesfrancescmacia\/wp-content\/uploads\/usu1660\/2022\/02\/CRENCO-2021-2022-8-1024x768.jpg\" class=\"attachment-large size-large\" alt=\"\" srcset=\"https:\/\/agora.xtec.cat\/iesfrancescmacia\/wp-content\/uploads\/usu1660\/2022\/02\/CRENCO-2021-2022-8-1024x768.jpg 1024w, https:\/\/agora.xtec.cat\/iesfrancescmacia\/wp-content\/uploads\/usu1660\/2022\/02\/CRENCO-2021-2022-8-300x225.jpg 300w, https:\/\/agora.xtec.cat\/iesfrancescmacia\/wp-content\/uploads\/usu1660\/2022\/02\/CRENCO-2021-2022-8-768x576.jpg 768w, https:\/\/agora.xtec.cat\/iesfrancescmacia\/wp-content\/uploads\/usu1660\/2022\/02\/CRENCO-2021-2022-8-1536x1152.jpg 1536w, https:\/\/agora.xtec.cat\/iesfrancescmacia\/wp-content\/uploads\/usu1660\/2022\/02\/CRENCO-2021-2022-8-200x150.jpg 200w, https:\/\/agora.xtec.cat\/iesfrancescmacia\/wp-content\/uploads\/usu1660\/2022\/02\/CRENCO-2021-2022-8.jpg 2048w\" sizes=\"auto, (max-width: 1024px) 100vw, 1024px\" \/><\/a>\n\t\t\t<\/dt><\/dl><dl class='gallery-item'>\n\t\t\t<dt class='gallery-icon landscape'>\n\t\t\t\t<a href='https:\/\/agora.xtec.cat\/iesfrancescmacia\/wp-content\/uploads\/usu1660\/2022\/02\/CRENCO-2021-2022-7.jpg'><img loading=\"lazy\" decoding=\"async\" width=\"1024\" height=\"768\" src=\"https:\/\/agora.xtec.cat\/iesfrancescmacia\/wp-content\/uploads\/usu1660\/2022\/02\/CRENCO-2021-2022-7-1024x768.jpg\" class=\"attachment-large size-large\" alt=\"\" srcset=\"https:\/\/agora.xtec.cat\/iesfrancescmacia\/wp-content\/uploads\/usu1660\/2022\/02\/CRENCO-2021-2022-7-1024x768.jpg 1024w, https:\/\/agora.xtec.cat\/iesfrancescmacia\/wp-content\/uploads\/usu1660\/2022\/02\/CRENCO-2021-2022-7-300x225.jpg 300w, https:\/\/agora.xtec.cat\/iesfrancescmacia\/wp-content\/uploads\/usu1660\/2022\/02\/CRENCO-2021-2022-7-768x576.jpg 768w, https:\/\/agora.xtec.cat\/iesfrancescmacia\/wp-content\/uploads\/usu1660\/2022\/02\/CRENCO-2021-2022-7-1536x1152.jpg 1536w, https:\/\/agora.xtec.cat\/iesfrancescmacia\/wp-content\/uploads\/usu1660\/2022\/02\/CRENCO-2021-2022-7-200x150.jpg 200w, https:\/\/agora.xtec.cat\/iesfrancescmacia\/wp-content\/uploads\/usu1660\/2022\/02\/CRENCO-2021-2022-7.jpg 1600w\" sizes=\"auto, (max-width: 1024px) 100vw, 1024px\" \/><\/a>\n\t\t\t<\/dt><\/dl><dl class='gallery-item'>\n\t\t\t<dt class='gallery-icon landscape'>\n\t\t\t\t<a href='https:\/\/agora.xtec.cat\/iesfrancescmacia\/wp-content\/uploads\/usu1660\/2022\/02\/CRENCO-2021-2022-6.jpg'><img loading=\"lazy\" decoding=\"async\" width=\"1024\" height=\"768\" src=\"https:\/\/agora.xtec.cat\/iesfrancescmacia\/wp-content\/uploads\/usu1660\/2022\/02\/CRENCO-2021-2022-6-1024x768.jpg\" class=\"attachment-large size-large\" alt=\"\" srcset=\"https:\/\/agora.xtec.cat\/iesfrancescmacia\/wp-content\/uploads\/usu1660\/2022\/02\/CRENCO-2021-2022-6-1024x768.jpg 1024w, https:\/\/agora.xtec.cat\/iesfrancescmacia\/wp-content\/uploads\/usu1660\/2022\/02\/CRENCO-2021-2022-6-300x225.jpg 300w, https:\/\/agora.xtec.cat\/iesfrancescmacia\/wp-content\/uploads\/usu1660\/2022\/02\/CRENCO-2021-2022-6-768x576.jpg 768w, https:\/\/agora.xtec.cat\/iesfrancescmacia\/wp-content\/uploads\/usu1660\/2022\/02\/CRENCO-2021-2022-6-1536x1152.jpg 1536w, https:\/\/agora.xtec.cat\/iesfrancescmacia\/wp-content\/uploads\/usu1660\/2022\/02\/CRENCO-2021-2022-6-200x150.jpg 200w, https:\/\/agora.xtec.cat\/iesfrancescmacia\/wp-content\/uploads\/usu1660\/2022\/02\/CRENCO-2021-2022-6.jpg 1600w\" sizes=\"auto, (max-width: 1024px) 100vw, 1024px\" \/><\/a>\n\t\t\t<\/dt><\/dl><dl class='gallery-item'>\n\t\t\t<dt class='gallery-icon landscape'>\n\t\t\t\t<a href='https:\/\/agora.xtec.cat\/iesfrancescmacia\/wp-content\/uploads\/usu1660\/2022\/02\/CRENCO-2021-2022-5.jpg'><img loading=\"lazy\" decoding=\"async\" width=\"1024\" height=\"768\" src=\"https:\/\/agora.xtec.cat\/iesfrancescmacia\/wp-content\/uploads\/usu1660\/2022\/02\/CRENCO-2021-2022-5-1024x768.jpg\" class=\"attachment-large size-large\" alt=\"\" srcset=\"https:\/\/agora.xtec.cat\/iesfrancescmacia\/wp-content\/uploads\/usu1660\/2022\/02\/CRENCO-2021-2022-5-1024x768.jpg 1024w, https:\/\/agora.xtec.cat\/iesfrancescmacia\/wp-content\/uploads\/usu1660\/2022\/02\/CRENCO-2021-2022-5-300x225.jpg 300w, https:\/\/agora.xtec.cat\/iesfrancescmacia\/wp-content\/uploads\/usu1660\/2022\/02\/CRENCO-2021-2022-5-768x576.jpg 768w, https:\/\/agora.xtec.cat\/iesfrancescmacia\/wp-content\/uploads\/usu1660\/2022\/02\/CRENCO-2021-2022-5-1536x1152.jpg 1536w, https:\/\/agora.xtec.cat\/iesfrancescmacia\/wp-content\/uploads\/usu1660\/2022\/02\/CRENCO-2021-2022-5-200x150.jpg 200w, https:\/\/agora.xtec.cat\/iesfrancescmacia\/wp-content\/uploads\/usu1660\/2022\/02\/CRENCO-2021-2022-5.jpg 1600w\" sizes=\"auto, (max-width: 1024px) 100vw, 1024px\" \/><\/a>\n\t\t\t<\/dt><\/dl><br style=\"clear: both\" \/><dl class='gallery-item'>\n\t\t\t<dt class='gallery-icon landscape'>\n\t\t\t\t<a href='https:\/\/agora.xtec.cat\/iesfrancescmacia\/wp-content\/uploads\/usu1660\/2022\/02\/CRENCO-2021-2022-4.jpg'><img loading=\"lazy\" decoding=\"async\" width=\"1024\" height=\"768\" src=\"https:\/\/agora.xtec.cat\/iesfrancescmacia\/wp-content\/uploads\/usu1660\/2022\/02\/CRENCO-2021-2022-4-1024x768.jpg\" class=\"attachment-large size-large\" alt=\"\" srcset=\"https:\/\/agora.xtec.cat\/iesfrancescmacia\/wp-content\/uploads\/usu1660\/2022\/02\/CRENCO-2021-2022-4-1024x768.jpg 1024w, https:\/\/agora.xtec.cat\/iesfrancescmacia\/wp-content\/uploads\/usu1660\/2022\/02\/CRENCO-2021-2022-4-300x225.jpg 300w, https:\/\/agora.xtec.cat\/iesfrancescmacia\/wp-content\/uploads\/usu1660\/2022\/02\/CRENCO-2021-2022-4-768x576.jpg 768w, https:\/\/agora.xtec.cat\/iesfrancescmacia\/wp-content\/uploads\/usu1660\/2022\/02\/CRENCO-2021-2022-4-1536x1152.jpg 1536w, https:\/\/agora.xtec.cat\/iesfrancescmacia\/wp-content\/uploads\/usu1660\/2022\/02\/CRENCO-2021-2022-4-200x150.jpg 200w, https:\/\/agora.xtec.cat\/iesfrancescmacia\/wp-content\/uploads\/usu1660\/2022\/02\/CRENCO-2021-2022-4.jpg 1600w\" sizes=\"auto, (max-width: 1024px) 100vw, 1024px\" \/><\/a>\n\t\t\t<\/dt><\/dl><dl class='gallery-item'>\n\t\t\t<dt class='gallery-icon landscape'>\n\t\t\t\t<a href='https:\/\/agora.xtec.cat\/iesfrancescmacia\/wp-content\/uploads\/usu1660\/2022\/02\/CRENCO-2021-2022-3.jpg'><img loading=\"lazy\" decoding=\"async\" width=\"1024\" height=\"768\" src=\"https:\/\/agora.xtec.cat\/iesfrancescmacia\/wp-content\/uploads\/usu1660\/2022\/02\/CRENCO-2021-2022-3-1024x768.jpg\" class=\"attachment-large size-large\" alt=\"\" srcset=\"https:\/\/agora.xtec.cat\/iesfrancescmacia\/wp-content\/uploads\/usu1660\/2022\/02\/CRENCO-2021-2022-3-1024x768.jpg 1024w, https:\/\/agora.xtec.cat\/iesfrancescmacia\/wp-content\/uploads\/usu1660\/2022\/02\/CRENCO-2021-2022-3-300x225.jpg 300w, https:\/\/agora.xtec.cat\/iesfrancescmacia\/wp-content\/uploads\/usu1660\/2022\/02\/CRENCO-2021-2022-3-768x576.jpg 768w, https:\/\/agora.xtec.cat\/iesfrancescmacia\/wp-content\/uploads\/usu1660\/2022\/02\/CRENCO-2021-2022-3-1536x1152.jpg 1536w, https:\/\/agora.xtec.cat\/iesfrancescmacia\/wp-content\/uploads\/usu1660\/2022\/02\/CRENCO-2021-2022-3-200x150.jpg 200w, https:\/\/agora.xtec.cat\/iesfrancescmacia\/wp-content\/uploads\/usu1660\/2022\/02\/CRENCO-2021-2022-3.jpg 1600w\" sizes=\"auto, (max-width: 1024px) 100vw, 1024px\" \/><\/a>\n\t\t\t<\/dt><\/dl><dl class='gallery-item'>\n\t\t\t<dt class='gallery-icon landscape'>\n\t\t\t\t<a href='https:\/\/agora.xtec.cat\/iesfrancescmacia\/wp-content\/uploads\/usu1660\/2022\/02\/CRENCO-2021-2022-2.jpg'><img loading=\"lazy\" decoding=\"async\" width=\"1024\" height=\"768\" src=\"https:\/\/agora.xtec.cat\/iesfrancescmacia\/wp-content\/uploads\/usu1660\/2022\/02\/CRENCO-2021-2022-2-1024x768.jpg\" class=\"attachment-large size-large\" alt=\"\" srcset=\"https:\/\/agora.xtec.cat\/iesfrancescmacia\/wp-content\/uploads\/usu1660\/2022\/02\/CRENCO-2021-2022-2-1024x768.jpg 1024w, https:\/\/agora.xtec.cat\/iesfrancescmacia\/wp-content\/uploads\/usu1660\/2022\/02\/CRENCO-2021-2022-2-300x225.jpg 300w, https:\/\/agora.xtec.cat\/iesfrancescmacia\/wp-content\/uploads\/usu1660\/2022\/02\/CRENCO-2021-2022-2-768x576.jpg 768w, https:\/\/agora.xtec.cat\/iesfrancescmacia\/wp-content\/uploads\/usu1660\/2022\/02\/CRENCO-2021-2022-2-1536x1152.jpg 1536w, https:\/\/agora.xtec.cat\/iesfrancescmacia\/wp-content\/uploads\/usu1660\/2022\/02\/CRENCO-2021-2022-2-200x150.jpg 200w, https:\/\/agora.xtec.cat\/iesfrancescmacia\/wp-content\/uploads\/usu1660\/2022\/02\/CRENCO-2021-2022-2.jpg 2000w\" sizes=\"auto, (max-width: 1024px) 100vw, 1024px\" \/><\/a>\n\t\t\t<\/dt><\/dl><dl class='gallery-item'>\n\t\t\t<dt class='gallery-icon landscape'>\n\t\t\t\t<a href='https:\/\/agora.xtec.cat\/iesfrancescmacia\/wp-content\/uploads\/usu1660\/2022\/02\/CRENCO-2021-2022-1.jpg'><img loading=\"lazy\" decoding=\"async\" width=\"1024\" height=\"768\" src=\"https:\/\/agora.xtec.cat\/iesfrancescmacia\/wp-content\/uploads\/usu1660\/2022\/02\/CRENCO-2021-2022-1-1024x768.jpg\" class=\"attachment-large size-large\" alt=\"\" srcset=\"https:\/\/agora.xtec.cat\/iesfrancescmacia\/wp-content\/uploads\/usu1660\/2022\/02\/CRENCO-2021-2022-1-1024x768.jpg 1024w, https:\/\/agora.xtec.cat\/iesfrancescmacia\/wp-content\/uploads\/usu1660\/2022\/02\/CRENCO-2021-2022-1-300x225.jpg 300w, https:\/\/agora.xtec.cat\/iesfrancescmacia\/wp-content\/uploads\/usu1660\/2022\/02\/CRENCO-2021-2022-1-768x576.jpg 768w, https:\/\/agora.xtec.cat\/iesfrancescmacia\/wp-content\/uploads\/usu1660\/2022\/02\/CRENCO-2021-2022-1-1536x1152.jpg 1536w, https:\/\/agora.xtec.cat\/iesfrancescmacia\/wp-content\/uploads\/usu1660\/2022\/02\/CRENCO-2021-2022-1-200x150.jpg 200w, https:\/\/agora.xtec.cat\/iesfrancescmacia\/wp-content\/uploads\/usu1660\/2022\/02\/CRENCO-2021-2022-1.jpg 2000w\" sizes=\"auto, (max-width: 1024px) 100vw, 1024px\" \/><\/a>\n\t\t\t<\/dt><\/dl><br style=\"clear: both\" \/><dl class='gallery-item'>\n\t\t\t<dt class='gallery-icon landscape'>\n\t\t\t\t<a href='https:\/\/agora.xtec.cat\/iesfrancescmacia\/wp-content\/uploads\/usu1660\/2022\/02\/CRENCO-2021-2022-12.jpg'><img loading=\"lazy\" decoding=\"async\" width=\"640\" height=\"480\" src=\"https:\/\/agora.xtec.cat\/iesfrancescmacia\/wp-content\/uploads\/usu1660\/2022\/02\/CRENCO-2021-2022-12.jpg\" class=\"attachment-large size-large\" alt=\"\" srcset=\"https:\/\/agora.xtec.cat\/iesfrancescmacia\/wp-content\/uploads\/usu1660\/2022\/02\/CRENCO-2021-2022-12.jpg 640w, https:\/\/agora.xtec.cat\/iesfrancescmacia\/wp-content\/uploads\/usu1660\/2022\/02\/CRENCO-2021-2022-12-300x225.jpg 300w, https:\/\/agora.xtec.cat\/iesfrancescmacia\/wp-content\/uploads\/usu1660\/2022\/02\/CRENCO-2021-2022-12-200x150.jpg 200w\" sizes=\"auto, (max-width: 640px) 100vw, 640px\" \/><\/a>\n\t\t\t<\/dt><\/dl><dl class='gallery-item'>\n\t\t\t<dt class='gallery-icon landscape'>\n\t\t\t\t<a href='https:\/\/agora.xtec.cat\/iesfrancescmacia\/wp-content\/uploads\/usu1660\/2022\/02\/CRENCO-2021-2022-11.jpg'><img loading=\"lazy\" decoding=\"async\" width=\"640\" height=\"480\" src=\"https:\/\/agora.xtec.cat\/iesfrancescmacia\/wp-content\/uploads\/usu1660\/2022\/02\/CRENCO-2021-2022-11.jpg\" class=\"attachment-large size-large\" alt=\"\" srcset=\"https:\/\/agora.xtec.cat\/iesfrancescmacia\/wp-content\/uploads\/usu1660\/2022\/02\/CRENCO-2021-2022-11.jpg 640w, https:\/\/agora.xtec.cat\/iesfrancescmacia\/wp-content\/uploads\/usu1660\/2022\/02\/CRENCO-2021-2022-11-300x225.jpg 300w, https:\/\/agora.xtec.cat\/iesfrancescmacia\/wp-content\/uploads\/usu1660\/2022\/02\/CRENCO-2021-2022-11-200x150.jpg 200w\" sizes=\"auto, (max-width: 640px) 100vw, 640px\" \/><\/a>\n\t\t\t<\/dt><\/dl><dl class='gallery-item'>\n\t\t\t<dt class='gallery-icon landscape'>\n\t\t\t\t<a href='https:\/\/agora.xtec.cat\/iesfrancescmacia\/wp-content\/uploads\/usu1660\/2022\/02\/CRENCO-2021-2022-9.jpg'><img loading=\"lazy\" decoding=\"async\" width=\"640\" height=\"480\" src=\"https:\/\/agora.xtec.cat\/iesfrancescmacia\/wp-content\/uploads\/usu1660\/2022\/02\/CRENCO-2021-2022-9.jpg\" class=\"attachment-large size-large\" alt=\"\" srcset=\"https:\/\/agora.xtec.cat\/iesfrancescmacia\/wp-content\/uploads\/usu1660\/2022\/02\/CRENCO-2021-2022-9.jpg 640w, https:\/\/agora.xtec.cat\/iesfrancescmacia\/wp-content\/uploads\/usu1660\/2022\/02\/CRENCO-2021-2022-9-300x225.jpg 300w, https:\/\/agora.xtec.cat\/iesfrancescmacia\/wp-content\/uploads\/usu1660\/2022\/02\/CRENCO-2021-2022-9-200x150.jpg 200w\" sizes=\"auto, (max-width: 640px) 100vw, 640px\" \/><\/a>\n\t\t\t<\/dt><\/dl><dl class='gallery-item'>\n\t\t\t<dt class='gallery-icon portrait'>\n\t\t\t\t<a href='https:\/\/agora.xtec.cat\/iesfrancescmacia\/wp-content\/uploads\/usu1660\/2022\/02\/CRENCO-2021-2022-10.jpg'><img loading=\"lazy\" decoding=\"async\" width=\"480\" height=\"640\" src=\"https:\/\/agora.xtec.cat\/iesfrancescmacia\/wp-content\/uploads\/usu1660\/2022\/02\/CRENCO-2021-2022-10.jpg\" class=\"attachment-large size-large\" alt=\"\" srcset=\"https:\/\/agora.xtec.cat\/iesfrancescmacia\/wp-content\/uploads\/usu1660\/2022\/02\/CRENCO-2021-2022-10.jpg 480w, https:\/\/agora.xtec.cat\/iesfrancescmacia\/wp-content\/uploads\/usu1660\/2022\/02\/CRENCO-2021-2022-10-225x300.jpg 225w\" sizes=\"auto, (max-width: 480px) 100vw, 480px\" \/><\/a>\n\t\t\t<\/dt><\/dl><br style=\"clear: both\" \/>\n\t\t<\/div>\n\n","protected":false},"excerpt":{"rendered":"<p>Benvolgudes fam\u00edlies i amics!!<br \/>\nTal com us vam avan\u00e7ar la passada setmana i amb la pinzellada d\u2019aquest mat\u00ed a les xarxes, us explicarem una mica el que han fet aquest mat\u00ed i fins a les dues de la tarda aquest grup intergeneracional de l\u2019Institut Francesc Maci\u00e0&hellip;  <a href=\"https:\/\/agora.xtec.cat\/iesfrancescmacia\/general\/sortida-intergeneracional-visita-idaea-csic-cloenda-projectenano\/\" title=\"Read Sortida intergeneracional \u2013 Visita IDAEA-CSIC \u2013 Cloenda projectenano\">Llegeix m\u00e9s\u00bb<\/a><\/p>\n","protected":false},"author":7,"featured_media":4658,"comment_status":"closed","ping_status":"closed","sticky":false,"template":"","format":"standard","meta":{"_bbp_topic_count":0,"_bbp_reply_count":0,"_bbp_total_topic_count":0,"_bbp_total_reply_count":0,"_bbp_voice_count":0,"_bbp_anonymous_reply_count":0,"_bbp_topic_count_hidden":0,"_bbp_reply_count_hidden":0,"_bbp_forum_subforum_count":0,"footnotes":""},"categories":[7,1,29,146],"tags":[710,337,709,708,336],"class_list":["post-4652","post","type-post","status-publish","format-standard","has-post-thumbnail","hentry","category-eso-4","category-general","category-portada","category-projectes","tag-csic","tag-gent-gran","tag-idaea","tag-iqac","tag-projecte-crenco"],"post_mailing_queue_ids":[],"_links":{"self":[{"href":"https:\/\/agora.xtec.cat\/iesfrancescmacia\/wp-json\/wp\/v2\/posts\/4652","targetHints":{"allow":["GET"]}}],"collection":[{"href":"https:\/\/agora.xtec.cat\/iesfrancescmacia\/wp-json\/wp\/v2\/posts"}],"about":[{"href":"https:\/\/agora.xtec.cat\/iesfrancescmacia\/wp-json\/wp\/v2\/types\/post"}],"author":[{"embeddable":true,"href":"https:\/\/agora.xtec.cat\/iesfrancescmacia\/wp-json\/wp\/v2\/users\/7"}],"replies":[{"embeddable":true,"href":"https:\/\/agora.xtec.cat\/iesfrancescmacia\/wp-json\/wp\/v2\/comments?post=4652"}],"version-history":[{"count":2,"href":"https:\/\/agora.xtec.cat\/iesfrancescmacia\/wp-json\/wp\/v2\/posts\/4652\/revisions"}],"predecessor-version":[{"id":4666,"href":"https:\/\/agora.xtec.cat\/iesfrancescmacia\/wp-json\/wp\/v2\/posts\/4652\/revisions\/4666"}],"wp:featuredmedia":[{"embeddable":true,"href":"https:\/\/agora.xtec.cat\/iesfrancescmacia\/wp-json\/wp\/v2\/media\/4658"}],"wp:attachment":[{"href":"https:\/\/agora.xtec.cat\/iesfrancescmacia\/wp-json\/wp\/v2\/media?parent=4652"}],"wp:term":[{"taxonomy":"category","embeddable":true,"href":"https:\/\/agora.xtec.cat\/iesfrancescmacia\/wp-json\/wp\/v2\/categories?post=4652"},{"taxonomy":"post_tag","embeddable":true,"href":"https:\/\/agora.xtec.cat\/iesfrancescmacia\/wp-json\/wp\/v2\/tags?post=4652"}],"curies":[{"name":"wp","href":"https:\/\/api.w.org\/{rel}","templated":true}]}}