{"id":4340,"date":"2021-12-13T07:37:56","date_gmt":"2021-12-13T06:37:56","guid":{"rendered":"https:\/\/agora.xtec.cat\/iesfrancescmacia\/?p=4340"},"modified":"2021-12-13T07:37:56","modified_gmt":"2021-12-13T06:37:56","slug":"comprendre-la-revolucio-industrial-a-la-colonia-guell","status":"publish","type":"post","link":"https:\/\/agora.xtec.cat\/iesfrancescmacia\/general\/comprendre-la-revolucio-industrial-a-la-colonia-guell\/","title":{"rendered":"Comprendre la Revoluci\u00f3 Industrial a la Col\u00f2nia G\u00fcell"},"content":{"rendered":"<p><img loading=\"lazy\" decoding=\"async\" class=\"wp-image-4343 alignright\" src=\"https:\/\/agora.xtec.cat\/iesfrancescmacia\/wp-content\/uploads\/usu1660\/2021\/12\/Comprendre-la-Revolucio\u0301-Industrial-a-la-Colo\u0300nia-Gu\u0308ell-768x1024.jpg\" alt=\"\" width=\"325\" height=\"433\" srcset=\"https:\/\/agora.xtec.cat\/iesfrancescmacia\/wp-content\/uploads\/usu1660\/2021\/12\/Comprendre-la-Revolucio\u0301-Industrial-a-la-Colo\u0300nia-Gu\u0308ell-768x1024.jpg 768w, https:\/\/agora.xtec.cat\/iesfrancescmacia\/wp-content\/uploads\/usu1660\/2021\/12\/Comprendre-la-Revolucio\u0301-Industrial-a-la-Colo\u0300nia-Gu\u0308ell-225x300.jpg 225w, https:\/\/agora.xtec.cat\/iesfrancescmacia\/wp-content\/uploads\/usu1660\/2021\/12\/Comprendre-la-Revolucio\u0301-Industrial-a-la-Colo\u0300nia-Gu\u0308ell-1152x1536.jpg 1152w, https:\/\/agora.xtec.cat\/iesfrancescmacia\/wp-content\/uploads\/usu1660\/2021\/12\/Comprendre-la-Revolucio\u0301-Industrial-a-la-Colo\u0300nia-Gu\u0308ell.jpg 1440w\" sizes=\"auto, (max-width: 325px) 100vw, 325px\" \/>Sortir de l\u2019Institut un mat\u00ed i caminar per la Col\u00f2nia G\u00fcell de Santa Coloma de Cervell\u00f3 ens ha fet reviure i imaginar qu\u00e8 va succeir durant els segles XIX i XX durant la industrialitzaci\u00f3 de Catalunya de la m\u00e0 del moviment art\u00edstic del Modernisme.<\/p>\n<p>Aix\u00f2 \u00e9s el que han van escollir el professorat i l\u2019alumnat de quart d\u2019ESO de l\u2019Institut Francesc Maci\u00e0 de Cornell\u00e0 de Llobregat el passat dijous dia 9 de desembre de 2021. Durant el primer trimestre han apr\u00e8s des de l\u2019aula els principals esdeveniments socials, econ\u00f2mics i art\u00edstics que es va relacionar durant la industrialitzaci\u00f3 al nostre pa\u00eds, sobretot la els productes t\u00e8xtils. Tamb\u00e9 hem reflexionat, alumnat i professorat, sobre els actuals canvis socioecon\u00f2mics de la innovaci\u00f3 digital que vivim.<\/p>\n<p>La visita que hem fet ha consistit en un itinerari guiat, amb una proposta d\u2019observacions de base, a m\u00e9s a m\u00e9s de les descobertes que els joves han anat fent. Els joves de quart s\u2019han agrupat en petits grups col\u00b7laboratius i rec\u00f3rrer el recinte industrial, la zona residencial i la Cripta d\u2019Antoni Gaud\u00ed.<\/p>\n<p>Alumnat i docents hem redescobert el patrimoni industrial, fent-nos idea de com va n\u00e9ixer la Col\u00f2nia G\u00fcell al Baix Llobregat, impulsada per l\u2019industrial, pol\u00edtic i mecenes Eusebi G\u00fcell, quina forma de vida tenien els adults i els joves en aquest context hist\u00f2ric, amb treball infantil, difer\u00e8ncies socials de g\u00e8nere i una jornada laboral que arribava a les 14h di\u00e0ries. Tot i aix\u00ed el paternalisme que va impregnar el model de col\u00f2nies t\u00e8xtils va voler cobrir la major part de necessitats de les persones que hi vivien.<\/p>\n<p>L\u2019alumnat s\u2019ho ha passat b\u00e9, descobrint bona part de l\u2019arquitectura industrial i residencial trepitjant els diferents carrers i finalment hem clos l\u2019itinerari a la Cripta de la Col\u00f2nia G\u00fcell, obra mestra declarada Patrimoni de la Humanitat.<\/p>\n\n\t\t<style type=\"text\/css\">\n\t\t\t#gallery-1 {\n\t\t\t\tmargin: auto;\n\t\t\t}\n\t\t\t#gallery-1 .gallery-item {\n\t\t\t\tfloat: left;\n\t\t\t\tmargin-top: 10px;\n\t\t\t\ttext-align: center;\n\t\t\t\twidth: 33%;\n\t\t\t}\n\t\t\t#gallery-1 img {\n\t\t\t\tborder: 2px solid #cfcfcf;\n\t\t\t}\n\t\t\t#gallery-1 .gallery-caption {\n\t\t\t\tmargin-left: 0;\n\t\t\t}\n\t\t\t\/* see gallery_shortcode() in wp-includes\/media.php *\/\n\t\t<\/style>\n\t\t<div id='gallery-1' class='gallery galleryid-4340 gallery-columns-3 gallery-size-large'><dl class='gallery-item'>\n\t\t\t<dt class='gallery-icon landscape'>\n\t\t\t\t<a href='https:\/\/agora.xtec.cat\/iesfrancescmacia\/wp-content\/uploads\/usu1660\/2021\/12\/Comprendre-la-Revolucio\u0301-Industrial-a-la-Colo\u0300nia-Gu\u0308ell-4.jpg'><img loading=\"lazy\" decoding=\"async\" width=\"1024\" height=\"768\" src=\"https:\/\/agora.xtec.cat\/iesfrancescmacia\/wp-content\/uploads\/usu1660\/2021\/12\/Comprendre-la-Revolucio\u0301-Industrial-a-la-Colo\u0300nia-Gu\u0308ell-4-1024x768.jpg\" class=\"attachment-large size-large\" alt=\"\" srcset=\"https:\/\/agora.xtec.cat\/iesfrancescmacia\/wp-content\/uploads\/usu1660\/2021\/12\/Comprendre-la-Revolucio\u0301-Industrial-a-la-Colo\u0300nia-Gu\u0308ell-4-1024x768.jpg 1024w, https:\/\/agora.xtec.cat\/iesfrancescmacia\/wp-content\/uploads\/usu1660\/2021\/12\/Comprendre-la-Revolucio\u0301-Industrial-a-la-Colo\u0300nia-Gu\u0308ell-4-300x225.jpg 300w, https:\/\/agora.xtec.cat\/iesfrancescmacia\/wp-content\/uploads\/usu1660\/2021\/12\/Comprendre-la-Revolucio\u0301-Industrial-a-la-Colo\u0300nia-Gu\u0308ell-4-768x576.jpg 768w, https:\/\/agora.xtec.cat\/iesfrancescmacia\/wp-content\/uploads\/usu1660\/2021\/12\/Comprendre-la-Revolucio\u0301-Industrial-a-la-Colo\u0300nia-Gu\u0308ell-4-1536x1152.jpg 1536w, https:\/\/agora.xtec.cat\/iesfrancescmacia\/wp-content\/uploads\/usu1660\/2021\/12\/Comprendre-la-Revolucio\u0301-Industrial-a-la-Colo\u0300nia-Gu\u0308ell-4-200x150.jpg 200w, https:\/\/agora.xtec.cat\/iesfrancescmacia\/wp-content\/uploads\/usu1660\/2021\/12\/Comprendre-la-Revolucio\u0301-Industrial-a-la-Colo\u0300nia-Gu\u0308ell-4.jpg 1920w\" sizes=\"auto, (max-width: 1024px) 100vw, 1024px\" \/><\/a>\n\t\t\t<\/dt><\/dl><dl class='gallery-item'>\n\t\t\t<dt class='gallery-icon landscape'>\n\t\t\t\t<a href='https:\/\/agora.xtec.cat\/iesfrancescmacia\/wp-content\/uploads\/usu1660\/2021\/12\/Comprendre-la-Revolucio\u0301-Industrial-a-la-Colo\u0300nia-Gu\u0308ell-3.jpg'><img loading=\"lazy\" decoding=\"async\" width=\"1024\" height=\"768\" src=\"https:\/\/agora.xtec.cat\/iesfrancescmacia\/wp-content\/uploads\/usu1660\/2021\/12\/Comprendre-la-Revolucio\u0301-Industrial-a-la-Colo\u0300nia-Gu\u0308ell-3-1024x768.jpg\" class=\"attachment-large size-large\" alt=\"\" srcset=\"https:\/\/agora.xtec.cat\/iesfrancescmacia\/wp-content\/uploads\/usu1660\/2021\/12\/Comprendre-la-Revolucio\u0301-Industrial-a-la-Colo\u0300nia-Gu\u0308ell-3-1024x768.jpg 1024w, https:\/\/agora.xtec.cat\/iesfrancescmacia\/wp-content\/uploads\/usu1660\/2021\/12\/Comprendre-la-Revolucio\u0301-Industrial-a-la-Colo\u0300nia-Gu\u0308ell-3-300x225.jpg 300w, https:\/\/agora.xtec.cat\/iesfrancescmacia\/wp-content\/uploads\/usu1660\/2021\/12\/Comprendre-la-Revolucio\u0301-Industrial-a-la-Colo\u0300nia-Gu\u0308ell-3-768x576.jpg 768w, https:\/\/agora.xtec.cat\/iesfrancescmacia\/wp-content\/uploads\/usu1660\/2021\/12\/Comprendre-la-Revolucio\u0301-Industrial-a-la-Colo\u0300nia-Gu\u0308ell-3-1536x1152.jpg 1536w, https:\/\/agora.xtec.cat\/iesfrancescmacia\/wp-content\/uploads\/usu1660\/2021\/12\/Comprendre-la-Revolucio\u0301-Industrial-a-la-Colo\u0300nia-Gu\u0308ell-3-200x150.jpg 200w, https:\/\/agora.xtec.cat\/iesfrancescmacia\/wp-content\/uploads\/usu1660\/2021\/12\/Comprendre-la-Revolucio\u0301-Industrial-a-la-Colo\u0300nia-Gu\u0308ell-3.jpg 1920w\" sizes=\"auto, (max-width: 1024px) 100vw, 1024px\" \/><\/a>\n\t\t\t<\/dt><\/dl><dl class='gallery-item'>\n\t\t\t<dt class='gallery-icon landscape'>\n\t\t\t\t<a href='https:\/\/agora.xtec.cat\/iesfrancescmacia\/wp-content\/uploads\/usu1660\/2021\/12\/Comprendre-la-Revolucio\u0301-Industrial-a-la-Colo\u0300nia-Gu\u0308ell-2.jpg'><img loading=\"lazy\" decoding=\"async\" width=\"1024\" height=\"768\" src=\"https:\/\/agora.xtec.cat\/iesfrancescmacia\/wp-content\/uploads\/usu1660\/2021\/12\/Comprendre-la-Revolucio\u0301-Industrial-a-la-Colo\u0300nia-Gu\u0308ell-2-1024x768.jpg\" class=\"attachment-large size-large\" alt=\"\" srcset=\"https:\/\/agora.xtec.cat\/iesfrancescmacia\/wp-content\/uploads\/usu1660\/2021\/12\/Comprendre-la-Revolucio\u0301-Industrial-a-la-Colo\u0300nia-Gu\u0308ell-2-1024x768.jpg 1024w, https:\/\/agora.xtec.cat\/iesfrancescmacia\/wp-content\/uploads\/usu1660\/2021\/12\/Comprendre-la-Revolucio\u0301-Industrial-a-la-Colo\u0300nia-Gu\u0308ell-2-300x225.jpg 300w, https:\/\/agora.xtec.cat\/iesfrancescmacia\/wp-content\/uploads\/usu1660\/2021\/12\/Comprendre-la-Revolucio\u0301-Industrial-a-la-Colo\u0300nia-Gu\u0308ell-2-768x576.jpg 768w, https:\/\/agora.xtec.cat\/iesfrancescmacia\/wp-content\/uploads\/usu1660\/2021\/12\/Comprendre-la-Revolucio\u0301-Industrial-a-la-Colo\u0300nia-Gu\u0308ell-2-1536x1152.jpg 1536w, https:\/\/agora.xtec.cat\/iesfrancescmacia\/wp-content\/uploads\/usu1660\/2021\/12\/Comprendre-la-Revolucio\u0301-Industrial-a-la-Colo\u0300nia-Gu\u0308ell-2-200x150.jpg 200w, https:\/\/agora.xtec.cat\/iesfrancescmacia\/wp-content\/uploads\/usu1660\/2021\/12\/Comprendre-la-Revolucio\u0301-Industrial-a-la-Colo\u0300nia-Gu\u0308ell-2.jpg 1920w\" sizes=\"auto, (max-width: 1024px) 100vw, 1024px\" \/><\/a>\n\t\t\t<\/dt><\/dl><br style=\"clear: both\" \/><dl class='gallery-item'>\n\t\t\t<dt class='gallery-icon landscape'>\n\t\t\t\t<a href='https:\/\/agora.xtec.cat\/iesfrancescmacia\/wp-content\/uploads\/usu1660\/2021\/12\/Comprendre-la-Revolucio\u0301-Industrial-a-la-Colo\u0300nia-Gu\u0308ell-5.jpg'><img loading=\"lazy\" decoding=\"async\" width=\"1024\" height=\"768\" src=\"https:\/\/agora.xtec.cat\/iesfrancescmacia\/wp-content\/uploads\/usu1660\/2021\/12\/Comprendre-la-Revolucio\u0301-Industrial-a-la-Colo\u0300nia-Gu\u0308ell-5-1024x768.jpg\" class=\"attachment-large size-large\" alt=\"\" srcset=\"https:\/\/agora.xtec.cat\/iesfrancescmacia\/wp-content\/uploads\/usu1660\/2021\/12\/Comprendre-la-Revolucio\u0301-Industrial-a-la-Colo\u0300nia-Gu\u0308ell-5-1024x768.jpg 1024w, https:\/\/agora.xtec.cat\/iesfrancescmacia\/wp-content\/uploads\/usu1660\/2021\/12\/Comprendre-la-Revolucio\u0301-Industrial-a-la-Colo\u0300nia-Gu\u0308ell-5-300x225.jpg 300w, https:\/\/agora.xtec.cat\/iesfrancescmacia\/wp-content\/uploads\/usu1660\/2021\/12\/Comprendre-la-Revolucio\u0301-Industrial-a-la-Colo\u0300nia-Gu\u0308ell-5-768x576.jpg 768w, https:\/\/agora.xtec.cat\/iesfrancescmacia\/wp-content\/uploads\/usu1660\/2021\/12\/Comprendre-la-Revolucio\u0301-Industrial-a-la-Colo\u0300nia-Gu\u0308ell-5-1536x1152.jpg 1536w, https:\/\/agora.xtec.cat\/iesfrancescmacia\/wp-content\/uploads\/usu1660\/2021\/12\/Comprendre-la-Revolucio\u0301-Industrial-a-la-Colo\u0300nia-Gu\u0308ell-5-200x150.jpg 200w, https:\/\/agora.xtec.cat\/iesfrancescmacia\/wp-content\/uploads\/usu1660\/2021\/12\/Comprendre-la-Revolucio\u0301-Industrial-a-la-Colo\u0300nia-Gu\u0308ell-5.jpg 1920w\" sizes=\"auto, (max-width: 1024px) 100vw, 1024px\" \/><\/a>\n\t\t\t<\/dt><\/dl><dl class='gallery-item'>\n\t\t\t<dt class='gallery-icon landscape'>\n\t\t\t\t<a href='https:\/\/agora.xtec.cat\/iesfrancescmacia\/wp-content\/uploads\/usu1660\/2021\/12\/Comprendre-la-Revolucio\u0301-Industrial-a-la-Colo\u0300nia-Gu\u0308ell-6.jpg'><img loading=\"lazy\" decoding=\"async\" width=\"1024\" height=\"768\" src=\"https:\/\/agora.xtec.cat\/iesfrancescmacia\/wp-content\/uploads\/usu1660\/2021\/12\/Comprendre-la-Revolucio\u0301-Industrial-a-la-Colo\u0300nia-Gu\u0308ell-6-1024x768.jpg\" class=\"attachment-large size-large\" alt=\"\" srcset=\"https:\/\/agora.xtec.cat\/iesfrancescmacia\/wp-content\/uploads\/usu1660\/2021\/12\/Comprendre-la-Revolucio\u0301-Industrial-a-la-Colo\u0300nia-Gu\u0308ell-6-1024x768.jpg 1024w, https:\/\/agora.xtec.cat\/iesfrancescmacia\/wp-content\/uploads\/usu1660\/2021\/12\/Comprendre-la-Revolucio\u0301-Industrial-a-la-Colo\u0300nia-Gu\u0308ell-6-300x225.jpg 300w, https:\/\/agora.xtec.cat\/iesfrancescmacia\/wp-content\/uploads\/usu1660\/2021\/12\/Comprendre-la-Revolucio\u0301-Industrial-a-la-Colo\u0300nia-Gu\u0308ell-6-768x576.jpg 768w, https:\/\/agora.xtec.cat\/iesfrancescmacia\/wp-content\/uploads\/usu1660\/2021\/12\/Comprendre-la-Revolucio\u0301-Industrial-a-la-Colo\u0300nia-Gu\u0308ell-6-1536x1152.jpg 1536w, https:\/\/agora.xtec.cat\/iesfrancescmacia\/wp-content\/uploads\/usu1660\/2021\/12\/Comprendre-la-Revolucio\u0301-Industrial-a-la-Colo\u0300nia-Gu\u0308ell-6-200x150.jpg 200w, https:\/\/agora.xtec.cat\/iesfrancescmacia\/wp-content\/uploads\/usu1660\/2021\/12\/Comprendre-la-Revolucio\u0301-Industrial-a-la-Colo\u0300nia-Gu\u0308ell-6.jpg 1920w\" sizes=\"auto, (max-width: 1024px) 100vw, 1024px\" \/><\/a>\n\t\t\t<\/dt><\/dl>\n\t\t\t<br style='clear: both' \/>\n\t\t<\/div>\n\n","protected":false},"excerpt":{"rendered":"<p>Sortir de l\u2019Institut un mat\u00ed i caminar per la Col\u00f2nia G\u00fcell de Santa Coloma de Cervell\u00f3 ens ha fet reviure i imaginar qu\u00e8 va succeir durant els segles XIX i XX durant la industrialitzaci\u00f3 de Catalunya de la m\u00e0 del moviment art\u00edstic del Modernisme.<br \/>\nAix\u00f2 \u00e9s&hellip;  <a href=\"https:\/\/agora.xtec.cat\/iesfrancescmacia\/general\/comprendre-la-revolucio-industrial-a-la-colonia-guell\/\" title=\"Read Comprendre la Revoluci\u00f3 Industrial a la Col\u00f2nia G\u00fcell\">Llegeix m\u00e9s\u00bb<\/a><\/p>\n","protected":false},"author":7,"featured_media":4345,"comment_status":"closed","ping_status":"closed","sticky":false,"template":"","format":"standard","meta":{"_bbp_topic_count":0,"_bbp_reply_count":0,"_bbp_total_topic_count":0,"_bbp_total_reply_count":0,"_bbp_voice_count":0,"_bbp_anonymous_reply_count":0,"_bbp_topic_count_hidden":0,"_bbp_reply_count_hidden":0,"_bbp_forum_subforum_count":0,"footnotes":""},"categories":[7,1,29,145],"tags":[501,129],"class_list":["post-4340","post","type-post","status-publish","format-standard","has-post-thumbnail","hentry","category-eso-4","category-general","category-portada","category-sortides","tag-colonia-guell","tag-historia"],"post_mailing_queue_ids":[],"_links":{"self":[{"href":"https:\/\/agora.xtec.cat\/iesfrancescmacia\/wp-json\/wp\/v2\/posts\/4340","targetHints":{"allow":["GET"]}}],"collection":[{"href":"https:\/\/agora.xtec.cat\/iesfrancescmacia\/wp-json\/wp\/v2\/posts"}],"about":[{"href":"https:\/\/agora.xtec.cat\/iesfrancescmacia\/wp-json\/wp\/v2\/types\/post"}],"author":[{"embeddable":true,"href":"https:\/\/agora.xtec.cat\/iesfrancescmacia\/wp-json\/wp\/v2\/users\/7"}],"replies":[{"embeddable":true,"href":"https:\/\/agora.xtec.cat\/iesfrancescmacia\/wp-json\/wp\/v2\/comments?post=4340"}],"version-history":[{"count":1,"href":"https:\/\/agora.xtec.cat\/iesfrancescmacia\/wp-json\/wp\/v2\/posts\/4340\/revisions"}],"predecessor-version":[{"id":4347,"href":"https:\/\/agora.xtec.cat\/iesfrancescmacia\/wp-json\/wp\/v2\/posts\/4340\/revisions\/4347"}],"wp:featuredmedia":[{"embeddable":true,"href":"https:\/\/agora.xtec.cat\/iesfrancescmacia\/wp-json\/wp\/v2\/media\/4345"}],"wp:attachment":[{"href":"https:\/\/agora.xtec.cat\/iesfrancescmacia\/wp-json\/wp\/v2\/media?parent=4340"}],"wp:term":[{"taxonomy":"category","embeddable":true,"href":"https:\/\/agora.xtec.cat\/iesfrancescmacia\/wp-json\/wp\/v2\/categories?post=4340"},{"taxonomy":"post_tag","embeddable":true,"href":"https:\/\/agora.xtec.cat\/iesfrancescmacia\/wp-json\/wp\/v2\/tags?post=4340"}],"curies":[{"name":"wp","href":"https:\/\/api.w.org\/{rel}","templated":true}]}}