{"id":4185,"date":"2021-07-06T07:51:13","date_gmt":"2021-07-06T05:51:13","guid":{"rendered":"http:\/\/agora.xtec.cat\/iesfrancescmacia\/?p=4185"},"modified":"2021-07-06T07:51:13","modified_gmt":"2021-07-06T05:51:13","slug":"festa-academica-del-final-deso","status":"publish","type":"post","link":"https:\/\/agora.xtec.cat\/iesfrancescmacia\/general\/festa-academica-del-final-deso\/","title":{"rendered":"Festa acad\u00e8mica del final d&#8217;ESO"},"content":{"rendered":"<p>Dimecres 30 de juny va ser la cita amb els alumnes de 4t que han acabat l&#8217;ESO. Aquests 129 nois i noies, el 90,2% dels matriculats, es van reunir a la sala d&#8217;actes, i van recordar els anys passats a l&#8217;Institut, formant-se i coneixent-se. Emocionats, van rememorar moments viscuts, i, en especial, van homenatjar el company que, des del cel i des del nostre cor, segur que va seguir la celebraci\u00f3.<\/p>\n<p>El discurs del president de l&#8217;AMPA va ser un emocionat record per a les fam\u00edlies absents (per culpa de la pand\u00e8mia). El coordinador, Sr. Sergi Castro, va llegir el discurs del director (absent per una formaci\u00f3 acad\u00e8mica). Els delegats de les classes van pujar a l&#8217;escenari a subratllar com han crescut, en el coneixement acad\u00e8mic, la riquesa de la difer\u00e8ncia, i el respecte mutu. Despr\u00e9s van projectar onze minuts de fotografies, que alg\u00fa extern pensaria que aix\u00f2 \u00e9s Xauxa, perqu\u00e8 nom\u00e9s eren excursions, viatges, festes, i moltes rialles, com si no fessin ni una classe ni un examen. Acte seguit els tutors van lliurar la fotografia de cada curs als seus alumnes. Per acabar els actes de dintre la sala, els de 4tA van oferir diversos regals a la seva tutora, Remei Marqu\u00e8s, en ocasi\u00f3 de la seva jubilaci\u00f3. No sabia com posar-s&#8217;hi per amagar les ll\u00e0grimes.<\/p>\n<p>Finalment, tots van poder gaudir del refrigeri habitual al pati nord, gentilesa de l&#8217;AMPA, punt final de la commemoraci\u00f3. A quarts d&#8217;onze tanc\u00e0vem les portes.<\/p>\n<p>L&#8217;Institut desitja empenta i fortuna als seus alumnes, tant els que marxen a fer nous camins, com els que s&#8217;embarquen de nou a la casa, per fer el batxillerat.<\/p>\n<p><a href=\"https:\/\/agora.xtec.cat\/iesfrancescmacia\/wp-content\/uploads\/usu1660\/2021\/07\/20210630-fi-4t-A-min.jpg\"><img loading=\"lazy\" decoding=\"async\" class=\"aligncenter size-large wp-image-4186\" src=\"https:\/\/agora.xtec.cat\/iesfrancescmacia\/wp-content\/uploads\/usu1660\/2021\/07\/20210630-fi-4t-A-min-1024x761.jpg\" alt=\"\" width=\"1024\" height=\"761\" srcset=\"https:\/\/agora.xtec.cat\/iesfrancescmacia\/wp-content\/uploads\/usu1660\/2021\/07\/20210630-fi-4t-A-min-1024x761.jpg 1024w, https:\/\/agora.xtec.cat\/iesfrancescmacia\/wp-content\/uploads\/usu1660\/2021\/07\/20210630-fi-4t-A-min-300x223.jpg 300w, https:\/\/agora.xtec.cat\/iesfrancescmacia\/wp-content\/uploads\/usu1660\/2021\/07\/20210630-fi-4t-A-min-768x571.jpg 768w, https:\/\/agora.xtec.cat\/iesfrancescmacia\/wp-content\/uploads\/usu1660\/2021\/07\/20210630-fi-4t-A-min-200x150.jpg 200w\" sizes=\"auto, (max-width: 1024px) 100vw, 1024px\" \/><\/a><\/p>\n<p>&nbsp;<\/p>\n","protected":false},"excerpt":{"rendered":"<p>Dimecres 30 de juny va ser la cita amb els alumnes de 4t que han acabat l&#8217;ESO. Aquests 129 nois i noies, el 90,2% dels matriculats, es van reunir a la sala d&#8217;actes, i van recordar els anys passats a l&#8217;Institut, formant-se i coneixent-se. Emocionats,&hellip;  <a href=\"https:\/\/agora.xtec.cat\/iesfrancescmacia\/general\/festa-academica-del-final-deso\/\" title=\"Read Festa acad\u00e8mica del final d&#8217;ESO\">Llegeix m\u00e9s\u00bb<\/a><\/p>\n","protected":false},"author":7,"featured_media":4186,"comment_status":"closed","ping_status":"closed","sticky":false,"template":"","format":"standard","meta":{"_bbp_topic_count":0,"_bbp_reply_count":0,"_bbp_total_topic_count":0,"_bbp_total_reply_count":0,"_bbp_voice_count":0,"_bbp_anonymous_reply_count":0,"_bbp_topic_count_hidden":0,"_bbp_reply_count_hidden":0,"_bbp_forum_subforum_count":0,"footnotes":""},"categories":[7,1,29],"tags":[347,447],"class_list":["post-4185","post","type-post","status-publish","format-standard","has-post-thumbnail","hentry","category-eso-4","category-general","category-portada","tag-ampa","tag-fi-de-curs"],"post_mailing_queue_ids":[],"_links":{"self":[{"href":"https:\/\/agora.xtec.cat\/iesfrancescmacia\/wp-json\/wp\/v2\/posts\/4185","targetHints":{"allow":["GET"]}}],"collection":[{"href":"https:\/\/agora.xtec.cat\/iesfrancescmacia\/wp-json\/wp\/v2\/posts"}],"about":[{"href":"https:\/\/agora.xtec.cat\/iesfrancescmacia\/wp-json\/wp\/v2\/types\/post"}],"author":[{"embeddable":true,"href":"https:\/\/agora.xtec.cat\/iesfrancescmacia\/wp-json\/wp\/v2\/users\/7"}],"replies":[{"embeddable":true,"href":"https:\/\/agora.xtec.cat\/iesfrancescmacia\/wp-json\/wp\/v2\/comments?post=4185"}],"version-history":[{"count":1,"href":"https:\/\/agora.xtec.cat\/iesfrancescmacia\/wp-json\/wp\/v2\/posts\/4185\/revisions"}],"predecessor-version":[{"id":4187,"href":"https:\/\/agora.xtec.cat\/iesfrancescmacia\/wp-json\/wp\/v2\/posts\/4185\/revisions\/4187"}],"wp:featuredmedia":[{"embeddable":true,"href":"https:\/\/agora.xtec.cat\/iesfrancescmacia\/wp-json\/wp\/v2\/media\/4186"}],"wp:attachment":[{"href":"https:\/\/agora.xtec.cat\/iesfrancescmacia\/wp-json\/wp\/v2\/media?parent=4185"}],"wp:term":[{"taxonomy":"category","embeddable":true,"href":"https:\/\/agora.xtec.cat\/iesfrancescmacia\/wp-json\/wp\/v2\/categories?post=4185"},{"taxonomy":"post_tag","embeddable":true,"href":"https:\/\/agora.xtec.cat\/iesfrancescmacia\/wp-json\/wp\/v2\/tags?post=4185"}],"curies":[{"name":"wp","href":"https:\/\/api.w.org\/{rel}","templated":true}]}}