{"id":4029,"date":"2021-05-13T11:46:15","date_gmt":"2021-05-13T09:46:15","guid":{"rendered":"http:\/\/agora.xtec.cat\/iesfrancescmacia\/?p=4029"},"modified":"2021-06-29T08:30:22","modified_gmt":"2021-06-29T06:30:22","slug":"descobrim-els-secrets-de-la-colonia-guell-2","status":"publish","type":"post","link":"https:\/\/agora.xtec.cat\/iesfrancescmacia\/general\/descobrim-els-secrets-de-la-colonia-guell-2\/","title":{"rendered":"Visitem la Col\u00f2nia G\u00fcell"},"content":{"rendered":"<p>Despr\u00e9s d\u2019una breu introducci\u00f3, repartits en grups de treball i amb l\u2019ajuda d\u2019un pl\u00e0nol i un quadern de treball, els alumnes de 4t d&#8217;ESO han realitzat una gimcana de descoberta on havien de completar un \u00e0lbum d\u2019adhesius fent un recorregut per tal de con\u00e8ixer com era la vida a la col\u00f2nia 100 anys enrere.<\/p>\n<p>A la zona industrial han esbrinat com es portava a terme tot el proc\u00e9s de fabricaci\u00f3 t\u00e8xtil. Incl\u00fas han mesurat l\u2019al\u00e7ada de la formidable xemeneia que destaca per sobre tots els edificis. A la zona residencial han observat diferents construccions amb notables elements modernistes com l\u2019escola, Ca l\u2019Espinal o Ca l\u2019Ordal entre d\u2019altres.<\/p>\n<p>Finalment han fet una visita exclusiva a la cripta i han conegut la t\u00e8cnica de construcci\u00f3 basada en l\u2019arc catenari i els diferents materials que Antoni Gaud\u00ed va fer servir per construir la cripta. Han pogut admirar la rica simbologia tant de l\u2019exterior com de l\u2019interior de l\u2019esgl\u00e9sia.<\/p>\n<p>Han estat uns grups molt treballadors i organitzats que han gaudit for\u00e7a descobrint els secrets de la Col\u00f2nia G\u00fcell, tot i haver-nos mullat una mica per la pluja.<\/p>\n<p>Activitat subvencionada pel Departament d\u2019Educaci\u00f3 de l\u2019Ajuntament de Cornell\u00e0.<\/p>\n<p><a href=\"http:\/\/www.cornella.cat\/\"><img loading=\"lazy\" decoding=\"async\" class=\"alignright wp-image-2676 size-full\" src=\"https:\/\/agora.xtec.cat\/iesfrancescmacia\/wp-content\/uploads\/usu1660\/2019\/06\/Logo-Ajuntament-de-Cornella.png\" alt=\"\" width=\"276\" height=\"87\" \/><\/a><\/p>\n<div class=\"addtoany_share_save_container addtoany_content addtoany_content_bottom\">\n<div class=\"a2a_kit a2a_kit_size_25 addtoany_list\" data-a2a-url=\"https:\/\/agora.xtec.cat\/iesfrancescmacia\/general\/teatre-grecollati\/\" data-a2a-title=\"Teatre Grecollat\u00ed: La Com\u00e8dia dels Bessons\"><\/div>\n<\/div>\n<p>&nbsp;<\/p>\n\n\t\t<style type=\"text\/css\">\n\t\t\t#gallery-1 {\n\t\t\t\tmargin: auto;\n\t\t\t}\n\t\t\t#gallery-1 .gallery-item {\n\t\t\t\tfloat: left;\n\t\t\t\tmargin-top: 10px;\n\t\t\t\ttext-align: center;\n\t\t\t\twidth: 33%;\n\t\t\t}\n\t\t\t#gallery-1 img {\n\t\t\t\tborder: 2px solid #cfcfcf;\n\t\t\t}\n\t\t\t#gallery-1 .gallery-caption {\n\t\t\t\tmargin-left: 0;\n\t\t\t}\n\t\t\t\/* see gallery_shortcode() in wp-includes\/media.php *\/\n\t\t<\/style>\n\t\t<div id='gallery-1' class='gallery galleryid-4029 gallery-columns-3 gallery-size-large'><dl class='gallery-item'>\n\t\t\t<dt class='gallery-icon landscape'>\n\t\t\t\t<a href='https:\/\/agora.xtec.cat\/iesfrancescmacia\/wp-content\/uploads\/usu1660\/2021\/05\/Col\u00f2nia-G\u00fcell-1.jpg'><img loading=\"lazy\" decoding=\"async\" width=\"1024\" height=\"490\" src=\"https:\/\/agora.xtec.cat\/iesfrancescmacia\/wp-content\/uploads\/usu1660\/2021\/05\/Col\u00f2nia-G\u00fcell-1-1024x490.jpg\" class=\"attachment-large size-large\" alt=\"\" srcset=\"https:\/\/agora.xtec.cat\/iesfrancescmacia\/wp-content\/uploads\/usu1660\/2021\/05\/Col\u00f2nia-G\u00fcell-1-1024x490.jpg 1024w, https:\/\/agora.xtec.cat\/iesfrancescmacia\/wp-content\/uploads\/usu1660\/2021\/05\/Col\u00f2nia-G\u00fcell-1-300x143.jpg 300w, https:\/\/agora.xtec.cat\/iesfrancescmacia\/wp-content\/uploads\/usu1660\/2021\/05\/Col\u00f2nia-G\u00fcell-1-768x367.jpg 768w\" sizes=\"auto, (max-width: 1024px) 100vw, 1024px\" \/><\/a>\n\t\t\t<\/dt><\/dl><dl class='gallery-item'>\n\t\t\t<dt class='gallery-icon landscape'>\n\t\t\t\t<a href='https:\/\/agora.xtec.cat\/iesfrancescmacia\/wp-content\/uploads\/usu1660\/2021\/05\/Col\u00f2nia-G\u00fcell-6.jpg'><img loading=\"lazy\" decoding=\"async\" width=\"1024\" height=\"490\" src=\"https:\/\/agora.xtec.cat\/iesfrancescmacia\/wp-content\/uploads\/usu1660\/2021\/05\/Col\u00f2nia-G\u00fcell-6-1024x490.jpg\" class=\"attachment-large size-large\" alt=\"\" srcset=\"https:\/\/agora.xtec.cat\/iesfrancescmacia\/wp-content\/uploads\/usu1660\/2021\/05\/Col\u00f2nia-G\u00fcell-6-1024x490.jpg 1024w, https:\/\/agora.xtec.cat\/iesfrancescmacia\/wp-content\/uploads\/usu1660\/2021\/05\/Col\u00f2nia-G\u00fcell-6-300x143.jpg 300w, https:\/\/agora.xtec.cat\/iesfrancescmacia\/wp-content\/uploads\/usu1660\/2021\/05\/Col\u00f2nia-G\u00fcell-6-768x367.jpg 768w\" sizes=\"auto, (max-width: 1024px) 100vw, 1024px\" \/><\/a>\n\t\t\t<\/dt><\/dl><dl class='gallery-item'>\n\t\t\t<dt class='gallery-icon landscape'>\n\t\t\t\t<a href='https:\/\/agora.xtec.cat\/iesfrancescmacia\/wp-content\/uploads\/usu1660\/2021\/05\/Col\u00f2nia-G\u00fcell-5.jpg'><img loading=\"lazy\" decoding=\"async\" width=\"1024\" height=\"490\" src=\"https:\/\/agora.xtec.cat\/iesfrancescmacia\/wp-content\/uploads\/usu1660\/2021\/05\/Col\u00f2nia-G\u00fcell-5-1024x490.jpg\" class=\"attachment-large size-large\" alt=\"\" srcset=\"https:\/\/agora.xtec.cat\/iesfrancescmacia\/wp-content\/uploads\/usu1660\/2021\/05\/Col\u00f2nia-G\u00fcell-5-1024x490.jpg 1024w, https:\/\/agora.xtec.cat\/iesfrancescmacia\/wp-content\/uploads\/usu1660\/2021\/05\/Col\u00f2nia-G\u00fcell-5-300x143.jpg 300w, https:\/\/agora.xtec.cat\/iesfrancescmacia\/wp-content\/uploads\/usu1660\/2021\/05\/Col\u00f2nia-G\u00fcell-5-768x367.jpg 768w\" sizes=\"auto, (max-width: 1024px) 100vw, 1024px\" \/><\/a>\n\t\t\t<\/dt><\/dl><br style=\"clear: both\" \/><dl class='gallery-item'>\n\t\t\t<dt class='gallery-icon portrait'>\n\t\t\t\t<a href='https:\/\/agora.xtec.cat\/iesfrancescmacia\/wp-content\/uploads\/usu1660\/2021\/05\/Col\u00f2nia-G\u00fcell-4.jpg'><img loading=\"lazy\" decoding=\"async\" width=\"490\" height=\"1024\" src=\"https:\/\/agora.xtec.cat\/iesfrancescmacia\/wp-content\/uploads\/usu1660\/2021\/05\/Col\u00f2nia-G\u00fcell-4-490x1024.jpg\" class=\"attachment-large size-large\" alt=\"\" srcset=\"https:\/\/agora.xtec.cat\/iesfrancescmacia\/wp-content\/uploads\/usu1660\/2021\/05\/Col\u00f2nia-G\u00fcell-4-490x1024.jpg 490w, https:\/\/agora.xtec.cat\/iesfrancescmacia\/wp-content\/uploads\/usu1660\/2021\/05\/Col\u00f2nia-G\u00fcell-4-143x300.jpg 143w, https:\/\/agora.xtec.cat\/iesfrancescmacia\/wp-content\/uploads\/usu1660\/2021\/05\/Col\u00f2nia-G\u00fcell-4-768x1606.jpg 768w\" sizes=\"auto, (max-width: 490px) 100vw, 490px\" \/><\/a>\n\t\t\t<\/dt><\/dl><dl class='gallery-item'>\n\t\t\t<dt class='gallery-icon landscape'>\n\t\t\t\t<a href='https:\/\/agora.xtec.cat\/iesfrancescmacia\/wp-content\/uploads\/usu1660\/2021\/05\/Col\u00f2nia-G\u00fcell-3.jpg'><img loading=\"lazy\" decoding=\"async\" width=\"1024\" height=\"768\" src=\"https:\/\/agora.xtec.cat\/iesfrancescmacia\/wp-content\/uploads\/usu1660\/2021\/05\/Col\u00f2nia-G\u00fcell-3-1024x768.jpg\" class=\"attachment-large size-large\" alt=\"\" srcset=\"https:\/\/agora.xtec.cat\/iesfrancescmacia\/wp-content\/uploads\/usu1660\/2021\/05\/Col\u00f2nia-G\u00fcell-3-1024x768.jpg 1024w, https:\/\/agora.xtec.cat\/iesfrancescmacia\/wp-content\/uploads\/usu1660\/2021\/05\/Col\u00f2nia-G\u00fcell-3-300x225.jpg 300w, https:\/\/agora.xtec.cat\/iesfrancescmacia\/wp-content\/uploads\/usu1660\/2021\/05\/Col\u00f2nia-G\u00fcell-3-768x576.jpg 768w, https:\/\/agora.xtec.cat\/iesfrancescmacia\/wp-content\/uploads\/usu1660\/2021\/05\/Col\u00f2nia-G\u00fcell-3-200x150.jpg 200w, https:\/\/agora.xtec.cat\/iesfrancescmacia\/wp-content\/uploads\/usu1660\/2021\/05\/Col\u00f2nia-G\u00fcell-3.jpg 2016w\" sizes=\"auto, (max-width: 1024px) 100vw, 1024px\" \/><\/a>\n\t\t\t<\/dt><\/dl><dl class='gallery-item'>\n\t\t\t<dt class='gallery-icon landscape'>\n\t\t\t\t<a href='https:\/\/agora.xtec.cat\/iesfrancescmacia\/wp-content\/uploads\/usu1660\/2021\/05\/Col\u00f2nia-G\u00fcell-2.jpg'><img loading=\"lazy\" decoding=\"async\" width=\"1024\" height=\"768\" src=\"https:\/\/agora.xtec.cat\/iesfrancescmacia\/wp-content\/uploads\/usu1660\/2021\/05\/Col\u00f2nia-G\u00fcell-2-1024x768.jpg\" class=\"attachment-large size-large\" alt=\"\" srcset=\"https:\/\/agora.xtec.cat\/iesfrancescmacia\/wp-content\/uploads\/usu1660\/2021\/05\/Col\u00f2nia-G\u00fcell-2-1024x768.jpg 1024w, https:\/\/agora.xtec.cat\/iesfrancescmacia\/wp-content\/uploads\/usu1660\/2021\/05\/Col\u00f2nia-G\u00fcell-2-300x225.jpg 300w, https:\/\/agora.xtec.cat\/iesfrancescmacia\/wp-content\/uploads\/usu1660\/2021\/05\/Col\u00f2nia-G\u00fcell-2-768x576.jpg 768w, https:\/\/agora.xtec.cat\/iesfrancescmacia\/wp-content\/uploads\/usu1660\/2021\/05\/Col\u00f2nia-G\u00fcell-2-200x150.jpg 200w, https:\/\/agora.xtec.cat\/iesfrancescmacia\/wp-content\/uploads\/usu1660\/2021\/05\/Col\u00f2nia-G\u00fcell-2.jpg 1416w\" sizes=\"auto, (max-width: 1024px) 100vw, 1024px\" \/><\/a>\n\t\t\t<\/dt><\/dl><br style=\"clear: both\" \/>\n\t\t<\/div>\n\n","protected":false},"excerpt":{"rendered":"<p>Despr\u00e9s d\u2019una breu introducci\u00f3, repartits en grups de treball i amb l\u2019ajuda d\u2019un pl\u00e0nol i un quadern de treball, els alumnes de 4t d&#8217;ESO han realitzat una gimcana de descoberta on havien de completar un \u00e0lbum d\u2019adhesius fent un recorregut per tal de con\u00e8ixer com&hellip;  <a href=\"https:\/\/agora.xtec.cat\/iesfrancescmacia\/general\/descobrim-els-secrets-de-la-colonia-guell-2\/\" title=\"Read Visitem la Col\u00f2nia G\u00fcell\">Llegeix m\u00e9s\u00bb<\/a><\/p>\n","protected":false},"author":7,"featured_media":4031,"comment_status":"closed","ping_status":"closed","sticky":false,"template":"","format":"standard","meta":{"_bbp_topic_count":0,"_bbp_reply_count":0,"_bbp_total_topic_count":0,"_bbp_total_reply_count":0,"_bbp_voice_count":0,"_bbp_anonymous_reply_count":0,"_bbp_topic_count_hidden":0,"_bbp_reply_count_hidden":0,"_bbp_forum_subforum_count":0,"footnotes":""},"categories":[3,7,1,29,145],"tags":[501,129],"class_list":["post-4029","post","type-post","status-publish","format-standard","has-post-thumbnail","hentry","category-eso","category-eso-4","category-general","category-portada","category-sortides","tag-colonia-guell","tag-historia"],"post_mailing_queue_ids":[],"_links":{"self":[{"href":"https:\/\/agora.xtec.cat\/iesfrancescmacia\/wp-json\/wp\/v2\/posts\/4029","targetHints":{"allow":["GET"]}}],"collection":[{"href":"https:\/\/agora.xtec.cat\/iesfrancescmacia\/wp-json\/wp\/v2\/posts"}],"about":[{"href":"https:\/\/agora.xtec.cat\/iesfrancescmacia\/wp-json\/wp\/v2\/types\/post"}],"author":[{"embeddable":true,"href":"https:\/\/agora.xtec.cat\/iesfrancescmacia\/wp-json\/wp\/v2\/users\/7"}],"replies":[{"embeddable":true,"href":"https:\/\/agora.xtec.cat\/iesfrancescmacia\/wp-json\/wp\/v2\/comments?post=4029"}],"version-history":[{"count":3,"href":"https:\/\/agora.xtec.cat\/iesfrancescmacia\/wp-json\/wp\/v2\/posts\/4029\/revisions"}],"predecessor-version":[{"id":4161,"href":"https:\/\/agora.xtec.cat\/iesfrancescmacia\/wp-json\/wp\/v2\/posts\/4029\/revisions\/4161"}],"wp:featuredmedia":[{"embeddable":true,"href":"https:\/\/agora.xtec.cat\/iesfrancescmacia\/wp-json\/wp\/v2\/media\/4031"}],"wp:attachment":[{"href":"https:\/\/agora.xtec.cat\/iesfrancescmacia\/wp-json\/wp\/v2\/media?parent=4029"}],"wp:term":[{"taxonomy":"category","embeddable":true,"href":"https:\/\/agora.xtec.cat\/iesfrancescmacia\/wp-json\/wp\/v2\/categories?post=4029"},{"taxonomy":"post_tag","embeddable":true,"href":"https:\/\/agora.xtec.cat\/iesfrancescmacia\/wp-json\/wp\/v2\/tags?post=4029"}],"curies":[{"name":"wp","href":"https:\/\/api.w.org\/{rel}","templated":true}]}}